{"id":21761,"date":"2025-04-13T08:44:07","date_gmt":"2025-04-13T08:44:07","guid":{"rendered":"https:\/\/www.europesays.com\/fr\/21761\/"},"modified":"2025-04-13T08:44:07","modified_gmt":"2025-04-13T08:44:07","slug":"le-tournoi-de-petanque-se-termine-dans-le-sang-pres-de-lyon-trois-gens-du-voyage-interpelles","status":"publish","type":"post","link":"https:\/\/www.europesays.com\/fr\/21761\/","title":{"rendered":"le tournoi de p\u00e9tanque se termine dans le sang pr\u00e8s de Lyon, trois gens du voyage interpell\u00e9s"},"content":{"rendered":"<p>\u00ab\u00a0Tu frappes ou tu pointes ?\u00a0\u00bb : le tournoi de p\u00e9tanque se termine dans le sang pr\u00e8s de Lyon, trois gens du voyage interpell\u00e9s &#8211; LyonMag<\/p>\n<p itemprop=\"description\"><strong>Mardi matin, la gendarmerie a proc\u00e9d\u00e9 \u00e0 l&rsquo;interpellation de trois trentenaires \u00e0 Tarare.<\/strong><\/p>\n<p>Issus de la communaut\u00e9 des gens du voyage, ces individus sont soup\u00e7onn\u00e9s d&rsquo;avoir commis des violences l&rsquo;\u00e9t\u00e9 dernier dans la commune rhodanienne.<\/p>\n<p>Le 28 ao\u00fbt 2024, \u00e0 l&rsquo;occasion d&rsquo;un tournoi de p\u00e9tanque, deux participants avaient \u00e9t\u00e9 pass\u00e9s \u00e0 tabac dans des circonstances non communiqu\u00e9es par le parquet de Villefranche-sur-Sa\u00f4ne. L&rsquo;une des victimes avait obtenu 10 jours.<\/p>\n<p>Plac\u00e9s en d\u00e9tention provisoire, les trois hommes ont \u00e9t\u00e9 jug\u00e9s par le tribunal correctionnel caladois en fin de semaine.<\/p>\n","protected":false},"excerpt":{"rendered":"\u00ab\u00a0Tu frappes ou tu pointes ?\u00a0\u00bb : le tournoi de p\u00e9tanque se termine dans le sang pr\u00e8s de&hellip;\n","protected":false},"author":2,"featured_media":21762,"comment_status":"","ping_status":"","sticky":false,"template":"","format":"standard","meta":{"footnotes":""},"categories":[1889],"tags":[1111,11,2813,2190,2430,1109,251,1112,2811,1777,674,118,1011,27,1922,1110,1114,2428,2810,12,241,316,25,2812,517,800],"class_list":{"0":"post-21761","1":"post","2":"type-post","3":"status-publish","4":"format-standard","5":"has-post-thumbnail","7":"category-lyon","8":"tag-actu","9":"tag-actualites","10":"tag-article","11":"tag-asvel","12":"tag-auvergne-rhone-alpes","13":"tag-breves","14":"tag-culture","15":"tag-depeches","16":"tag-economique","17":"tag-eu","18":"tag-europe","19":"tag-faits-divers","20":"tag-fr","21":"tag-france","22":"tag-info","23":"tag-informations","24":"tag-infos","25":"tag-lyon","26":"tag-lyonmag","27":"tag-news","28":"tag-ol","29":"tag-politique","30":"tag-republique-francaise","31":"tag-sociale","32":"tag-sport","33":"tag-transports"},"share_on_mastodon":{"url":"https:\/\/pubeurope.com\/@fr\/114329777959159808","error":""},"_links":{"self":[{"href":"https:\/\/www.europesays.com\/fr\/wp-json\/wp\/v2\/posts\/21761","targetHints":{"allow":["GET"]}}],"collection":[{"href":"https:\/\/www.europesays.com\/fr\/wp-json\/wp\/v2\/posts"}],"about":[{"href":"https:\/\/www.europesays.com\/fr\/wp-json\/wp\/v2\/types\/post"}],"author":[{"embeddable":true,"href":"https:\/\/www.europesays.com\/fr\/wp-json\/wp\/v2\/users\/2"}],"replies":[{"embeddable":true,"href":"https:\/\/www.europesays.com\/fr\/wp-json\/wp\/v2\/comments?post=21761"}],"version-history":[{"count":0,"href":"https:\/\/www.europesays.com\/fr\/wp-json\/wp\/v2\/posts\/21761\/revisions"}],"wp:featuredmedia":[{"embeddable":true,"href":"https:\/\/www.europesays.com\/fr\/wp-json\/wp\/v2\/media\/21762"}],"wp:attachment":[{"href":"https:\/\/www.europesays.com\/fr\/wp-json\/wp\/v2\/media?parent=21761"}],"wp:term":[{"taxonomy":"category","embeddable":true,"href":"https:\/\/www.europesays.com\/fr\/wp-json\/wp\/v2\/categories?post=21761"},{"taxonomy":"post_tag","embeddable":true,"href":"https:\/\/www.europesays.com\/fr\/wp-json\/wp\/v2\/tags?post=21761"}],"curies":[{"name":"wp","href":"https:\/\/api.w.org\/{rel}","templated":true}]}}