{"id":217636,"date":"2025-07-01T07:46:14","date_gmt":"2025-07-01T07:46:14","guid":{"rendered":"https:\/\/www.europesays.com\/fr\/217636\/"},"modified":"2025-07-01T07:46:14","modified_gmt":"2025-07-01T07:46:14","slug":"la-canicule-vire-au-rouge-bayrou-pas-vraiment-menace-et-municipales-a-paris","status":"publish","type":"post","link":"https:\/\/www.europesays.com\/fr\/217636\/","title":{"rendered":"La canicule vire au rouge, Bayrou pas vraiment menac\u00e9 et municipales \u00e0 Paris"},"content":{"rendered":"<p>Vous avez manqu\u00e9 les infos de ce d\u00e9but de matin\u00e9e\u00a0? On vous a concoct\u00e9 un r\u00e9cap pour vous aider \u00e0 y voir plus clair et briller \u00e0 la machine \u00e0 caf\u00e9.<\/p>\n<p>La France n\u2019en a pas fini avec la chaleur. Ce mardi, ce sont m\u00eame 16 d\u00e9partements qui sont en vigilance rouge <a href=\"https:\/\/www.20minutes.fr\/dossier\/canicule\" target=\"_blank\" class=\"color-ultramarine c-link\" rel=\"noopener\">canicule<\/a> et ils vont le rester mercredi selon le dernier bulletin de <a href=\"https:\/\/www.20minutes.fr\/dossier\/meteo_france\" target=\"_blank\" class=\"color-ultramarine c-link\" rel=\"noopener\">M\u00e9t\u00e9o-France<\/a>. Parmi eux tous les d\u00e9partements d\u2019\u00cele-de-France, mais aussi ceux de la r\u00e9gion Centre (sauf l\u2019Eure-et-Loir) ainsi que l\u2019Aube, l\u2019Yonne et la Vienne. Au niveau national, 68 d\u00e9partements restent en vigilance orange. Il faudra donc s\u2019attendre \u00e0 des minimales de 23-24\u00a0\u00b0C dans le Sud, et des maximales atteignant 36\u00a0\u00b0C, voire 41\u00a0\u00b0C dans les d\u00e9partements en vigilance rouge. Cette vague de chaleur intense, <a href=\"https:\/\/www.20minutes.fr\/monde\/espagne\/4161254-20250701-canicule-espagne-italie-france-portugal-chaleur-extreme-frappe-ensemble-sud-europe\" target=\"_blank\" class=\"color-ultramarine c-link\" rel=\"noopener\">qui touche tout le sud de l\u2019Europe<\/a>, devrait \u00eatre moins suffocante \u00e0 partir de jeudi.<\/p>\n<\/p>\n<p>Le mercato \u00e0 la t\u00eate du gouvernement voulu par la gauche ne devrait pas avoir lieu ce mardi. Le nom du locataire de Matignon restera tr\u00e8s probablement le m\u00eame \u00e0 la fin de la journ\u00e9e. <a href=\"https:\/\/www.20minutes.fr\/politique\/francois_bayrou\/\" target=\"_blank\" class=\"color-ultramarine c-link\" rel=\"noopener\">Fran\u00e7ois Bayrou<\/a> devrait en effet survivre \u00e0 sa huiti\u00e8me motion de censure, d\u00e9pos\u00e9e par le <a href=\"https:\/\/www.20minutes.fr\/politique\/ps\/\" target=\"_blank\" class=\"color-ultramarine c-link\" rel=\"noopener\">PS<\/a> sur les retraites. Car le <a href=\"https:\/\/www.20minutes.fr\/politique\/rassemblement-national\/\" target=\"_blank\" class=\"color-ultramarine c-link\" rel=\"noopener\">RN<\/a> ne compte pas voter cette motion, lui \u00f4tant toute chance d\u2019atteindre les 289 voix n\u00e9cessaires. Mais le Rassemblement national ne donne pas pour autant un blanc-seing au chef du gouvernement, il lui accorde seulement un sursis de quelques semaines pour voir \u00ab\u00a0sa feuille de route\u00a0\u00bb. La rentr\u00e9e s\u2019annonce donc houleuse pour le Premier ministre, qui devra naviguer entre les menaces de censure de la gauche et du RN pour trouver 40\u00a0milliards d\u2019euros d\u2019\u00e9conomies.<\/p>\n<p>Les socialistes ont leur candidat pour les municipales \u00e0 Paris. A 47 ans, Emmanuel Gr\u00e9goire a \u00e9t\u00e9 investi par le Parti socialiste avec 52,7\u00a0% des voix. Et il a d\u2019ores et d\u00e9j\u00e0 promis de \u00ab\u00a0r\u00e9concilier les Parisiens\u00a0\u00bb avec une campagne \u00ab\u00a0populaire, militante et joyeuse\u00a0\u00bb. Mais le plus dur sera s\u00fbrement pour lui de r\u00e9concilier son camp. Ses relations avec <a href=\"https:\/\/www.20minutes.fr\/dossier\/anne_hidalgo\" target=\"_blank\" class=\"color-ultramarine c-link\" rel=\"noopener\">Anne Hidalgo<\/a>, dont il \u00e9tait le premier adjoint, se sont en effet fortement d\u00e9grad\u00e9es depuis\u00a02022, au point que la maire refuse de le soutenir, mais il continue de louer leur collaboration pass\u00e9e en disant \u00eatre \u00ab\u00a0fier d\u2019avoir transform\u00e9 Paris\u00a0\u00bb avec elle. Il devra ensuite se mesurer \u00e0 droite \u00e0 <a href=\"https:\/\/www.20minutes.fr\/politique\/rachida_dati\" target=\"_blank\" class=\"color-ultramarine c-link\" rel=\"noopener\">Rachida Dati<\/a>, elle aussi d\u00e9sireuse de prendre la t\u00eate de la capitale.<\/p>\n","protected":false},"excerpt":{"rendered":"Vous avez manqu\u00e9 les infos de ce d\u00e9but de matin\u00e9e\u00a0? On vous a concoct\u00e9 un r\u00e9cap pour vous&hellip;\n","protected":false},"author":2,"featured_media":217637,"comment_status":"","ping_status":"","sticky":false,"template":"","format":"standard","meta":{"footnotes":""},"categories":[1888],"tags":[1111,1928,47,11,1927,2618,416,6698,13208,2761,1777,674,1011,27,431,662,2357,26542,12,1926,626,1925,4484,316,417,2556,25,104,4804,133],"class_list":{"0":"post-217636","1":"post","2":"type-post","3":"status-publish","4":"format-standard","5":"has-post-thumbnail","7":"category-paris","8":"tag-actu","9":"tag-actu-paris","10":"tag-actualite","11":"tag-actualites","12":"tag-actualites-paris","13":"tag-anne-hidalgo","14":"tag-assemblee-nationale","15":"tag-canicule","16":"tag-chaleur","17":"tag-elections-municipales-2026","18":"tag-eu","19":"tag-europe","20":"tag-fr","21":"tag-france","22":"tag-francois-bayrou","23":"tag-ile-de-france","24":"tag-meteo-france","25":"tag-motion-de-censure","26":"tag-news","27":"tag-news-paris","28":"tag-paris","29":"tag-paris-news","30":"tag-parti-socialiste-ps","31":"tag-politique","32":"tag-rachida-dati","33":"tag-rassemblement-national-rn","34":"tag-republique-francaise","35":"tag-societe","36":"tag-toute-linfo-en-2-minutes","37":"tag-video"},"share_on_mastodon":{"url":"https:\/\/pubeurope.com\/@fr\/114776872319485123","error":""},"_links":{"self":[{"href":"https:\/\/www.europesays.com\/fr\/wp-json\/wp\/v2\/posts\/217636","targetHints":{"allow":["GET"]}}],"collection":[{"href":"https:\/\/www.europesays.com\/fr\/wp-json\/wp\/v2\/posts"}],"about":[{"href":"https:\/\/www.europesays.com\/fr\/wp-json\/wp\/v2\/types\/post"}],"author":[{"embeddable":true,"href":"https:\/\/www.europesays.com\/fr\/wp-json\/wp\/v2\/users\/2"}],"replies":[{"embeddable":true,"href":"https:\/\/www.europesays.com\/fr\/wp-json\/wp\/v2\/comments?post=217636"}],"version-history":[{"count":0,"href":"https:\/\/www.europesays.com\/fr\/wp-json\/wp\/v2\/posts\/217636\/revisions"}],"wp:featuredmedia":[{"embeddable":true,"href":"https:\/\/www.europesays.com\/fr\/wp-json\/wp\/v2\/media\/217637"}],"wp:attachment":[{"href":"https:\/\/www.europesays.com\/fr\/wp-json\/wp\/v2\/media?parent=217636"}],"wp:term":[{"taxonomy":"category","embeddable":true,"href":"https:\/\/www.europesays.com\/fr\/wp-json\/wp\/v2\/categories?post=217636"},{"taxonomy":"post_tag","embeddable":true,"href":"https:\/\/www.europesays.com\/fr\/wp-json\/wp\/v2\/tags?post=217636"}],"curies":[{"name":"wp","href":"https:\/\/api.w.org\/{rel}","templated":true}]}}