{"id":217644,"date":"2025-07-01T07:50:15","date_gmt":"2025-07-01T07:50:15","guid":{"rendered":"https:\/\/www.europesays.com\/fr\/217644\/"},"modified":"2025-07-01T07:50:15","modified_gmt":"2025-07-01T07:50:15","slug":"la-russie-convoque-lambassadeur-dazerbaidjan-suite-a-la-detention-de-journalistes-et-a-une-descente-dans-les-locaux-de-sputnik-azerbaidjan","status":"publish","type":"post","link":"https:\/\/www.europesays.com\/fr\/217644\/","title":{"rendered":"La Russie convoque l&rsquo;ambassadeur d&rsquo;Azerba\u00efdjan suite \u00e0 la d\u00e9tention de journalistes et \u00e0 une descente dans les locaux de Sputnik Azerba\u00efdjan"},"content":{"rendered":"<p>Le minist\u00e8re russe des Affaires \u00e9trang\u00e8res a convoqu\u00e9 l\u2019ambassadeur d\u2019Azerba\u00efdjan, Rakhman Mustafayev, pour protester contre ce qu\u2019il a qualifi\u00e9 d\u2019\u00ab actions hostiles \u00bb de la part de Bakou, notamment la d\u00e9tention ill\u00e9gale de journalistes russes et une op\u00e9ration polici\u00e8re visant l\u2019agence de presse Sputnik Azerba\u00efdjan.<\/p>\n<p>\u00ab Compte tenu des actions hostiles de Bakou et de la d\u00e9tention ill\u00e9gale de journalistes russes, contre lesquels les autorit\u00e9s azerba\u00efdjanaises n\u2019avaient aucune plainte depuis des ann\u00e9es, l\u2019ambassadeur de la R\u00e9publique d\u2019Azerba\u00efdjan a \u00e9t\u00e9 convoqu\u00e9 au minist\u00e8re des Affaires \u00e9trang\u00e8res \u00bb, a d\u00e9clar\u00e9 le minist\u00e8re \u00e0 l\u2019agence TASS.<\/p>\n<p>Les tensions se sont exacerb\u00e9es \u00e0 la suite d\u2019une descente des forces de l\u2019ordre azerba\u00efdjanaises dans les bureaux de Sputnik Azerba\u00efdjan, une filiale locale du groupe m\u00e9diatique russe affili\u00e9 \u00e0 l\u2019\u00c9tat. Le minist\u00e8re azerba\u00efdjanais de l\u2019Int\u00e9rieur a confirm\u00e9 qu\u2019une op\u00e9ration avait \u00e9t\u00e9 men\u00e9e, mais n\u2019a fourni aucune pr\u00e9cision sur sa base juridique ni sur ses r\u00e9sultats.<\/p>\n<p>Selon la r\u00e9dactrice en chef de RT, Margarita Simonyan, les employ\u00e9s du bureau de Sputnik Azerba\u00efdjan ont cess\u00e9 toute communication apr\u00e8s l\u2019op\u00e9ration, ce qui a suscit\u00e9 des inqui\u00e9tudes \u00e0 Moscou quant \u00e0 leur s\u00e9curit\u00e9 et \u00e0 la transparence des actions des autorit\u00e9s azerba\u00efdjanaises.<\/p>\n<p>Moscou a exig\u00e9 des explications et la lib\u00e9ration imm\u00e9diate de tous les journalistes d\u00e9tenus, soulignant que les m\u00e9dias ne devaient pas devenir la cible de d\u00e9saccords politiques.<\/p>\n","protected":false},"excerpt":{"rendered":"Le minist\u00e8re russe des Affaires \u00e9trang\u00e8res a convoqu\u00e9 l\u2019ambassadeur d\u2019Azerba\u00efdjan, Rakhman Mustafayev, pour protester contre ce qu\u2019il a&hellip;\n","protected":false},"author":2,"featured_media":217645,"comment_status":"","ping_status":"","sticky":false,"template":"","format":"standard","meta":{"footnotes":""},"categories":[1591],"tags":[11,15149,312,1887,12,1885,1886,132],"class_list":{"0":"post-217644","1":"post","2":"type-post","3":"status-publish","4":"format-standard","5":"has-post-thumbnail","7":"category-russie","8":"tag-actualites","9":"tag-azerbaidjan","10":"tag-diplomatie","11":"tag-federation-de-russie","12":"tag-news","13":"tag-russia","14":"tag-russian-federation","15":"tag-russie"},"share_on_mastodon":{"url":"https:\/\/pubeurope.com\/@fr\/114776888013380076","error":""},"_links":{"self":[{"href":"https:\/\/www.europesays.com\/fr\/wp-json\/wp\/v2\/posts\/217644","targetHints":{"allow":["GET"]}}],"collection":[{"href":"https:\/\/www.europesays.com\/fr\/wp-json\/wp\/v2\/posts"}],"about":[{"href":"https:\/\/www.europesays.com\/fr\/wp-json\/wp\/v2\/types\/post"}],"author":[{"embeddable":true,"href":"https:\/\/www.europesays.com\/fr\/wp-json\/wp\/v2\/users\/2"}],"replies":[{"embeddable":true,"href":"https:\/\/www.europesays.com\/fr\/wp-json\/wp\/v2\/comments?post=217644"}],"version-history":[{"count":0,"href":"https:\/\/www.europesays.com\/fr\/wp-json\/wp\/v2\/posts\/217644\/revisions"}],"wp:featuredmedia":[{"embeddable":true,"href":"https:\/\/www.europesays.com\/fr\/wp-json\/wp\/v2\/media\/217645"}],"wp:attachment":[{"href":"https:\/\/www.europesays.com\/fr\/wp-json\/wp\/v2\/media?parent=217644"}],"wp:term":[{"taxonomy":"category","embeddable":true,"href":"https:\/\/www.europesays.com\/fr\/wp-json\/wp\/v2\/categories?post=217644"},{"taxonomy":"post_tag","embeddable":true,"href":"https:\/\/www.europesays.com\/fr\/wp-json\/wp\/v2\/tags?post=217644"}],"curies":[{"name":"wp","href":"https:\/\/api.w.org\/{rel}","templated":true}]}}