{"id":217651,"date":"2025-07-01T07:54:24","date_gmt":"2025-07-01T07:54:24","guid":{"rendered":"https:\/\/www.europesays.com\/fr\/217651\/"},"modified":"2025-07-01T07:54:24","modified_gmt":"2025-07-01T07:54:24","slug":"les-bleuets-cruellement-sortis-par-lallemagne","status":"publish","type":"post","link":"https:\/\/www.europesays.com\/fr\/217651\/","title":{"rendered":"les Bleuets cruellement sortis par l&rsquo;Allemagne"},"content":{"rendered":"<p>Cette fois pas de miracle. Plomb\u00e9e par deux buts rapidement encaiss\u00e9s, l&rsquo;\u00e9quipe de France Espoirs s&rsquo;est inclin\u00e9e 3-0 face \u00e0 l&rsquo;Allemagne en demi-finale de l&rsquo;Euro-2025 mercredi \u00e0 Kosice (Slovaquie), enterrant ainsi ses r\u00eaves de titre.<\/p>\n<p>La marche \u00e9tait d\u00e9j\u00e0 haute face \u00e0 la Mannschaft espoir, favorite de la comp\u00e9tition, les joueurs de G\u00e9rald Baticle se la sont rendue impossible \u00e0 franchir \u00e0 cause de deux erreurs d\u00e9fensives pr\u00e9coces qu&rsquo;ils n&rsquo;ont, cette fois-ci, pas su rattraper.<\/p>\n<p><a href=\"https:\/\/www.ledauphine.com\/sport\/2025\/06\/14\/euro-espoirs-pour-son-deuxieme-match-la-france-doit-monter-en-gamme-contre-la-georgie\" target=\"_blank\" rel=\"nofollow noopener\">Pas de sc\u00e9nario comme face \u00e0 la G\u00e9orgie en phase de poule, o\u00f9 ils avaient \u00e9vit\u00e9 une \u00e9limination pr\u00e9coce dans le temps additionnel<\/a>, ni comme <a href=\"https:\/\/www.ledauphine.com\/sport\/2025\/06\/22\/euro-espoirs-les-bleuets-en-demi-finale-apres-avoir-renverse-le-danemark\" target=\"_blank\" rel=\"nofollow noopener\">face au Danemark en quart o\u00f9 ils s&rsquo;\u00e9taient qualifi\u00e9s<\/a> pour la demie en renversant les Scandinaves pourtant devant au score jusqu&rsquo;\u00e0 la 84e minute.<\/p>\n<p>Au contraire, profitant de ses deux buts d&rsquo;avance, c&rsquo;est l&rsquo;Allemagne qui, dans les toutes derni\u00e8res minutes, a port\u00e9 l&rsquo;estocade en inscrivant un troisi\u00e8me but par Brajan Gruda apr\u00e8s l&rsquo;aide de l&rsquo;arbitrage vid\u00e9o 3-0, 90e+3). Le sort de la partie \u00e9tait d\u00e9j\u00e0 scell\u00e9 depuis longtemps.<\/p>\n<p>La d\u00e9fense prend l\u2019eau<\/p>\n<p>D\u00e8s la 8e minute, \u00e0 la suite d&rsquo;une mauvaise relance de Soungoutou Magassa, titularis\u00e9 \u00e0 la place du capitaine habituel, Chrislain Matsima, Paul Nebel s&rsquo;est appuy\u00e9 en une-deux sur le g\u00e9ant Nick Woltemade sur un une-deux et frapp\u00e9 de pr\u00e8s, mais Guillaume Restes est parvenu \u00e0 d\u00e9vier sur sa barre. Le portier fran\u00e7ais n&rsquo;a rien pu faire quand Nelson Weiper, \u00e0 l&rsquo;aff\u00fbt, a repris de vol\u00e9e la balle qu&rsquo;il a gliss\u00e9e dans le but vide (1-0).<\/p>\n<p>Quelques minutes plus tard, Woltemade, meilleur buteur de la comp\u00e9tition, a vol\u00e9 un ballon dans les pieds de Magassa \u00e0 l&rsquo;entr\u00e9e de la surface et inscrit, en deux temps, son sixi\u00e8me but du tournoi (2-0, 14e).<\/p>\n<p>L&rsquo;orage pass\u00e9, les Fran\u00e7ais, emmen\u00e9s par le Rennais Djaoui Ciss\u00e9, v\u00e9ritable r\u00e9v\u00e9lation de l&rsquo;Euro, et leur capitaine d&rsquo;un soir, Quentin Merlin, se sont ru\u00e9s \u00e0 l&rsquo;assaut du but de Noah Atubolu, le gardien allemand, se procurant deux occasions franches \u00e0 la 19e minute sur un tir pas assez appuy\u00e9 de Wilson Odobert et sur un centre de <a href=\"https:\/\/www.ledauphine.com\/p\/kiliann-sildillia\" target=\"_blank\" rel=\"nofollow noopener\">Kiliann Sildillia<\/a> que Matthis Abline n&rsquo;a pu qu&rsquo;effleurer de la t\u00eate (37e).<\/p>\n<p>A la mi-temps, l&rsquo;avant-centre de Nantes a laiss\u00e9 sa place \u00e0 Thierno Barry qui s&rsquo;est imm\u00e9diatement illustr\u00e9 en reprenant aux six m\u00e8tres un centre de Merlin, butant toutefois sur Atubolu vigilant (46e).<\/p>\n<p>Le gardien allemand a sorti un v\u00e9ritable exploit sur sa ligne lorsqu&rsquo;il a repouss\u00e9 une t\u00eate du m\u00eame Barry sur sa ligne apr\u00e8s un centre de <a href=\"https:\/\/www.ledauphine.com\/p\/loum-tchaouna\" target=\"_blank\" rel=\"nofollow noopener\">Loum Tchaouna<\/a> (68e), puis il a \u00e9t\u00e9 sauv\u00e9 par son poteau en toute fin de rencontre sur une t\u00eate du remuant Barry, encore lui.<\/p>\n<p>Devant au score, s\u00fbre de sa force, la jeune Mannschaft a en r\u00e9alit\u00e9 laiss\u00e9 le ballon aux Fran\u00e7ais, d\u00e9fendant tr\u00e8s bas et proc\u00e9dant en contres, sans son efficacit\u00e9 du premier quart d&rsquo;heure, sans jamais non plus \u00eatre v\u00e9ritablement en danger.<\/p>\n<p>Allemagne-Angleterre, finale r\u00eav\u00e9e<\/p>\n<p>En finale, elle d\u00e9fiera l&rsquo;Angleterre, tenante du titre, qu&rsquo;elle avait battue 2-1 lors du dernier match de la phase de groupe, alors que les deux \u00e9quipes \u00e9taient d\u00e9j\u00e0 qualifi\u00e9es. Un match au sommet entre les deux favoris de la comp\u00e9tition.<\/p>\n<p>La France, qui signe tout de m\u00eame son meilleur r\u00e9sultat dans un Euro Espoirs depuis 2019, pourra regretter sa pr\u00e9paration tronqu\u00e9e durant laquelle G\u00e9rald Baticle et son staff, priv\u00e9s d&rsquo;une dizaine de joueurs, ont d\u00fb reb\u00e2tir un groupe \u00e0 la h\u00e2te et red\u00e9finir un plan de jeu en fonction des nouveaux joueurs ayant rejoint l&rsquo;\u00e9quipe tardivement.<\/p>\n<p>Cela aura permis l&rsquo;\u00e9closion de Ciss\u00e9, promis \u00e0 un avenir radieux, la confirmation de <a href=\"https:\/\/www.ledauphine.com\/p\/castello-lukeba\" target=\"_blank\" rel=\"nofollow noopener\">Castello Lukeba<\/a>, d\u00e9j\u00e0 une s\u00e9lection avec les \u00ab A \u00bb et patron de la d\u00e9fense des Bleuets. Cela aura \u00e9t\u00e9 trop juste pour se hisser jusqu&rsquo;en finale. <\/p>\n","protected":false},"excerpt":{"rendered":"Cette fois pas de miracle. Plomb\u00e9e par deux buts rapidement encaiss\u00e9s, l&rsquo;\u00e9quipe de France Espoirs s&rsquo;est inclin\u00e9e 3-0&hellip;\n","protected":false},"author":2,"featured_media":217652,"comment_status":"","ping_status":"","sticky":false,"template":"","format":"standard","meta":{"footnotes":""},"categories":[1587],"tags":[11,672,1804,1805,1803,1777,674,107,63,1801,12,1802,517,1947],"class_list":{"0":"post-217651","1":"post","2":"type-post","3":"status-publish","4":"format-standard","5":"has-post-thumbnail","7":"category-allemagne","8":"tag-actualites","9":"tag-allemagne","10":"tag-bundesrepublik-deutschland","11":"tag-de","12":"tag-deutschland","13":"tag-eu","14":"tag-europe","15":"tag-fil-info","16":"tag-football","17":"tag-germany","18":"tag-news","19":"tag-republique-federale-dallemagne","20":"tag-sport","21":"tag-sport-national"},"share_on_mastodon":{"url":"https:\/\/pubeurope.com\/@fr\/114776903789291819","error":""},"_links":{"self":[{"href":"https:\/\/www.europesays.com\/fr\/wp-json\/wp\/v2\/posts\/217651","targetHints":{"allow":["GET"]}}],"collection":[{"href":"https:\/\/www.europesays.com\/fr\/wp-json\/wp\/v2\/posts"}],"about":[{"href":"https:\/\/www.europesays.com\/fr\/wp-json\/wp\/v2\/types\/post"}],"author":[{"embeddable":true,"href":"https:\/\/www.europesays.com\/fr\/wp-json\/wp\/v2\/users\/2"}],"replies":[{"embeddable":true,"href":"https:\/\/www.europesays.com\/fr\/wp-json\/wp\/v2\/comments?post=217651"}],"version-history":[{"count":0,"href":"https:\/\/www.europesays.com\/fr\/wp-json\/wp\/v2\/posts\/217651\/revisions"}],"wp:featuredmedia":[{"embeddable":true,"href":"https:\/\/www.europesays.com\/fr\/wp-json\/wp\/v2\/media\/217652"}],"wp:attachment":[{"href":"https:\/\/www.europesays.com\/fr\/wp-json\/wp\/v2\/media?parent=217651"}],"wp:term":[{"taxonomy":"category","embeddable":true,"href":"https:\/\/www.europesays.com\/fr\/wp-json\/wp\/v2\/categories?post=217651"},{"taxonomy":"post_tag","embeddable":true,"href":"https:\/\/www.europesays.com\/fr\/wp-json\/wp\/v2\/tags?post=217651"}],"curies":[{"name":"wp","href":"https:\/\/api.w.org\/{rel}","templated":true}]}}