{"id":217677,"date":"2025-07-01T08:11:11","date_gmt":"2025-07-01T08:11:11","guid":{"rendered":"https:\/\/www.europesays.com\/fr\/217677\/"},"modified":"2025-07-01T08:11:11","modified_gmt":"2025-07-01T08:11:11","slug":"donald-trump-tacle-elon-musk-il-devrait-fermer-boutique-et-retourner-chez-lui-en-afrique-du-sud","status":"publish","type":"post","link":"https:\/\/www.europesays.com\/fr\/217677\/","title":{"rendered":"Donald Trump tacle Elon Musk: \u00ab\u00a0Il devrait fermer boutique et retourner chez lui en Afrique du Sud\u00a0\u00bb"},"content":{"rendered":"<p class=\"ap-StoryElement ap-StoryElement--mb js-paywall-target ap-StoryText\">\u00ab\u00a0Plus de lancements de fus\u00e9es, de satellites ou de production de voitures \u00e9lectriques et notre pays \u00e9conomiserait une FORTUNE\u00a0\u00bb, a-t-il ajout\u00e9.<\/p>\n<p class=\"ap-StoryElement ap-StoryElement--mb ap-StoryText\">\u00ab\u00a0Peut-\u00eatre devrions-nous demander \u00e0 <a href=\"https:\/\/www.lalibre.be\/international\/amerique\/2025\/06\/05\/une-maison-de-fraternite-apres-un-week-end-de-fete-les-anciens-bureaux-du-doge-saccages-par-lequipe-delon-musk-PNHJBYOW4FEBDPZNCU5437GGMY\/\" target=\"_blank\" rel=\"nofollow noopener\">DOGE <\/a>d&rsquo;examiner cela s\u00e9rieusement ? BEAUCOUP D&rsquo;ARGENT \u00c0 \u00c9CONOMISER !!!\u00a0\u00bb, a-t-il une nouvelle fois menac\u00e9.<\/p>\n<p><a href=\"https:\/\/www.lalibre.be\/international\/amerique\/2025\/06\/06\/il-est-possible-quelon-musk-ait-eu-acces-a-des-informations-sur-donald-trump-maintenant-il-tape-la-ou-ca-fait-mal-23JRYLJNQ5HHBA3SYGZMPSUNVQ\/\" target=\"_blank\" rel=\"noopener noreferrer nofollow\" class=\"ap-StoryInterstitialLink ap-StoryElement ap-StoryElement--mb\">\u00ab\u00a0Il est possible qu&rsquo;Elon Musk ait eu acc\u00e8s \u00e0 des informations sur Donald Trump. Maintenant, il tape l\u00e0 o\u00f9 \u00e7a fait mal\u00a0\u00bb<\/a><\/p>\n<p class=\"ap-StoryElement ap-StoryElement--mb ap-StoryText\">Avant leur rupture, Elon Musk avait \u00e9t\u00e9 charg\u00e9 de mettre en place Doge, la commission f\u00e9d\u00e9rale charg\u00e9e de faire fondre, parfois brutalement, les d\u00e9penses publiques f\u00e9d\u00e9rales.<\/p>\n<p class=\"ap-StoryElement ap-StoryElement--mb ap-StoryText\">Les deux hommes, qui ont \u00e9t\u00e9 tr\u00e8s proches pendant la campagne du r\u00e9publicain et au d\u00e9but de son second mandat, se sont d\u00e9chir\u00e9s publiquement, dans des registres tant professionnels que personnels.<\/p>\n<p class=\"ap-StoryElement ap-StoryElement--mb ap-StoryText\">L&rsquo;homme d&rsquo;affaires avait notamment d\u00e9nonc\u00e9 le m\u00e9gaprojet de loi budg\u00e9taire port\u00e9 par Donald Trump, qu&rsquo;il avait trait\u00e9 d'\u00a0\u00bbabomination r\u00e9pugnante\u00a0\u00bb.<\/p>\n<p class=\"ap-StoryElement ap-StoryElement--mb ap-StoryText\">C&rsquo;est une nouvelle attaque de Musk contre la <a href=\"https:\/\/www.lalibre.be\/international\/amerique\/2025\/07\/01\/trump-se-rapproche-dune-victoire-pour-sa-grande-et-belle-loi-budgetaire-HCQZHN2JRBDP5EZNLRW6GOSNNY\/\" target=\"_blank\" rel=\"nofollow noopener\">\u00ab\u00a0grande et belle loi\u00a0\u00bb de Donald Trump<\/a>, qui devrait \u00eatre adopt\u00e9e par le S\u00e9nat mardi, qui a raviv\u00e9 la querelle.<\/p>\n<p class=\"ap-StoryElement ap-StoryElement--mb ap-StoryText\">\u00ab\u00a0Il est \u00e9vident, vu les d\u00e9penses ahurissantes du texte &#8211; qui augmente de mani\u00e8re record le plafond de la dette de 5.000 MILLIARDS DE DOLLARS -, que nous vivons dans un pays au parti unique: le parti des cochons qui se goinfrent\u00a0\u00bb, avait d\u00e9nonc\u00e9 lundi sur X Musk.<\/p>\n<p class=\"ap-StoryElement ap-StoryElement--mb ap-StoryText\">Le patron de Tesla a mis en garde: si le texte est adopt\u00e9, il lancera un nouveau parti et financera la campagne aux primaires r\u00e9publicaines de candidats oppos\u00e9s aux parlementaires actuels.<\/p>\n<p class=\"ap-StoryElement ap-StoryElement--mb ap-StoryText\">\u00ab\u00a0VOX POPULI VOX DEI. 80% ont vot\u00e9 pour un nouveau parti\u00a0\u00bb, a-t-il \u00e0 nouveau averti mardi sur X, ajoutant que \u00ab\u00a0tout ce que je demande, c&rsquo;est que nous ne mettions pas l&rsquo;Am\u00e9rique en faillite\u00a0\u00bb.<\/p>\n<p><a href=\"https:\/\/www.lalibre.be\/international\/amerique\/2025\/06\/12\/derriere-les-excuses-delon-musk-a-donald-trump-un-coup-de-fil-qui-a-change-la-donne-4SW67TNNRRAVPCWQU6DE4ADB2A\/\" target=\"_blank\" rel=\"noopener noreferrer nofollow\" class=\"ap-StoryInterstitialLink ap-StoryElement ap-StoryElement--mb\">Derri\u00e8re les excuses d&rsquo;Elon Musk \u00e0 Donald Trump, un coup de fil qui a chang\u00e9 la donne<\/a><\/p>\n","protected":false},"excerpt":{"rendered":"\u00ab\u00a0Plus de lancements de fus\u00e9es, de satellites ou de production de voitures \u00e9lectriques et notre pays \u00e9conomiserait une&hellip;\n","protected":false},"author":2,"featured_media":217678,"comment_status":"","ping_status":"","sticky":false,"template":"","format":"standard","meta":{"footnotes":""},"categories":[1359],"tags":[35720,646,13789,58,75,46,59,313,1011,27,418,693,28790,973,35721,308],"class_list":{"0":"post-217677","1":"post","2":"type-post","3":"status-publish","4":"format-standard","5":"has-post-thumbnail","7":"category-people","8":"tag-aerospatiale","9":"tag-automobile","10":"tag-dirigeants","11":"tag-divertissement","12":"tag-donald-trump","13":"tag-elon-musk","14":"tag-entertainment","15":"tag-entreprises","16":"tag-fr","17":"tag-france","18":"tag-gouvernement","19":"tag-industrie","20":"tag-jeffrey-epstein","21":"tag-people","22":"tag-stephen-bannon","23":"tag-usa"},"share_on_mastodon":{"url":"https:\/\/pubeurope.com\/@fr\/114776970583192838","error":""},"_links":{"self":[{"href":"https:\/\/www.europesays.com\/fr\/wp-json\/wp\/v2\/posts\/217677","targetHints":{"allow":["GET"]}}],"collection":[{"href":"https:\/\/www.europesays.com\/fr\/wp-json\/wp\/v2\/posts"}],"about":[{"href":"https:\/\/www.europesays.com\/fr\/wp-json\/wp\/v2\/types\/post"}],"author":[{"embeddable":true,"href":"https:\/\/www.europesays.com\/fr\/wp-json\/wp\/v2\/users\/2"}],"replies":[{"embeddable":true,"href":"https:\/\/www.europesays.com\/fr\/wp-json\/wp\/v2\/comments?post=217677"}],"version-history":[{"count":0,"href":"https:\/\/www.europesays.com\/fr\/wp-json\/wp\/v2\/posts\/217677\/revisions"}],"wp:featuredmedia":[{"embeddable":true,"href":"https:\/\/www.europesays.com\/fr\/wp-json\/wp\/v2\/media\/217678"}],"wp:attachment":[{"href":"https:\/\/www.europesays.com\/fr\/wp-json\/wp\/v2\/media?parent=217677"}],"wp:term":[{"taxonomy":"category","embeddable":true,"href":"https:\/\/www.europesays.com\/fr\/wp-json\/wp\/v2\/categories?post=217677"},{"taxonomy":"post_tag","embeddable":true,"href":"https:\/\/www.europesays.com\/fr\/wp-json\/wp\/v2\/tags?post=217677"}],"curies":[{"name":"wp","href":"https:\/\/api.w.org\/{rel}","templated":true}]}}