{"id":217721,"date":"2025-07-01T08:36:09","date_gmt":"2025-07-01T08:36:09","guid":{"rendered":"https:\/\/www.europesays.com\/fr\/217721\/"},"modified":"2025-07-01T08:36:09","modified_gmt":"2025-07-01T08:36:09","slug":"deux-hommes-condamnes-pour-avoir-tente-de-livrer-un-telephone-et-des-couteaux-par-drone-dans-une-prison","status":"publish","type":"post","link":"https:\/\/www.europesays.com\/fr\/217721\/","title":{"rendered":"deux hommes condamn\u00e9s pour avoir tent\u00e9 de livrer un t\u00e9l\u00e9phone et des couteaux par drone dans une prison"},"content":{"rendered":"<p>\t\t\t\t\t\t\t\t\t\t\t<img loading=\"lazy\" decoding=\"async\" width=\"1110\" title=\"Grenoble : deux hommes condamn\u00e9s pour avoir tent\u00e9 de livrer un t\u00e9l\u00e9phone et des couteaux par drone dans une prison\" class=\"img-fluid not_lzld mb-3\" src=\"https:\/\/grandgrenoble.alpes1.com\/media\/news\/thumb\/1110x624_grenoble-deux-hommes-condamnes-pour-avoir-tente-de-livrer-un-telephone-et-des-couteaux-par-drone-dans-une-prison_68639ac073e58.webp\" alt=\"Grenoble : deux hommes condamn\u00e9s pour avoir tent\u00e9 de livrer un t\u00e9l\u00e9phone et des couteaux par drone dans une prison\" itemprop=\"image\" height=\"624\"\/>\t\t\t\t\t\t\t\t\t\t\t\t<\/p>\n<p>Grenoble : deux hommes condamn\u00e9s pour avoir tent\u00e9 de livrer un t\u00e9l\u00e9phone et des couteaux par drone dans une prison &#8211; DR<\/p>\n<p itemprop=\"description\"><strong>Les faits se sont d\u00e9roul\u00e9s dans la nuit du mercredi 24 au jeudi 25 juin au centre p\u00e9nitentiaire de Varces.<\/strong><\/p>\n<p>Aux alentours de 2h, les gendarmes de la brigade du Pont-de-Claix, contact\u00e9s par les agents p\u00e9nitentiaires, avaient trouv\u00e9 un drone bloqu\u00e9 dans les airs en position stationnaire avec, au sol, une Mercedes laiss\u00e9e vide et un sac d\u00e9tenant un t\u00e9l\u00e9phone ainsi que des couteaux en c\u00e9ramique.<\/p>\n<p>\u00c0 la t\u00eate de cette tentative de livraison, deux jeunes hommes : un Meylanais de 21 ans et un Grenoblois de 22 ans.<\/p>\n<p>Les deux individus ont \u00e9t\u00e9 retrouv\u00e9s quelques m\u00e8tres plus loin, cach\u00e9s dans des buissons, \u00e0 cause de la femme du propri\u00e9taire de la Mercedes, qui a manqu\u00e9 de discr\u00e9tion pour retrouver son homme.<\/p>\n<p>Suspect\u00e9s d\u2019avoir voulu livrer des armes blanches \u00e0 des d\u00e9tenus de la prison de Varces, les deux hommes ont \u00e9t\u00e9 plac\u00e9s en garde \u00e0 vue, puis plac\u00e9s en comparution imm\u00e9diate ce lundi.<\/p>\n<p>Au tribunal correctionnel de Grenoble, l\u2019un des deux hommes a affirm\u00e9 \u00eatre endett\u00e9 de 1800 euros pour les fun\u00e9railles d\u2019un cousin. Pour r\u00e9cup\u00e9rer cet argent, il comptait apporter deux \u00ab\u00a0droneurs\u00a0\u00bb lyonnais devant la prison is\u00e9roise. Il a d\u00e9clar\u00e9 ne pas avoir \u00e9t\u00e9 mis au courant de l\u2019objectif de cette mission selon le Dauphin\u00e9 Lib\u00e9r\u00e9.<\/p>\n<p>Pour cet acte ill\u00e9gal, les deux jeunes hommes ont \u00e9cop\u00e9 d\u2019une peine de cinq mois de prison ferme, qui sera enti\u00e8rement effectu\u00e9e sous bracelet \u00e9lectronique.<\/p>\n","protected":false},"excerpt":{"rendered":"Grenoble : deux hommes condamn\u00e9s pour avoir tent\u00e9 de livrer un t\u00e9l\u00e9phone et des couteaux par drone dans&hellip;\n","protected":false},"author":2,"featured_media":217722,"comment_status":"","ping_status":"","sticky":false,"template":"","format":"standard","meta":{"footnotes":""},"categories":[9566],"tags":[1111,11,7733,8279,2430,7736,650,7734,2889,2263,1777,674,1011,27,2731,8280,6417,1114,108,4662,12,3725,1825,25,7737],"class_list":{"0":"post-217721","1":"post","2":"type-post","3":"status-publish","4":"format-standard","5":"has-post-thumbnail","7":"category-grenoble","8":"tag-actu","9":"tag-actualites","10":"tag-alpes","11":"tag-alpes1","12":"tag-auvergne-rhone-alpes","13":"tag-cds","14":"tag-cinema","15":"tag-ecoute","16":"tag-emission","17":"tag-equipe","18":"tag-eu","19":"tag-europe","20":"tag-fr","21":"tag-france","22":"tag-grenoble","23":"tag-haute","24":"tag-information","25":"tag-infos","26":"tag-isere","27":"tag-journal","28":"tag-news","29":"tag-podcast","30":"tag-radio","31":"tag-republique-francaise","32":"tag-winamp"},"share_on_mastodon":{"url":"https:\/\/pubeurope.com\/@fr\/114777068895477749","error":""},"_links":{"self":[{"href":"https:\/\/www.europesays.com\/fr\/wp-json\/wp\/v2\/posts\/217721","targetHints":{"allow":["GET"]}}],"collection":[{"href":"https:\/\/www.europesays.com\/fr\/wp-json\/wp\/v2\/posts"}],"about":[{"href":"https:\/\/www.europesays.com\/fr\/wp-json\/wp\/v2\/types\/post"}],"author":[{"embeddable":true,"href":"https:\/\/www.europesays.com\/fr\/wp-json\/wp\/v2\/users\/2"}],"replies":[{"embeddable":true,"href":"https:\/\/www.europesays.com\/fr\/wp-json\/wp\/v2\/comments?post=217721"}],"version-history":[{"count":0,"href":"https:\/\/www.europesays.com\/fr\/wp-json\/wp\/v2\/posts\/217721\/revisions"}],"wp:featuredmedia":[{"embeddable":true,"href":"https:\/\/www.europesays.com\/fr\/wp-json\/wp\/v2\/media\/217722"}],"wp:attachment":[{"href":"https:\/\/www.europesays.com\/fr\/wp-json\/wp\/v2\/media?parent=217721"}],"wp:term":[{"taxonomy":"category","embeddable":true,"href":"https:\/\/www.europesays.com\/fr\/wp-json\/wp\/v2\/categories?post=217721"},{"taxonomy":"post_tag","embeddable":true,"href":"https:\/\/www.europesays.com\/fr\/wp-json\/wp\/v2\/tags?post=217721"}],"curies":[{"name":"wp","href":"https:\/\/api.w.org\/{rel}","templated":true}]}}