{"id":217724,"date":"2025-07-01T08:38:10","date_gmt":"2025-07-01T08:38:10","guid":{"rendered":"https:\/\/www.europesays.com\/fr\/217724\/"},"modified":"2025-07-01T08:38:10","modified_gmt":"2025-07-01T08:38:10","slug":"a-rennes-pourquoi-cette-elue-dopposition-demissionne-du-conseil-municipal","status":"publish","type":"post","link":"https:\/\/www.europesays.com\/fr\/217724\/","title":{"rendered":"\u00c0 Rennes, pourquoi cette \u00e9lue d\u2019opposition d\u00e9missionne du conseil municipal"},"content":{"rendered":"<p>Il n\u2019y a pas que dans le football que le mercato bat son plein. \u00c0 Rennes, la p\u00e9riode des transferts concerne aussi le conseil municipal en ce mois de juin 2025. Ce lundi 30 juin, la conseill\u00e8re d\u2019opposition Ana\u00efs Jehanno a d\u00e9missionn\u00e9 et laiss\u00e9 sa place \u00e0 Catherine Rolandin.<\/p>\n<p>Une d\u00e9cision motiv\u00e9e par les obligations professionnelles d\u2019Ana\u00efs Jehanno, mut\u00e9e \u00e0 la direction d\u2019un h\u00f4pital \u00e0 Lyon il y a un an, ce qui ne lui a pas permis d\u2019\u00eatre pr\u00e9sente en conseil municipal depuis. \u00ab Il \u00e9tait compliqu\u00e9 de rendre compatible cette mutation avec la suite du mandat, explique Ana\u00efs Jehanno. Dans un premier temps, mon but \u00e9tait de poursuivre mon engagement, mais je me suis rendu compte que cela devenait complexe, malgr\u00e9 les visios et le suivi des dossiers, notamment pour \u00eatre pr\u00e9sente au conseil municipal. J\u2019ai pr\u00e9f\u00e9r\u00e9 laisser la place au conseil \u00e0 quelqu\u2019un qui pourrait assurer plus de pr\u00e9sence physique. \u00bb<\/p>\n<p>Membre du groupe \u00ab Libres d\u2019agir pour Rennes \u00bb de Charles Compagnon, Ana\u00efs Jehanno \u00e9tait membre du conseil d\u2019administration du Centre communal d\u2019action sociale de Rennes. \u00ab C\u2019est la premi\u00e8re d\u00e9mission dans mon groupe depuis le d\u00e9but du mandat, explique Charles Compagnon. Nous sommes cinq dans le groupe et elle est remplac\u00e9e par la sixi\u00e8me sur notre liste \u00bb. Catherine Rolandin, donc, membre du parti Les R\u00e9publicains depuis 2012 et conseill\u00e8re municipale et m\u00e9tropolitaine de Rennes de 2014 \u00e0 2020 et candidate aux d\u00e9partementales de 2015 sur le Canton de Rennes Centre.<\/p>\n","protected":false},"excerpt":{"rendered":"Il n\u2019y a pas que dans le football que le mercato bat son plein. \u00c0 Rennes, la p\u00e9riode&hellip;\n","protected":false},"author":2,"featured_media":217725,"comment_status":"","ping_status":"","sticky":false,"template":"","format":"standard","meta":{"footnotes":""},"categories":[2821],"tags":[1111,11,829,1777,674,1011,27,848,12,3364,584,25],"class_list":{"0":"post-217724","1":"post","2":"type-post","3":"status-publish","4":"format-standard","5":"has-post-thumbnail","7":"category-rennes","8":"tag-actu","9":"tag-actualites","10":"tag-bretagne","11":"tag-eu","12":"tag-europe","13":"tag-fr","14":"tag-france","15":"tag-ille-et-vilaine","16":"tag-news","17":"tag-politique-a-rennes","18":"tag-rennes","19":"tag-republique-francaise"},"share_on_mastodon":{"url":"https:\/\/pubeurope.com\/@fr\/114777076765598582","error":""},"_links":{"self":[{"href":"https:\/\/www.europesays.com\/fr\/wp-json\/wp\/v2\/posts\/217724","targetHints":{"allow":["GET"]}}],"collection":[{"href":"https:\/\/www.europesays.com\/fr\/wp-json\/wp\/v2\/posts"}],"about":[{"href":"https:\/\/www.europesays.com\/fr\/wp-json\/wp\/v2\/types\/post"}],"author":[{"embeddable":true,"href":"https:\/\/www.europesays.com\/fr\/wp-json\/wp\/v2\/users\/2"}],"replies":[{"embeddable":true,"href":"https:\/\/www.europesays.com\/fr\/wp-json\/wp\/v2\/comments?post=217724"}],"version-history":[{"count":0,"href":"https:\/\/www.europesays.com\/fr\/wp-json\/wp\/v2\/posts\/217724\/revisions"}],"wp:featuredmedia":[{"embeddable":true,"href":"https:\/\/www.europesays.com\/fr\/wp-json\/wp\/v2\/media\/217725"}],"wp:attachment":[{"href":"https:\/\/www.europesays.com\/fr\/wp-json\/wp\/v2\/media?parent=217724"}],"wp:term":[{"taxonomy":"category","embeddable":true,"href":"https:\/\/www.europesays.com\/fr\/wp-json\/wp\/v2\/categories?post=217724"},{"taxonomy":"post_tag","embeddable":true,"href":"https:\/\/www.europesays.com\/fr\/wp-json\/wp\/v2\/tags?post=217724"}],"curies":[{"name":"wp","href":"https:\/\/api.w.org\/{rel}","templated":true}]}}