{"id":217734,"date":"2025-07-01T08:43:09","date_gmt":"2025-07-01T08:43:09","guid":{"rendered":"https:\/\/www.europesays.com\/fr\/217734\/"},"modified":"2025-07-01T08:43:09","modified_gmt":"2025-07-01T08:43:09","slug":"mercato-nice-le-gardien-remois-yehvann-diouf-arrive","status":"publish","type":"post","link":"https:\/\/www.europesays.com\/fr\/217734\/","title":{"rendered":"Mercato Nice\u00a0: le gardien r\u00e9mois Yehvann Diouf arrive"},"content":{"rendered":"<p class=\"paragraph text_align_left lp-f-body-02\">C\u2019est une affaire presque boucl\u00e9e. Porteur du brassard de capitaine au Stade de Reims,<a href=\"https:\/\/www.leparisien.fr\/sports\/football\/jouer-le-coup-a-fond-tout-en-pensant-a-son-maintien-en-ligue-1-le-dilemme-de-reims-en-coupe-de-france-23-05-2025-IFEWHRXHVBBTXGK4NF62FFXRAU.php?ts=1751358462970\" target=\"_self\" rel=\"nofollow noopener\"> Yehvann Diouf <\/a>s\u2019appr\u00eate \u00e0 prendre la direction de l\u2019OGC Nice en <a href=\"https:\/\/www.leparisien.fr\/sports\/football\/ligue-1\/\" target=\"_blank\" rel=\"noreferrer nofollow noopener\">Ligue\u00a01<\/a>.<\/p>\n<p class=\"paragraph text_align_left lp-f-body-02\">Selon nos informations, le club azur\u00e9en est tomb\u00e9 d\u2019accord avec Reims pour le transfert du gardien de 25\u00a0ans. Les d\u00e9tails de l\u2019op\u00e9ration n\u2019ont pas filtr\u00e9, mais c\u2019est bien sur la C\u00f4te d\u2019Azur que Diouf, sous contrat jusqu\u2019en 2027, devrait \u00e9voluer la saison prochaine.<\/p>\n<p class=\"paragraph text_align_left lp-f-body-02\">Annonc\u00e9 dans le viseur de Lens ou encore du Torino, le portier r\u00e9mois disposait d\u2019un bon de sortie pour cet \u00e9t\u00e9. Il remplacerait Marcin Bulka qui a d\u00e9cid\u00e9 de quitter le Gym pour relever un nouveau challenge durant ce mercato. Son nom a circul\u00e9 \u00e0 Sunderland et en Arabie saoudite, du c\u00f4t\u00e9 de Neom.<\/p>\n","protected":false},"excerpt":{"rendered":"C\u2019est une affaire presque boucl\u00e9e. Porteur du brassard de capitaine au Stade de Reims, Yehvann Diouf s\u2019appr\u00eate \u00e0&hellip;\n","protected":false},"author":2,"featured_media":217735,"comment_status":"","ping_status":"","sticky":false,"template":"","format":"standard","meta":{"footnotes":""},"categories":[2819],"tags":[1111,11,1777,674,63,1011,27,66,12,2401,882,25,60],"class_list":{"0":"post-217734","1":"post","2":"type-post","3":"status-publish","4":"format-standard","5":"has-post-thumbnail","7":"category-nice","8":"tag-actu","9":"tag-actualites","10":"tag-eu","11":"tag-europe","12":"tag-football","13":"tag-fr","14":"tag-france","15":"tag-ligue-1","16":"tag-news","17":"tag-nice","18":"tag-provence-alpes-cote-dazur","19":"tag-republique-francaise","20":"tag-sports"},"share_on_mastodon":{"url":"https:\/\/pubeurope.com\/@fr\/114777096486156961","error":""},"_links":{"self":[{"href":"https:\/\/www.europesays.com\/fr\/wp-json\/wp\/v2\/posts\/217734","targetHints":{"allow":["GET"]}}],"collection":[{"href":"https:\/\/www.europesays.com\/fr\/wp-json\/wp\/v2\/posts"}],"about":[{"href":"https:\/\/www.europesays.com\/fr\/wp-json\/wp\/v2\/types\/post"}],"author":[{"embeddable":true,"href":"https:\/\/www.europesays.com\/fr\/wp-json\/wp\/v2\/users\/2"}],"replies":[{"embeddable":true,"href":"https:\/\/www.europesays.com\/fr\/wp-json\/wp\/v2\/comments?post=217734"}],"version-history":[{"count":0,"href":"https:\/\/www.europesays.com\/fr\/wp-json\/wp\/v2\/posts\/217734\/revisions"}],"wp:featuredmedia":[{"embeddable":true,"href":"https:\/\/www.europesays.com\/fr\/wp-json\/wp\/v2\/media\/217735"}],"wp:attachment":[{"href":"https:\/\/www.europesays.com\/fr\/wp-json\/wp\/v2\/media?parent=217734"}],"wp:term":[{"taxonomy":"category","embeddable":true,"href":"https:\/\/www.europesays.com\/fr\/wp-json\/wp\/v2\/categories?post=217734"},{"taxonomy":"post_tag","embeddable":true,"href":"https:\/\/www.europesays.com\/fr\/wp-json\/wp\/v2\/tags?post=217734"}],"curies":[{"name":"wp","href":"https:\/\/api.w.org\/{rel}","templated":true}]}}