{"id":217753,"date":"2025-07-01T08:54:09","date_gmt":"2025-07-01T08:54:09","guid":{"rendered":"https:\/\/www.europesays.com\/fr\/217753\/"},"modified":"2025-07-01T08:54:09","modified_gmt":"2025-07-01T08:54:09","slug":"cette-boutique-lyonnaise-amenage-ses-horaires-a-la-mode-espagnole-pour-faire-face-a-la-canicule","status":"publish","type":"post","link":"https:\/\/www.europesays.com\/fr\/217753\/","title":{"rendered":"Cette boutique lyonnaise am\u00e9nage ses horaires \u00e0 la mode espagnole pour faire face \u00e0 la canicule"},"content":{"rendered":"<p itemprop=\"description\"><strong>Il fait chaud.<\/strong><\/p>\n<p>Le Rh\u00f4ne se trouve toujours ce mardi en vigilance orange canicule comme une grande partie de la France. Le thermom\u00e8tre devrait d\u00e9passer les 38\u00b0C jusqu\u2019en milieu de semaine. La fra\u00eecheur ne devrait faire son retour que ce week-end.<\/p>\n<p>Afin de faire face \u00e0 cette canicule, une boutique a d\u00e9cid\u00e9 de modifier ses horaires. Il s\u2019agit de l\u2019opticien Loulou situ\u00e9 place des C\u00e9lestins dans le 2e arrondissement de Lyon. Ce dernier s\u2019inspire \u00ab\u00a0d\u2019une tendance largement r\u00e9pandue en Espagne : l\u2019\u00a0\u00bbhoraire intensivo\u00a0\u00bb, en l\u2019appliquant \u00e0 la mode fran\u00e7aise\u00a0\u00bb.<\/p>\n<p>La boutique sera ainsi ouverte jusqu\u2019\u00e0 vendredi de 11h \u00e0 13h30 et de 15h30 \u00e0 20h30. \u00ab\u00a0L\u2019objectif \u00e9tant le confort des clients et collaborateurs : en \u00e9vitant les heures les plus chaudes, l\u2019exp\u00e9rience dans la boutique reste agr\u00e9able \u00a0pour toutes et tous ! C\u2019est aussi l\u2019occasion de d\u00e9couvrir le magasin sur un format plus tardif et plus d\u00e9contract\u00e9\u00a0\u00bb, explique l\u2019opticien.<\/p>\n<blockquote class=\"instagram-media\" style=\"background: #FFF; border: 0; border-radius: 3px; box-shadow: 0 0 1px 0 rgba(0,0,0,0.5),0 1px 10px 0 rgba(0,0,0,0.15); margin: 1px; max-width: 540px; min-width: 326px; padding: 0; width: calc(100% - 2px);\" data-instgrm-captioned=\"\" data-instgrm-permalink=\"https:\/\/www.instagram.com\/p\/DG3UpQxt0ez\/?utm_source=ig_embed&amp;utm_campaign=loading\" data-instgrm-version=\"14\"><p>&#13;<br \/>\n&#13;\n<\/p><\/blockquote>\n<p>\t\t  <script async src=\"\/\/www.instagram.com\/embed.js\"><\/script><\/p>\n","protected":false},"excerpt":{"rendered":"Il fait chaud. Le Rh\u00f4ne se trouve toujours ce mardi en vigilance orange canicule comme une grande partie&hellip;\n","protected":false},"author":2,"featured_media":217754,"comment_status":"","ping_status":"","sticky":false,"template":"","format":"standard","meta":{"footnotes":""},"categories":[1889],"tags":[1111,11,2813,2190,2430,1109,251,1112,2811,1777,674,118,1294,4651,1011,27,1922,1110,1114,2428,4903,4902,12,241,316,25,2812,517,800],"class_list":{"0":"post-217753","1":"post","2":"type-post","3":"status-publish","4":"format-standard","5":"has-post-thumbnail","7":"category-lyon","8":"tag-actu","9":"tag-actualites","10":"tag-article","11":"tag-asvel","12":"tag-auvergne-rhone-alpes","13":"tag-breves","14":"tag-culture","15":"tag-depeches","16":"tag-economique","17":"tag-eu","18":"tag-europe","19":"tag-faits-divers","20":"tag-femme","21":"tag-femmes","22":"tag-fr","23":"tag-france","24":"tag-info","25":"tag-informations","26":"tag-infos","27":"tag-lyon","28":"tag-lyonfemme","29":"tag-lyonfemmes","30":"tag-news","31":"tag-ol","32":"tag-politique","33":"tag-republique-francaise","34":"tag-sociale","35":"tag-sport","36":"tag-transports"},"share_on_mastodon":{"url":"https:\/\/pubeurope.com\/@fr\/114777139700876820","error":""},"_links":{"self":[{"href":"https:\/\/www.europesays.com\/fr\/wp-json\/wp\/v2\/posts\/217753","targetHints":{"allow":["GET"]}}],"collection":[{"href":"https:\/\/www.europesays.com\/fr\/wp-json\/wp\/v2\/posts"}],"about":[{"href":"https:\/\/www.europesays.com\/fr\/wp-json\/wp\/v2\/types\/post"}],"author":[{"embeddable":true,"href":"https:\/\/www.europesays.com\/fr\/wp-json\/wp\/v2\/users\/2"}],"replies":[{"embeddable":true,"href":"https:\/\/www.europesays.com\/fr\/wp-json\/wp\/v2\/comments?post=217753"}],"version-history":[{"count":0,"href":"https:\/\/www.europesays.com\/fr\/wp-json\/wp\/v2\/posts\/217753\/revisions"}],"wp:featuredmedia":[{"embeddable":true,"href":"https:\/\/www.europesays.com\/fr\/wp-json\/wp\/v2\/media\/217754"}],"wp:attachment":[{"href":"https:\/\/www.europesays.com\/fr\/wp-json\/wp\/v2\/media?parent=217753"}],"wp:term":[{"taxonomy":"category","embeddable":true,"href":"https:\/\/www.europesays.com\/fr\/wp-json\/wp\/v2\/categories?post=217753"},{"taxonomy":"post_tag","embeddable":true,"href":"https:\/\/www.europesays.com\/fr\/wp-json\/wp\/v2\/tags?post=217753"}],"curies":[{"name":"wp","href":"https:\/\/api.w.org\/{rel}","templated":true}]}}