{"id":217757,"date":"2025-07-01T08:56:09","date_gmt":"2025-07-01T08:56:09","guid":{"rendered":"https:\/\/www.europesays.com\/fr\/217757\/"},"modified":"2025-07-01T08:56:09","modified_gmt":"2025-07-01T08:56:09","slug":"ou-se-trouvent-les-ilots-de-fraicheur-plans-deau-et-piscines-pres-de-chez-vous","status":"publish","type":"post","link":"https:\/\/www.europesays.com\/fr\/217757\/","title":{"rendered":"o\u00f9 se trouvent les \u00eelots de fra\u00eecheur, plans d\u2019eau et piscines pr\u00e8s de chez vous ?"},"content":{"rendered":"<p><strong>MOTEUR DE RECHERCHE<\/strong> \u2013 Gr\u00e2ce \u00e0 notre carte interactive et d\u00e9taill\u00e9e, rep\u00e9rez en un clin d\u2019\u0153il les oasis urbaines, les piscines et plans d\u2019eau o\u00f9 \u00e9chapper \u00e0 la fournaise francilienne.<\/p>\n<p class=\"fig-paragraph\">Juillet s\u2019ouvre sous un d\u00f4me br\u00fblant\u00a0:\u00a0<a href=\"http:\/\/www.lefigaro.fr\/meteo\/canicule-decouvrez-la-carte-des-temperatures-prevues-ce-lundi-apres-midi-20250630\" data-fig-type=\"NewsFlash\" data-gtm-custom-categorie=\"navigation\" data-gtm-custom-action=\"crossclick\" data-gtm-custom-label=\"Contextuel\" data-gtm-event=\"customEventSPE\" data-fig-domain=\"LEFIGARO\" rel=\"nofollow noopener\" target=\"_blank\">le thermom\u00e8tre tutoie les 40 \u00b0C en \u00cele-de-France<\/a>, une \u00e9preuve pour une population majoritairement citadine \u2013 et d\u2019abord pour les plus fragiles, personnes \u00e2g\u00e9es et enfants. Les \u00e9pisodes caniculaires sont rarement aussi pr\u00e9coces, prenant de court des \u00e9coles mal arm\u00e9es pour affronter de telles temp\u00e9ratures ; beaucoup invitent d\u2019ailleurs les parents \u00e0 garder leurs enfants chez eux pour les pics annonc\u00e9s mardi et mercredi.<\/p>\n<p class=\"fig-paragraph\">Dans la m\u00e9tropole francilienne, l\u2019effet d\u2019\u00eelot de chaleur urbain risque de faire grimper le mercure encore plus haut, m\u00eame si certains am\u00e9nagements permettent l\u2019effet inverse. Pour vous aider \u00e0 trouver ces oasis, Le Figaro a g\u00e9olocalis\u00e9 les poches de fra\u00eecheur, piscines publiques et points de baignade (rivi\u00e8res et lacs) accessibles pr\u00e8s de chez vous.<\/p>\n<p class=\"fig-premium-paywall__infos\">\n        Cet article est r\u00e9serv\u00e9 aux abonn\u00e9s.        Il vous reste 74% \u00e0 d\u00e9couvrir.\n    <\/p>\n<p>                <img  data- alt=\"Le Figaro\" class=\"fig-img--complete fig-img\"\/><\/p>\n<p class=\"fig-premium-paywall__title\">Vous avez envie de lire la suite ?<\/p>\n<p class=\"fig-premium-paywall__subtitle\">D\u00e9bloquez tous les articles imm\u00e9diatement.<\/p>\n<p class=\"fig-premium-paywall__connect\">\n                D\u00e9j\u00e0 abonn\u00e9\u00a0?                <a class=\"fig-premium-paywall__connect-link\" href=\"https:\/\/connect.lefigaro.fr\/login?client=horizon_web&amp;type=main&amp;redirect_uri=https%3A%2F%2Fwww.lefigaro.fr%2Fsciences%2Fcanicule-en-ile-de-france-ou-se-trouvent-les-ilots-de-fraicheur-plans-d-eau-et-piscines-pres-de-chez-vous-20250701\" data-js-gtm=\"{&quot;customCategorie&quot;: &quot;conversion&quot;, &quot;customAction&quot;: &quot;before_Landing_Connexion_paywall_manuel&quot;, &quot;customLabel&quot;: &quot;bGVmaWdhcm8uZnJfXzFmMDU1YTlmLTBjOGQtNmJmNi04MmFjLTk1MjUzNGM3NjNmZF9fQXJ0aWNsZQ==_Canicule en \u00cele-de-France\u00a0: o\u00f9 se trouvent les \u00eelots de fra\u00eecheur, plans d\u2019eau et piscines pr\u00e8s de chez vous\u00a0?_361&quot;, &quot;customIDSPE&quot;: &quot;bGVmaWdhcm8uZnJfXzFmMDU1YTlmLTBjOGQtNmJmNi04MmFjLTk1MjUzNGM3NjNmZF9fQXJ0aWNsZQ==&quot;, &quot;event&quot;: &quot;customEventSPE&quot;}\" rel=\"nofollow noopener\" target=\"_blank\"><br \/>\n                    Connectez-vous<br \/>\n                <\/a>\n            <\/p>\n","protected":false},"excerpt":{"rendered":"MOTEUR DE RECHERCHE \u2013 Gr\u00e2ce \u00e0 notre carte interactive et d\u00e9taill\u00e9e, rep\u00e9rez en un clin d\u2019\u0153il les oasis&hellip;\n","protected":false},"author":2,"featured_media":217758,"comment_status":"","ping_status":"","sticky":false,"template":"","format":"standard","meta":{"footnotes":""},"categories":[1592],"tags":[1111,47,49,11,48,6698,51,1777,674,54,1011,27,662,12,626,52,25,41,50,53],"class_list":{"0":"post-217757","1":"post","2":"type-post","3":"status-publish","4":"format-standard","5":"has-post-thumbnail","7":"category-ile-de-france","8":"tag-actu","9":"tag-actualite","10":"tag-actualite-scientifique","11":"tag-actualites","12":"tag-astronomie","13":"tag-canicule","14":"tag-ecologie","15":"tag-eu","16":"tag-europe","17":"tag-faune-et-flore","18":"tag-fr","19":"tag-france","20":"tag-ile-de-france","21":"tag-news","22":"tag-paris","23":"tag-planete","24":"tag-republique-francaise","25":"tag-sciences","26":"tag-sciences-humaines","27":"tag-zoologie"},"share_on_mastodon":{"url":"https:\/\/pubeurope.com\/@fr\/114777147572056672","error":""},"_links":{"self":[{"href":"https:\/\/www.europesays.com\/fr\/wp-json\/wp\/v2\/posts\/217757","targetHints":{"allow":["GET"]}}],"collection":[{"href":"https:\/\/www.europesays.com\/fr\/wp-json\/wp\/v2\/posts"}],"about":[{"href":"https:\/\/www.europesays.com\/fr\/wp-json\/wp\/v2\/types\/post"}],"author":[{"embeddable":true,"href":"https:\/\/www.europesays.com\/fr\/wp-json\/wp\/v2\/users\/2"}],"replies":[{"embeddable":true,"href":"https:\/\/www.europesays.com\/fr\/wp-json\/wp\/v2\/comments?post=217757"}],"version-history":[{"count":0,"href":"https:\/\/www.europesays.com\/fr\/wp-json\/wp\/v2\/posts\/217757\/revisions"}],"wp:featuredmedia":[{"embeddable":true,"href":"https:\/\/www.europesays.com\/fr\/wp-json\/wp\/v2\/media\/217758"}],"wp:attachment":[{"href":"https:\/\/www.europesays.com\/fr\/wp-json\/wp\/v2\/media?parent=217757"}],"wp:term":[{"taxonomy":"category","embeddable":true,"href":"https:\/\/www.europesays.com\/fr\/wp-json\/wp\/v2\/categories?post=217757"},{"taxonomy":"post_tag","embeddable":true,"href":"https:\/\/www.europesays.com\/fr\/wp-json\/wp\/v2\/tags?post=217757"}],"curies":[{"name":"wp","href":"https:\/\/api.w.org\/{rel}","templated":true}]}}