{"id":217759,"date":"2025-07-01T08:57:09","date_gmt":"2025-07-01T08:57:09","guid":{"rendered":"https:\/\/www.europesays.com\/fr\/217759\/"},"modified":"2025-07-01T08:57:09","modified_gmt":"2025-07-01T08:57:09","slug":"plusieurs-lignes-de-transiliens-interrompues","status":"publish","type":"post","link":"https:\/\/www.europesays.com\/fr\/217759\/","title":{"rendered":"plusieurs lignes de transiliens interrompues"},"content":{"rendered":"<p>            Par<br \/>\n        <strong><br \/>\n            <a href=\"https:\/\/actu.fr\/auteur\/redaction-paris\" title=\"Consulter tous les articles de R\u00e9daction Paris\" target=\"_blank\" rel=\"noopener\">R\u00e9daction Paris<\/a><br \/>\n        <\/strong><\/p>\n<p>        Publi\u00e9 le<\/p>\n<p>            1 juil. 2025 \u00e0 10h22        <\/p>\n<p>Trafic compliqu\u00e9 dans les Hauts-de-Seine ce mardi 1er juillet 2025 sur les <strong>lignes L<\/strong> <strong>et U<\/strong>, en\u00a0raison d\u2019un incident qui affecte les voies dans les secteur de La D\u00e9fense et de Pont Cardinet, a fait savoir la <a href=\"https:\/\/actu.fr\/tag\/sncf\" target=\"_blank\" rel=\"noopener\">SNCF<\/a> sur X.<\/p>\n<p>Modifier les itin\u00e9taires<\/p>\n<p class=\" wall-content\">Sur la ligne U, le trafic \u00ab\u00a0est interrompu entre Suresnes Mont Val\u00e9rien et La D\u00e9fense dans les deux sens jusqu\u2019\u00e0 <strong>10h45<\/strong>\u00ab\u00a0, d\u00e9taille l\u2019entreprise ferroviaire. La gare de Puteaux n\u2019est donc pas desservie. L\u2019heure de reprise est estim\u00e9e \u00e0 10h45.\u00a0<\/p>\n<p class=\" wall-content\">\n<p class=\" wall-content\">Sur la ligne L, la circulation est interrompue \u00ab\u00a0entre Paris Saint-Lazare et Le Val d\u2019Or dans les deux sens jusqu\u2019\u00e0 <strong>midi<\/strong>\u00ab\u00a0.\u00a0<\/p>\n<p class=\" wall-content\">\n<p class=\" wall-content\">Dans la mesure du possible, il est recommand\u00e9 aux usagers de <strong>modifier leur itin\u00e9raire<\/strong>.<\/p>\n<p class=\" wall-content\">Suivez toute l\u2019actualit\u00e9 de vos villes et m\u00e9dias favoris en vous inscrivant \u00e0 <a href=\"https:\/\/moncompte.actu.fr\" title=\"D\u00e9couvez Mon Actu\" rel=\"nofollow noopener\" data-trk=\"{&quot;cta&quot;:{&quot;action&quot;:&quot;https:\\\/\\\/moncompte.actu.fr&quot;,&quot;category&quot;:&quot;mon compte&quot;,&quot;from&quot;:&quot;article footer&quot;,&quot;name&quot;:&quot;Mon actu&quot;,&quot;type&quot;:&quot;cta&quot;}}\" target=\"_blank\">Mon Actu<\/a>.<\/p>\n","protected":false},"excerpt":{"rendered":"Par R\u00e9daction Paris Publi\u00e9 le 1 juil. 2025 \u00e0 10h22 Trafic compliqu\u00e9 dans les Hauts-de-Seine ce mardi 1er&hellip;\n","protected":false},"author":2,"featured_media":8043,"comment_status":"","ping_status":"","sticky":false,"template":"","format":"standard","meta":{"footnotes":""},"categories":[1592],"tags":[1111,11,1777,674,1011,27,662,12,626,25,2215,104,2803],"class_list":{"0":"post-217759","1":"post","2":"type-post","3":"status-publish","4":"format-standard","5":"has-post-thumbnail","7":"category-ile-de-france","8":"tag-actu","9":"tag-actualites","10":"tag-eu","11":"tag-europe","12":"tag-fr","13":"tag-france","14":"tag-ile-de-france","15":"tag-news","16":"tag-paris","17":"tag-republique-francaise","18":"tag-sncf","19":"tag-societe","20":"tag-transport"},"share_on_mastodon":{"url":"https:\/\/pubeurope.com\/@fr\/114777151525373128","error":""},"_links":{"self":[{"href":"https:\/\/www.europesays.com\/fr\/wp-json\/wp\/v2\/posts\/217759","targetHints":{"allow":["GET"]}}],"collection":[{"href":"https:\/\/www.europesays.com\/fr\/wp-json\/wp\/v2\/posts"}],"about":[{"href":"https:\/\/www.europesays.com\/fr\/wp-json\/wp\/v2\/types\/post"}],"author":[{"embeddable":true,"href":"https:\/\/www.europesays.com\/fr\/wp-json\/wp\/v2\/users\/2"}],"replies":[{"embeddable":true,"href":"https:\/\/www.europesays.com\/fr\/wp-json\/wp\/v2\/comments?post=217759"}],"version-history":[{"count":0,"href":"https:\/\/www.europesays.com\/fr\/wp-json\/wp\/v2\/posts\/217759\/revisions"}],"wp:featuredmedia":[{"embeddable":true,"href":"https:\/\/www.europesays.com\/fr\/wp-json\/wp\/v2\/media\/8043"}],"wp:attachment":[{"href":"https:\/\/www.europesays.com\/fr\/wp-json\/wp\/v2\/media?parent=217759"}],"wp:term":[{"taxonomy":"category","embeddable":true,"href":"https:\/\/www.europesays.com\/fr\/wp-json\/wp\/v2\/categories?post=217759"},{"taxonomy":"post_tag","embeddable":true,"href":"https:\/\/www.europesays.com\/fr\/wp-json\/wp\/v2\/tags?post=217759"}],"curies":[{"name":"wp","href":"https:\/\/api.w.org\/{rel}","templated":true}]}}