{"id":217786,"date":"2025-07-01T09:15:11","date_gmt":"2025-07-01T09:15:11","guid":{"rendered":"https:\/\/www.europesays.com\/fr\/217786\/"},"modified":"2025-07-01T09:15:11","modified_gmt":"2025-07-01T09:15:11","slug":"matthis-lefevre-et-callixte-alzas-deux-golfeurs-amateurs-sur-la-route-de-the-open-lequipe","status":"publish","type":"post","link":"https:\/\/www.europesays.com\/fr\/217786\/","title":{"rendered":"Matthis Lef\u00e8vre et Callixte Alzas, deux golfeurs amateurs, sur la route de The Open &#8211; L&#039;\u00c9quipe"},"content":{"rendered":"<ol>\n<li><a href=\"https:\/\/news.google.com\/rss\/articles\/CBMixwFBVV95cUxOd0RNdkNZVXhsV3lKRzZXMHV4anQzZVNQX05VQWZiUmphOGdOS3FKYmpmMjlfbDBMcExEa2x3Nkh2bG1VNjRtcC1zTU9ZaEE4b09HUXYtQ19QWUZVY0JkUnh2Sk85ckV6OGZKRTQ4eTRURmNQWV9UOUZXaUVrdzBRbFltdkhUdlRfNFFCNzl1U1JTRXh2bVJNdk1ZNUpoclpybXhjblJmcENkQnJVNkN5b1g2V2ZxVUx1MzB6di1wOVNLTVZIaGRR?oc=5\" target=\"_blank\" rel=\"nofollow noopener\">Matthis Lef\u00e8vre et Callixte Alzas, deux golfeurs amateurs, sur la route de The Open<\/a>&nbsp;&nbsp;L&rsquo;\u00c9quipe<\/li>\n<li><a href=\"https:\/\/news.google.com\/rss\/articles\/CBMitgFBVV95cUxQdVhwMlNtY0NUcWd1ZU1FdHdTZUFORG5jQ2loUjZSZWpaT1ZhQ1JQTDNXSHhBTzJHc1AwR1FOWUJyY3VnNHBIQ29JdU43RTdmVVhncWh4R2VzSGJiTnJqRllQXzI0UEdXZWNyVUk4Q0J1QVcySjJtYzJvdXlJY3NrSDR1ZmtHaFZaMVhjT2Jua1otNk1ocUdGaksyVWlkUDRldXNnZ0tEdG5aZEsxYkR2QV9PRmZXdw?oc=5\" target=\"_blank\" rel=\"nofollow noopener\">Une nouveaut\u00e9 \u00e0 laquelle on ne s\u2019attendait pas pour The Open 2026 \u00e0 Birkdale !<\/a>&nbsp;&nbsp;Golf Plan\u00e8te<\/li>\n<li><a href=\"https:\/\/news.google.com\/rss\/articles\/CBMitwFBVV95cUxQM0pKS09tQ2Z5TzkzTXNJR1E5ekZ2NUVHQVVxeHAxVWZoakF2QVcxSVc1SW12UDczNXk3engyVmlna004SE1Zd01uQjRhX0oxSDhWZTlrbjJ1YVZvTmRLYnk2VFF1aEpjeXVGUURmd0ExX3NUZkoyVzlwZGozTUZ2SVB0NHBHakNGeWQ5czRQOHVhamFsWmpRbWpNUjl1RHNuVTh4RUdXbjNObmctN0NWWFhKRlNJZTg?oc=5\" target=\"_blank\" rel=\"nofollow noopener\">Julien Guerrier, trois jours pour d\u00e9fier les links d&rsquo;Irlande<\/a>&nbsp;&nbsp;F\u00e9d\u00e9ration Fran\u00e7aise de Golf<\/li>\n<li><a href=\"https:\/\/news.google.com\/rss\/articles\/CBMilAFBVV95cUxNUmozSEZSUEJhelp0Snlfb2NoanFDLUxhODN1d0VsRlFQQ2RLM1FGX3l3VEh2c2NfNENQNWo2TlFMUmJEVFlVUElsV2NPdDdIQ2V0ZTNJWEZfMzhReDZjeEpibUMzWUFXbXg3QUpLaEkzODJYckpteFNvWWdsam1ZVDNSWW5QZGNvRUota0E4OWN4d3ZU?oc=5\" target=\"_blank\" rel=\"nofollow noopener\">The Open : Six Fran\u00e7ais, voire plus, au Royal Portrush !<\/a>&nbsp;&nbsp;Golf Plan\u00e8te<\/li>\n<li><a href=\"https:\/\/news.google.com\/rss\/articles\/CBMiogFBVV95cUxNa2ZZaXFWQmdhQzJUNDRqYXhzN1Z2ZmpHTVBfT0hyRXd2QnVuM3g4cDRBU2JjalRZX201OGZ5QkpVbzc3bnVnLWNHRDBManVVSXhNYkxkanJZZldOX0diUW44OGxTLVg2bWtndEt0b1pHQk14c3NJSko4UVhMY1hLUF9tZkN0YzZ6ejR5eTBsZm5PX01DZ05sUkppSW9qTUFsVnc?oc=5\" target=\"_blank\" rel=\"nofollow noopener\">Chacarra change de programme et rate les qualifications de l\u2019Open<\/a>&nbsp;&nbsp;LesNews<\/li>\n<\/ol>\n","protected":false},"excerpt":{"rendered":"Matthis Lef\u00e8vre et Callixte Alzas, deux golfeurs amateurs, sur la route de The Open&nbsp;&nbsp;L&rsquo;\u00c9quipe Une nouveaut\u00e9 \u00e0 laquelle&hellip;\n","protected":false},"author":2,"featured_media":217787,"comment_status":"","ping_status":"","sticky":false,"template":"","format":"standard","meta":{"footnotes":""},"categories":[1418],"tags":[1011,27,1472,60],"class_list":{"0":"post-217786","1":"post","2":"type-post","3":"status-publish","4":"format-standard","5":"has-post-thumbnail","7":"category-golf","8":"tag-fr","9":"tag-france","10":"tag-golf","11":"tag-sports"},"share_on_mastodon":{"url":"https:\/\/pubeurope.com\/@fr\/114777222219810751","error":""},"_links":{"self":[{"href":"https:\/\/www.europesays.com\/fr\/wp-json\/wp\/v2\/posts\/217786","targetHints":{"allow":["GET"]}}],"collection":[{"href":"https:\/\/www.europesays.com\/fr\/wp-json\/wp\/v2\/posts"}],"about":[{"href":"https:\/\/www.europesays.com\/fr\/wp-json\/wp\/v2\/types\/post"}],"author":[{"embeddable":true,"href":"https:\/\/www.europesays.com\/fr\/wp-json\/wp\/v2\/users\/2"}],"replies":[{"embeddable":true,"href":"https:\/\/www.europesays.com\/fr\/wp-json\/wp\/v2\/comments?post=217786"}],"version-history":[{"count":0,"href":"https:\/\/www.europesays.com\/fr\/wp-json\/wp\/v2\/posts\/217786\/revisions"}],"wp:featuredmedia":[{"embeddable":true,"href":"https:\/\/www.europesays.com\/fr\/wp-json\/wp\/v2\/media\/217787"}],"wp:attachment":[{"href":"https:\/\/www.europesays.com\/fr\/wp-json\/wp\/v2\/media?parent=217786"}],"wp:term":[{"taxonomy":"category","embeddable":true,"href":"https:\/\/www.europesays.com\/fr\/wp-json\/wp\/v2\/categories?post=217786"},{"taxonomy":"post_tag","embeddable":true,"href":"https:\/\/www.europesays.com\/fr\/wp-json\/wp\/v2\/tags?post=217786"}],"curies":[{"name":"wp","href":"https:\/\/api.w.org\/{rel}","templated":true}]}}