{"id":217788,"date":"2025-07-01T09:17:12","date_gmt":"2025-07-01T09:17:12","guid":{"rendered":"https:\/\/www.europesays.com\/fr\/217788\/"},"modified":"2025-07-01T09:17:12","modified_gmt":"2025-07-01T09:17:12","slug":"je-sens-quon-a-plus-trop-besoin-de-moi-un-cadre-historique-claque-la-porte","status":"publish","type":"post","link":"https:\/\/www.europesays.com\/fr\/217788\/","title":{"rendered":"\u00ab Je sens qu\u2019on a plus trop besoin de moi \u00bb, un cadre historique claque la porte !"},"content":{"rendered":"<p>Un d\u00e9part de plus et inattendu pour l\u2019Union Bordeaux-B\u00e8gles. Ces derni\u00e8res heures, apr\u00e8s la d\u00e9faite en finale du Top 14 face au Stade Toulousain, Sud-Ouest r\u00e9v\u00e9lait les envies d\u2019ailleurs de Mahamadou Diaby. Echaud\u00e9 par son absence lors des phases finales du championnat, le rugueux troisi\u00e8me-ligne est all\u00e9 dans le bureau de Laurent Marti pour lui demander de le lib\u00e9rer de sa derni\u00e8re ann\u00e9e de contrat.<\/p>\n<p>Diaby ne veut pas \u00ab\u00a0\u00eatre en pr\u00e9-retraite\u00a0\u00bb<\/p>\n<p>Figure d\u2019un club o\u00f9 il est arriv\u00e9 en 2017, Mahamadou Diaby aura tout connu avec l\u2019UBB, jusqu\u2019au graal en mai dernier, avec un premier titre en Champions Cup, qu\u2019il aura v\u00e9cu sur le terrain. Pour <a href=\"https:\/\/www.rugbyrama.fr\/2025\/06\/30\/top-14-exclusif-je-sens-quon-na-plus-trop-besoin-de-moi-ici-mahamadou-diaby-annonce-son-depart-de-lubb-12794088.php\" rel=\"nofollow noopener\" target=\"_blank\">Rugbyrama<\/a>, il est revenu sur les raisons derri\u00e8res ce revirement, ne se sentant pas appr\u00e9ci\u00e9 \u00e0 sa juste valeur.<\/p>\n<blockquote>\n<p>\u00ab\u00a0Ce n\u2019est pas parce que je suis m\u00e9content de ne pas avoir jou\u00e9 les phases finales que je veux quitter le club, j\u2019avais pris la d\u00e9cision avant. Le fait que je fasse part \u00e0 mon pr\u00e9sident (Laurent Marti, N.D.L.R.) de mon m\u00e9contentement et de mon incompr\u00e9hension de ne pas avoir jou\u00e9 la phase finale de Top 14 est un autre sujet. Depuis la finale de Coupe d\u2019Europe, je suis le seul joueur du groupe \u00e0 ne pas avoir remis les pieds sur le terrain une seule minute. Mais le sujet initial \u00e9tait de demander \u00e0 mon pr\u00e9sident de me lib\u00e9rer de ma derni\u00e8re ann\u00e9e de contrat, celle de l\u2019ann\u00e9e prochaine.\u00a0\u00bb<\/p>\n<\/blockquote>\n<p>Mahamadou Diaby explique avoir senti ces derni\u00e8res semaines, et dans le sillage du titre europ\u00e9en, qu\u2019il aurait du mal \u00e0 se battre pour sa place avec l\u2019UBB.<\/p>\n<blockquote>\n<p>\u00ab\u00a0Entre la saison pass\u00e9e et cette saison, je sens qu&rsquo;on ne souhaite pas me donner un r\u00f4le dans l\u2019\u00e9quipe \u00e0 la hauteur de l\u2019investissement que je fournis sur le terrain, \u00e0 l\u2019entra\u00eenement,\u00a0en dehors du terrain. Il faut parfois savoir faire les bons choix pour sa carri\u00e8re. J\u2019ai envie de finir d\u2019une bonne mani\u00e8re, d\u2019\u00eatre un joueur qui peut apporter \u00e0 l\u2019\u00e9quipe. Je sens qu\u2019on n&rsquo;a plus trop besoin de moi ici donc j\u2019aimerais trouver un projet o\u00f9 je peux\u00a0\u00eatre utile et non en pr\u00e9-retraite, \u00e0 v\u00e9g\u00e9ter dans le club.\u00a0\u00bb<\/p>\n<\/blockquote>\n<p>Partagez cette info avec vos amis et vos proches en cliquant ici<br \/>Pour r\u00e9sumer<\/p>\n<p>Un cadre de l\u2019Union Bordeaux-B\u00e8gles a d\u00e9cid\u00e9 de quitter le club \u00e0 un an de la fin de son contrat. Il ne s\u2019estimait pas consid\u00e9r\u00e9 \u00e0 sa juste valeur par le staff. Mahamadou Diaby veut se relancer un nouveau d\u00e9fi dans sa carri\u00e8re.<\/p>\n<p> <img decoding=\"async\" width=\"76\" height=\"76\" loading=\"lazy\" src=\"https:\/\/www.europesays.com\/fr\/wp-content\/uploads\/2025\/04\/avatar-quinze.png\" alt=\"Arnaud D\u00e9chelotte\"\/><\/p>\n","protected":false},"excerpt":{"rendered":"Un d\u00e9part de plus et inattendu pour l\u2019Union Bordeaux-B\u00e8gles. Ces derni\u00e8res heures, apr\u00e8s la d\u00e9faite en finale du&hellip;\n","protected":false},"author":2,"featured_media":217789,"comment_status":"","ping_status":"","sticky":false,"template":"","format":"standard","meta":{"footnotes":""},"categories":[1416],"tags":[1011,27,479,1468,60],"class_list":{"0":"post-217788","1":"post","2":"type-post","3":"status-publish","4":"format-standard","5":"has-post-thumbnail","7":"category-rugby","8":"tag-fr","9":"tag-france","10":"tag-rugby","11":"tag-rugby-football","12":"tag-sports"},"share_on_mastodon":{"url":"https:\/\/pubeurope.com\/@fr\/114777230178426784","error":""},"_links":{"self":[{"href":"https:\/\/www.europesays.com\/fr\/wp-json\/wp\/v2\/posts\/217788","targetHints":{"allow":["GET"]}}],"collection":[{"href":"https:\/\/www.europesays.com\/fr\/wp-json\/wp\/v2\/posts"}],"about":[{"href":"https:\/\/www.europesays.com\/fr\/wp-json\/wp\/v2\/types\/post"}],"author":[{"embeddable":true,"href":"https:\/\/www.europesays.com\/fr\/wp-json\/wp\/v2\/users\/2"}],"replies":[{"embeddable":true,"href":"https:\/\/www.europesays.com\/fr\/wp-json\/wp\/v2\/comments?post=217788"}],"version-history":[{"count":0,"href":"https:\/\/www.europesays.com\/fr\/wp-json\/wp\/v2\/posts\/217788\/revisions"}],"wp:featuredmedia":[{"embeddable":true,"href":"https:\/\/www.europesays.com\/fr\/wp-json\/wp\/v2\/media\/217789"}],"wp:attachment":[{"href":"https:\/\/www.europesays.com\/fr\/wp-json\/wp\/v2\/media?parent=217788"}],"wp:term":[{"taxonomy":"category","embeddable":true,"href":"https:\/\/www.europesays.com\/fr\/wp-json\/wp\/v2\/categories?post=217788"},{"taxonomy":"post_tag","embeddable":true,"href":"https:\/\/www.europesays.com\/fr\/wp-json\/wp\/v2\/tags?post=217788"}],"curies":[{"name":"wp","href":"https:\/\/api.w.org\/{rel}","templated":true}]}}