{"id":217792,"date":"2025-07-01T09:20:17","date_gmt":"2025-07-01T09:20:17","guid":{"rendered":"https:\/\/www.europesays.com\/fr\/217792\/"},"modified":"2025-07-01T09:20:17","modified_gmt":"2025-07-01T09:20:17","slug":"voici-le-programme-tv-du-gp-ditalie-2025","status":"publish","type":"post","link":"https:\/\/www.europesays.com\/fr\/217792\/","title":{"rendered":"voici le programme TV du GP d&rsquo;Italie 2025"},"content":{"rendered":"<p itemprop=\"description\">Ici, vous retrouverez le programme TV complet pour le Grand Prix d\u2019Italie 2025 en MotoGP, Moto 2, Moto 3.\u00a0<\/p>\n<p dir=\"auto\">Qui pourra arr\u00eater <strong>les Ducati<\/strong> et son <a href=\"https:\/\/www.autoplus.fr\/archives-par-numero\/n-1411\/hamilton-le-magnifique\" rel=\"nofollow noopener\" target=\"_blank\">pilote star<\/a>, le plus titr\u00e9 de la cat\u00e9gorie <strong>MotoGP, Marc M\u00e1rquez<\/strong> ? C\u2019est la question que l\u2019on se pose avant chaque week-end de course de cette saison <strong>2025<\/strong>. Il y a bien un autre pilote, certes, mais c\u2019est encore un <strong>M\u00e1rquez, Alex<\/strong>, son fr\u00e8re. <strong>Les deux sont aux deux premi\u00e8res places du championnat pilote.<\/strong><\/p>\n<p dir=\"auto\">Bien que les deux derniers <strong>Grands Prix<\/strong> avant celui d\u2019<strong>Aragon<\/strong> aient \u00e9t\u00e9 remport\u00e9s par des pilotes non Ducati, <strong>Johann Zarco<\/strong> <a href=\"https:\/\/www.honda.fr\/\" rel=\"nofollow noopener\" target=\"_blank\">sur une <strong>Honda<\/strong><\/a> en France et <strong>Marco Bezzecchi<\/strong> sur une <strong>Aprilia<\/strong> au Royaume-Uni, il est difficile d\u2019imaginer un autre vainqueur qu\u2019un pilote <strong>Ducati<\/strong>. Est-ce qu\u2019encore une fois, <strong>l\u2019un des deux fr\u00e8res M\u00e1rquez<\/strong> arrivera \u00e0 se hisser au sommet ?<\/p>\n<p dir=\"auto\">N\u2019enterrons pas tout de suite l\u2019autre pilote de la <strong><a href=\"https:\/\/www.autoplus.fr\/deux-roues\/ducati-annonce-un-nouveau-monster-pour-2021-299676.html\" target=\"_blank\" rel=\"noopener nofollow\">Ducati officielle<\/a>, Francesco Bagnaia<\/strong>. En retrait, voire m\u00eame en difficult\u00e9 depuis le d\u00e9but de la saison, il y a du mieux, tout de m\u00eame, pour le pilote italien. Est-ce qu\u2019il pourra enfin tirer son \u00e9pingle du jeu lors de ce nouveau week-end de course ? Rappelons tout de m\u00eame que le <strong>double champion du monde<\/strong> est <strong>invaincu sur le trac\u00e9 du Mugello depuis maintenant trois ans<\/strong> !<\/p>\n<p>    Le programme TV complet\u00a0pour ce GP en Italie <\/p>\n<p><strong>Vendredi 20 juin <\/strong><\/p>\n<ul>\n<li>Moto3 &#8211; Essais Libres 1 de\u00a0<strong>9 h 00<\/strong>\u00a0\u00e0\u00a0<strong>9 h 35<\/strong>\u00a0(Canal+ Sport 360)<\/li>\n<li>Moto2 &#8211; Essais Libres 1 de\u00a0<strong>9 h 50<\/strong>\u00a0\u00e0\u00a0<strong>10 h 30<\/strong>\u00a0(Canal+ Sport 360)<\/li>\n<li>MotoGP &#8211; Essais Libres 1 de\u00a0<strong>10 h 45<\/strong>\u00a0\u00e0\u00a0<strong>11 h 30<\/strong>\u00a0(Canal+ Sport 360)<\/li>\n<li>Moto3 &#8211; Essais de\u00a0<strong>13 h 15<\/strong>\u00a0\u00e0\u00a0<strong>13 h 50<\/strong>\u00a0(Canal+ Sport 360)<\/li>\n<li>Moto2 &#8211; Essais de\u00a0<strong>14 h 05<\/strong>\u00a0\u00e0\u00a0<strong>14 h 45<\/strong>\u00a0(Canal+ Sport 360)<\/li>\n<li>MotoGP &#8211; Essais de\u00a0<strong>15 h 00<\/strong>\u00a0\u00e0\u00a0<strong>16 h 00<\/strong>\u00a0(Canal+ Sport 360)<\/li>\n<\/ul>\n<p><strong>Samedi 21 juin <\/strong><\/p>\n<ul>\n<li>Moto3 &#8211; Essais Libres 2 de\u00a0<strong>8 h 40<\/strong>\u00a0\u00e0\u00a0<strong>9 h 10<\/strong>\u00a0(Canal+ Sport 360)<\/li>\n<li>Moto2 &#8211; Essais Libres 2 de\u00a0<strong>9 h 25<\/strong>\u00a0\u00e0\u00a0<strong>9 h 55<\/strong>\u00a0(Canal+ Sport 360)<\/li>\n<li>MotoGP &#8211; Essais Libres 2 de\u00a0<strong>10 h 10<\/strong>\u00a0\u00e0\u00a0<strong>10 h 40<\/strong>\u00a0(Canal+ Sport 360)<\/li>\n<li>MotoGP &#8211; Q1 de\u00a0<strong>10 h 50<\/strong>\u00a0\u00e0\u00a0<strong>11 h 05<\/strong>\u00a0(Canal+ Sport 360)<\/li>\n<li>MotoGP &#8211; Q2 de\u00a0<strong>11 h 15<\/strong>\u00a0\u00e0\u00a0<strong>11 h 30<\/strong>\u00a0(Canal+ Sport 360)<\/li>\n<li>Moto3 &#8211; Q1 de\u00a0<strong>12 h 50<\/strong>\u00a0\u00e0\u00a0<strong>13 h 05<\/strong>\u00a0(Canal+ Sport 360)<\/li>\n<li>Moto3 &#8211; Q2 de\u00a0<strong>13 h 15<\/strong>\u00a0\u00e0\u00a0<strong>13 h 30<\/strong>\u00a0(Canal+ Sport 360)<\/li>\n<li>Moto2 &#8211; Q1 de\u00a0<strong>13 h 45<\/strong>\u00a0\u00e0\u00a0<strong>14 h 00<\/strong>\u00a0(Canal+ Sport 360)<\/li>\n<li>Moto2 &#8211; Q2 de\u00a0<strong>14 h 10<\/strong>\u00a0\u00e0\u00a0<strong>14 h 25<\/strong>\u00a0(Canal+ Sport 360)<\/li>\n<li>MotoGP &#8211; Sprint de\u00a0<strong>15 h 00<\/strong>\u00a0(11 tours) (Canal+ Sport 360)<\/li>\n<\/ul>\n<p><strong>Dimanche 22 juin <\/strong><\/p>\n<ul>\n<li>MotoGP &#8211; Warm Up de\u00a0<strong>9 h 40<\/strong>\u00a0\u00e0\u00a0<strong>9 h 50<\/strong>\u00a0(Canal+ Sport 360)<\/li>\n<li>Moto3 &#8211; Course de\u00a0<strong>11 h 00<\/strong>\u00a0(17 tours) (Canal+ Sport 360)<\/li>\n<li>Moto2 &#8211; Course de\u00a0<strong>12 h 15<\/strong>\u00a0(19 tours) (Canal+ Sport 360)<\/li>\n<li>MotoGP &#8211; Course de\u00a0<strong>14 h 00<\/strong>\u00a0(23 tours) (Canal+)<\/li>\n<\/ul>\n","protected":false},"excerpt":{"rendered":"Ici, vous retrouverez le programme TV complet pour le Grand Prix d\u2019Italie 2025 en MotoGP, Moto 2, Moto&hellip;\n","protected":false},"author":2,"featured_media":217793,"comment_status":"","ping_status":"","sticky":false,"template":"","format":"standard","meta":{"footnotes":""},"categories":[1413],"tags":[1011,27,1638,1457,1456,60],"class_list":{"0":"post-217792","1":"post","2":"type-post","3":"status-publish","4":"format-standard","5":"has-post-thumbnail","7":"category-moto","8":"tag-fr","9":"tag-france","10":"tag-has_diapo","11":"tag-moto","12":"tag-motocycle","13":"tag-sports"},"share_on_mastodon":{"url":"https:\/\/pubeurope.com\/@fr\/114777242122271023","error":""},"_links":{"self":[{"href":"https:\/\/www.europesays.com\/fr\/wp-json\/wp\/v2\/posts\/217792","targetHints":{"allow":["GET"]}}],"collection":[{"href":"https:\/\/www.europesays.com\/fr\/wp-json\/wp\/v2\/posts"}],"about":[{"href":"https:\/\/www.europesays.com\/fr\/wp-json\/wp\/v2\/types\/post"}],"author":[{"embeddable":true,"href":"https:\/\/www.europesays.com\/fr\/wp-json\/wp\/v2\/users\/2"}],"replies":[{"embeddable":true,"href":"https:\/\/www.europesays.com\/fr\/wp-json\/wp\/v2\/comments?post=217792"}],"version-history":[{"count":0,"href":"https:\/\/www.europesays.com\/fr\/wp-json\/wp\/v2\/posts\/217792\/revisions"}],"wp:featuredmedia":[{"embeddable":true,"href":"https:\/\/www.europesays.com\/fr\/wp-json\/wp\/v2\/media\/217793"}],"wp:attachment":[{"href":"https:\/\/www.europesays.com\/fr\/wp-json\/wp\/v2\/media?parent=217792"}],"wp:term":[{"taxonomy":"category","embeddable":true,"href":"https:\/\/www.europesays.com\/fr\/wp-json\/wp\/v2\/categories?post=217792"},{"taxonomy":"post_tag","embeddable":true,"href":"https:\/\/www.europesays.com\/fr\/wp-json\/wp\/v2\/tags?post=217792"}],"curies":[{"name":"wp","href":"https:\/\/api.w.org\/{rel}","templated":true}]}}