{"id":217800,"date":"2025-07-01T09:24:09","date_gmt":"2025-07-01T09:24:09","guid":{"rendered":"https:\/\/www.europesays.com\/fr\/217800\/"},"modified":"2025-07-01T09:24:09","modified_gmt":"2025-07-01T09:24:09","slug":"nagui-epingle-pour-ses-convictions-ecolos-il-est-pris-la-main-dans-le-sac-et-ses-explications-sont-ridicules","status":"publish","type":"post","link":"https:\/\/www.europesays.com\/fr\/217800\/","title":{"rendered":"Nagui \u00e9pingl\u00e9 pour ses convictions \u00e9colos : il est pris la main dans le sac et ses explications sont ridicules"},"content":{"rendered":"<p>Animateur star de France 2, <a href=\"https:\/\/www.closermag.fr\/people\/jetais-tres-gene-nagui-mortifie-par-sa-propre-remarque-a-france-gall-3559647\" rel=\"nofollow noopener\" target=\"_blank\"><br \/>\nNagui<\/a> n\u2019a jamais cach\u00e9 ses convictions \u00e9cologiques. En effet,<br \/>\nle pr\u00e9sentateur de la nouvelle version d\u2019Intervilles (qui se fera<br \/>\nsans vachette) n\u2019h\u00e9site pas \u00e0 <strong>\u00e9voquer le r\u00e9chauffement<br \/>\nclimatique,<\/strong> le sort des animaux en abattoir ou bien<br \/>\nl\u2019empreinte carbone.<\/p>\n<p>Oui mais voil\u00e0, voil\u00e0 que l\u2019animateur a \u00e9t\u00e9 pris la main dans le<br \/>\nsac. \u201cVous ne cachez pas votre engagement en faveur de<br \/>\nl\u2019\u00e9cologie et de la protection de la plan\u00e8te. Vous avez m\u00eame fait<br \/>\nune remarque \u00e0 une candidate de l\u2019\u00e9mission N\u2019oubliez pas les<br \/>\nparoles il y a quelque temps. Mais est-ce que vous-m\u00eame,<br \/>\n<strong>vous \u00eates exemplaire<\/strong> ?\u201d, lui a alors demand\u00e9<br \/>\nune journaliste de RMC.\u00a0<\/p>\n<p>Nagui se retrouve face \u00e0 ses contradictions en \u00e9voquant son<br \/>\nempreinte \u00e9cologique<\/p>\n<p>Ce \u00e0 quoi Nagui r\u00e9torque : \u201cmais absolument pas ! Je n\u2019ai<br \/>\n\u00e9videmment pas que des <strong>gestes parfaits pour la<br \/>\nplan\u00e8te\u201d<\/strong>. La journaliste continue : \u201cPar exemple,<br \/>\ncet \u00e9t\u00e9, vous n\u2019allez pas prendre l\u2019avion pour aller en vacances<br \/>\n?\u201d, lui a-t-elle demand\u00e9.<\/p>\n<p>\u201cJe vais prendre l\u2019avion pour aller du sud de la France au<br \/>\nnord, o\u00f9 nous tournerons Intervilles. Je prendrai l\u2019avion jusqu\u2019\u00e0<br \/>\nParis et ensuite je prendrai le train pour aller dans la banlieue<br \/>\nlilloise et aller \u00e0 Wallers. <strong>Je ne suis absolument pas<br \/>\nparfait\u201d<\/strong><strong>,<\/strong> l\u00e2che-t-il.\u00a0<\/p>\n<p>L&rsquo;animateur d&rsquo;Intervilles se justifie<br \/>\nau sujet de ses vols en avion, et ils vont \u00eatre nombreux cette<br \/>\nann\u00e9e<\/p>\n<p><a href=\"https:\/\/www.closermag.fr\/tv_tele_realite\/anne-elisabeth-lemoine-se-fait-tirer-les-oreilles-cette-pique-de-nagui-en-dit-beaucoup-sur-les-coulisses-de-c-a-vous-3559161\" rel=\"nofollow noopener\" target=\"_blank\"><br \/>\nL&rsquo;animateur de N&rsquo;oubliez pas les paroles<\/a> tente alors de se<br \/>\njustifier : \u201cl\u2019avion c\u2019est un souci si vous le prenez tous les<br \/>\njours. Surtout, je vous signale que, vous faites un Paris-Marseille<br \/>\nou un Paris-Toulouse en avion, <strong>c\u2019est 40 balles,<\/strong><br \/>\nvous voulez prendre le train, c\u2019est 150 balles\u201d, dit-il.<\/p>\n<p>Mais cette justification est-elle suffisante ? \u201cAllez<br \/>\nexpliquer \u00e0 quelqu\u2019un qui n\u2019a que 40 balles pour partir qu\u2019il vaut<br \/>\nmieux pour prot\u00e9ger la plan\u00e8te, d\u00e9pense quatre fois plus\u201d. A<br \/>\nl\u2019avenir, certainement que <a href=\"https:\/\/www.closermag.fr\/people\/de-quel-droit-vous-parlez-nagui-tres-contrarie-dans-telematin-ce-secret-quil-ne-souhaitait-pas-devoiler-3556281\" rel=\"nofollow noopener\" target=\"_blank\"><br \/>\nl\u2019animateur d&rsquo;Intervilles<\/a> se gardera peut-\u00eatre de faire des<br \/>\nr\u00e9flexions \u00e0 certains candidats de ses \u00e9missions. En effet, il y a<br \/>\nquelque temps, il avait fait un commentaire houleux \u00e0 une jeune<br \/>\nfemme qui avait indiqu\u00e9 avoir achet\u00e9 un camion am\u00e9nag\u00e9 : \u201calors<br \/>\nvous connaissez le principe de sauver la nature et la plan\u00e8te<br \/>\n?\u201d, avait-il lanc\u00e9.<\/p>\n","protected":false},"excerpt":{"rendered":"Animateur star de France 2, Nagui n\u2019a jamais cach\u00e9 ses convictions \u00e9cologiques. En effet, le pr\u00e9sentateur de la&hellip;\n","protected":false},"author":2,"featured_media":217801,"comment_status":"","ping_status":"","sticky":false,"template":"","format":"standard","meta":{"footnotes":""},"categories":[1359],"tags":[548,58,59,1011,27,10477,973],"class_list":{"0":"post-217800","1":"post","2":"type-post","3":"status-publish","4":"format-standard","5":"has-post-thumbnail","7":"category-people","8":"tag-article-simple","9":"tag-divertissement","10":"tag-entertainment","11":"tag-fr","12":"tag-france","13":"tag-nagui","14":"tag-people"},"share_on_mastodon":{"url":"https:\/\/pubeurope.com\/@fr\/114777257606659416","error":""},"_links":{"self":[{"href":"https:\/\/www.europesays.com\/fr\/wp-json\/wp\/v2\/posts\/217800","targetHints":{"allow":["GET"]}}],"collection":[{"href":"https:\/\/www.europesays.com\/fr\/wp-json\/wp\/v2\/posts"}],"about":[{"href":"https:\/\/www.europesays.com\/fr\/wp-json\/wp\/v2\/types\/post"}],"author":[{"embeddable":true,"href":"https:\/\/www.europesays.com\/fr\/wp-json\/wp\/v2\/users\/2"}],"replies":[{"embeddable":true,"href":"https:\/\/www.europesays.com\/fr\/wp-json\/wp\/v2\/comments?post=217800"}],"version-history":[{"count":0,"href":"https:\/\/www.europesays.com\/fr\/wp-json\/wp\/v2\/posts\/217800\/revisions"}],"wp:featuredmedia":[{"embeddable":true,"href":"https:\/\/www.europesays.com\/fr\/wp-json\/wp\/v2\/media\/217801"}],"wp:attachment":[{"href":"https:\/\/www.europesays.com\/fr\/wp-json\/wp\/v2\/media?parent=217800"}],"wp:term":[{"taxonomy":"category","embeddable":true,"href":"https:\/\/www.europesays.com\/fr\/wp-json\/wp\/v2\/categories?post=217800"},{"taxonomy":"post_tag","embeddable":true,"href":"https:\/\/www.europesays.com\/fr\/wp-json\/wp\/v2\/tags?post=217800"}],"curies":[{"name":"wp","href":"https:\/\/api.w.org\/{rel}","templated":true}]}}