{"id":217803,"date":"2025-07-01T09:25:11","date_gmt":"2025-07-01T09:25:11","guid":{"rendered":"https:\/\/www.europesays.com\/fr\/217803\/"},"modified":"2025-07-01T09:25:11","modified_gmt":"2025-07-01T09:25:11","slug":"le-grand-palais-de-paris-rouvre-ses-portes-apres-quatre-ans-de-renovation-rts-ch","status":"publish","type":"post","link":"https:\/\/www.europesays.com\/fr\/217803\/","title":{"rendered":"Le Grand Palais de Paris rouvre ses portes apr\u00e8s quatre ans de r\u00e9novation &#8211; rts.ch"},"content":{"rendered":"<p>Le Grand Palais, l&rsquo;un des monuments embl\u00e9matiques de Paris, a rouvert int\u00e9gralement ses portes le 6 juin 2025 apr\u00e8s quatre ann\u00e9es de travaux. A cette occasion, ce chef-d&rsquo;\u0153uvre architectural du d\u00e9but du XXe si\u00e8cle met en avant une exposition des artistes suisses Niki de Saint Phalle et Jean Tinguely.<\/p>\n<p>Le Grand Palais de Paris, h\u00e9ritage de l&rsquo;Exposition universelle de 1900, symbolise l\u2019audace architecturale de la Belle \u00c9poque. Apr\u00e8s quatre ans de r\u00e9novation, ce b\u00e2timent, plus grand que le ch\u00e2teau de Versailles et contenant plus d&rsquo;acier que la Tour Eiffel, accueille \u00e0 nouveau les visiteurs. Le public peut d\u00e9couvrir ses nombreuses galeries et sa nef, l&rsquo;une des plus grandes verri\u00e8res d&rsquo;Europe.<\/p>\n<p>Une exposition phare pour la r\u00e9ouverture<\/p>\n<p>Pour c\u00e9l\u00e9brer sa r\u00e9ouverture, le Grand Palais propose une exposition d\u00e9di\u00e9e aux artistes suisses Niki de Saint Phalle et Jean Tinguely, dont on c\u00e9l\u00e8bre en 2025 le centenaire de la naissance. Cette exposition rassemble environ 200 \u0153uvres, dont certaines rarement pr\u00e9sent\u00e9es au public. Elle refl\u00e8te l&rsquo;esprit des artistes, qui souhaitaient rendre l&rsquo;art accessible et amusant.<\/p>\n<p>Selon Sophie Duplaix, conservatrice en chef des collections contemporaines du Centre Pompidou, \u00ab\u00a0cette exposition est \u00e0 l&rsquo;image de ce qui va se passer au Grand Palais. Puisque c\u2019\u00e9tait des artistes [Niki de Saint Phalle et Jean Tinguely] qui \u00e9taient pour que le public s\u2019amuse dans les mus\u00e9es, aborde l&rsquo;art avec joie et simplicit\u00e9. Et je crois que c\u2019est ce que veut faire le Grand Palais\u00a0\u00bb.<\/p>\n<p>Un espace culturel et de rencontre<\/p>\n<p>Le Grand Palais se veut un lieu de rencontre et d&rsquo;\u00e9change, ouvert \u00e0 toutes et tous. Le b\u00e2timent, t\u00e9moin des \u00e9volutions de la vie parisienne, a accueilli au fil des ans la Com\u00e9die-Fran\u00e7aise, des services administratifs et m\u00eame un h\u00f4pital militaire. Aujourd&rsquo;hui, il retrouve sa place parmi les grands monuments culturels parisiens.<\/p>\n<p class=\"sources\">Sujet TV: Rapha\u00ebl Grand<\/p>\n<p class=\"credit\">Adaptation web: S\u00e9bastien Foggiato<\/p>\n<p class=\"article-footnote\">\u00ab\u00a0Niki de Saint Phalle, Jean Tinguely, Pontus Hulten\u00a0\u00bb, Grand Palais de Paris. Du 26 juin 2025 au 10 janvier 2026.<\/p>\n","protected":false},"excerpt":{"rendered":"Le Grand Palais, l&rsquo;un des monuments embl\u00e9matiques de Paris, a rouvert int\u00e9gralement ses portes le 6 juin 2025&hellip;\n","protected":false},"author":2,"featured_media":217804,"comment_status":"","ping_status":"","sticky":false,"template":"","format":"standard","meta":{"footnotes":""},"categories":[1358],"tags":[2593,1348,1384,1385,1693,2502,5873,251,1386,58,59,3293,1011,27,1398,5874,662,32659,32658,626,716,71],"class_list":{"0":"post-217803","1":"post","2":"type-post","3":"status-publish","4":"format-standard","5":"has-post-thumbnail","7":"category-arts-et-design","8":"tag-artiste","9":"tag-arts","10":"tag-arts-and-design","11":"tag-arts-et-design","12":"tag-arts-et-divertissement","13":"tag-arts-visuels","14":"tag-centre-de-soins","15":"tag-culture","16":"tag-design","17":"tag-divertissement","18":"tag-entertainment","19":"tag-exposition","20":"tag-fr","21":"tag-france","22":"tag-grand-palais","23":"tag-hopitaux-et-cliniques","24":"tag-ile-de-france","25":"tag-jean-tinguely","26":"tag-niki-de-saint-phalle","27":"tag-paris","28":"tag-renovation","29":"tag-sante"},"share_on_mastodon":{"url":"https:\/\/pubeurope.com\/@fr\/114777261601941457","error":""},"_links":{"self":[{"href":"https:\/\/www.europesays.com\/fr\/wp-json\/wp\/v2\/posts\/217803","targetHints":{"allow":["GET"]}}],"collection":[{"href":"https:\/\/www.europesays.com\/fr\/wp-json\/wp\/v2\/posts"}],"about":[{"href":"https:\/\/www.europesays.com\/fr\/wp-json\/wp\/v2\/types\/post"}],"author":[{"embeddable":true,"href":"https:\/\/www.europesays.com\/fr\/wp-json\/wp\/v2\/users\/2"}],"replies":[{"embeddable":true,"href":"https:\/\/www.europesays.com\/fr\/wp-json\/wp\/v2\/comments?post=217803"}],"version-history":[{"count":0,"href":"https:\/\/www.europesays.com\/fr\/wp-json\/wp\/v2\/posts\/217803\/revisions"}],"wp:featuredmedia":[{"embeddable":true,"href":"https:\/\/www.europesays.com\/fr\/wp-json\/wp\/v2\/media\/217804"}],"wp:attachment":[{"href":"https:\/\/www.europesays.com\/fr\/wp-json\/wp\/v2\/media?parent=217803"}],"wp:term":[{"taxonomy":"category","embeddable":true,"href":"https:\/\/www.europesays.com\/fr\/wp-json\/wp\/v2\/categories?post=217803"},{"taxonomy":"post_tag","embeddable":true,"href":"https:\/\/www.europesays.com\/fr\/wp-json\/wp\/v2\/tags?post=217803"}],"curies":[{"name":"wp","href":"https:\/\/api.w.org\/{rel}","templated":true}]}}