{"id":217807,"date":"2025-07-01T09:27:12","date_gmt":"2025-07-01T09:27:12","guid":{"rendered":"https:\/\/www.europesays.com\/fr\/217807\/"},"modified":"2025-07-01T09:27:12","modified_gmt":"2025-07-01T09:27:12","slug":"avant-premiere-tout-pour-la-lumiere-du-jeudi-3-juillet-2025-episode-14-tf1","status":"publish","type":"post","link":"https:\/\/www.europesays.com\/fr\/217807\/","title":{"rendered":"Avant-premi\u00e8re &#8211; Tout pour la lumi\u00e8re du jeudi 3 juillet 2025 &#8211; Episode 14 &#8211; TF1+"},"content":{"rendered":"<ol>\n<li><a href=\"https:\/\/news.google.com\/rss\/articles\/CBMi0AFBVV95cUxNX0JWRWxhYTJGTUlTSWlOeTA4QjZiVE9CbEs2S0VPMTdfUGlhRnkwNXE2WEhWQVg5VDh0Zk5qMEVqUWtFbXA1bFc1T0xVNTVXSXV1eHNINXpFbm9jaGtxZlNaNWFibm1kdGVRZ2t3dUw1eVB5OVRURm1GcTRBMERkN1FtQWZMcDNFZDI3WEJKcWgzMGNPa2JLVXA1ZzIyWWNydjhma2R1SnpjczRIbFNsYW1iMUxlWlcxQWhrZkpjUzJrcTFCWGVNbTFFUFctTXJp?oc=5\" target=\"_blank\" rel=\"noopener\">Avant-premi\u00e8re &#8211; Tout pour la lumi\u00e8re du jeudi 3 juillet 2025 &#8211; Episode 14<\/a>&nbsp;&nbsp;TF1+<\/li>\n<li><a href=\"https:\/\/news.google.com\/rss\/articles\/CBMihgJBVV95cUxQakprT0dlcGw4N2JXMmUyMjQ4QmtHSi16N1FIYVlOak5hX0JGVGdFNFowbEw1Wm5vRDhPZXlsblota1JMUF9ueVRJbzV4N1F1YnJicVIyNE5UQUE2UnRFVktrVTRrU2EwT3NNb1Z2WVVscDFUd1A4bURiTGw2NHRRSlRWYzFzRDRydTgxT3VES09kaDNyeWlzdHZqaUdjZ1NRS2ZKNXRXMjlHZC01Wmd4MUhaeHdsTkI5TEx0dkU1LWtOZEdWUWpyTXVPTWxHdHY1d21nMU9BMGRHWDR2TFFLRDlaZWtyN1cwOW9EdjZrQjVqdHRSLVBoVTczUE9PcnlpQlZ0RnJR?oc=5\" target=\"_blank\" rel=\"noopener\">Tout pour la lumi\u00e8re : \u201cT&rsquo;utilises ta soeur pour te faire de la pub ?\u201d Le r\u00e9sum\u00e9 du 1er juillet (SPOILERS)<\/a>&nbsp;&nbsp;T\u00e9l\u00e9 7 Jours<\/li>\n<li><a href=\"https:\/\/news.google.com\/rss\/articles\/CBMifkFVX3lxTE1BY0pmWUVHZl95czl4eXM2d3pKMnNwd2k4Sm9HSWNaZ0JPZHpVTFZ0MWlpaTNkWG04dHBBTDNGbWVXWVBxU2tDeEJKQno3V1M0ZmhBTU50ellhcm91cFJTM2lSUWtoQUxpbWRHZElhblYzb3UtTzYzRE03ZG9uQQ?oc=5\" target=\"_blank\" rel=\"noopener\">Tout pour la lumi\u00e8re en avance : ce qui vous attend dans l&rsquo;\u00e9pisode 12 du mardi 1er juillet 2025 [SPOILERS]<\/a>&nbsp;&nbsp;AlloCin\u00e9<\/li>\n<li><a href=\"https:\/\/news.google.com\/rss\/articles\/CBMid0FVX3lxTE41SFZ2SFVCTUpYMjRYb1JOSW1SRkRVR3FJdkpvQ0JDckVrRFpFcTBlRWczTHBGM25QUXVMVElEMXhaZG5tNU5GN0R1SXhPRmVLQkV4ZUEzbUNZQmtMeUNmTjJXNHFXWDM0d0dSdFh1RWNpa1Q5Zjgw?oc=5\" target=\"_blank\" rel=\"noopener\">Fans de The Voice et Star Academy ? Ne passez pas \u00e0 c\u00f4t\u00e9 de cette s\u00e9rie \u00e9v\u00e9nement sur TF1 et Netflix<\/a>&nbsp;&nbsp;Yahoo<\/li>\n<li><a href=\"https:\/\/news.google.com\/rss\/articles\/CBMi7gFBVV95cUxPSzl5WVNGVldKcVNURVc4OXRHS0ljZU5seEFlUnZtaDdXaWtIbmlpNXhCYXk2QWdiQXMwVkFqRUYyT1dDdjdQU25nNURNekRfRmpxTFFqYXJJZG9sU3d1ZS1pMktBX09jcnAxZzUzNDJvVHF0dk5KeXhxM1ZMUmhhNWV6ZkFZcE5vMWVvTFJfY1ZFVnpGZVA4M2FnbDFZdUJvcnRQYU1la0k2bExTRVlPWm1jZ3dEV2RRZWMzZkI3Zk9wSGJwMFROdFJDMHEyV2k5RGp3U3F5bG9KUExNS1piUE1GQzE3bGtFRVZOQXFB?oc=5\" target=\"_blank\" rel=\"noopener\">Tout pour la lumi\u00e8re, le r\u00e9sum\u00e9 en avance du mardi 1er juillet : Iris et Noah font \u00e9quipe, Victoria est prise pour cible<\/a>&nbsp;&nbsp;Diverto<\/li>\n<\/ol>\n","protected":false},"excerpt":{"rendered":"Avant-premi\u00e8re &#8211; Tout pour la lumi\u00e8re du jeudi 3 juillet 2025 &#8211; Episode 14&nbsp;&nbsp;TF1+ Tout pour la lumi\u00e8re&hellip;\n","protected":false},"author":2,"featured_media":217808,"comment_status":"","ping_status":"","sticky":false,"template":"","format":"standard","meta":{"footnotes":""},"categories":[1356],"tags":[58,59,1365,31167,1011,27,31171,252,31169,31168,1364,31172,31170],"class_list":{"0":"post-217807","1":"post","2":"type-post","3":"status-publish","4":"format-standard","5":"has-post-thumbnail","7":"category-television","8":"tag-divertissement","9":"tag-entertainment","10":"tag-episode","11":"tag-episode-tout-pour-la-lumiere","12":"tag-fr","13":"tag-france","14":"tag-streaming-tout-pour-la-lumiere","15":"tag-television","16":"tag-tout-pour-la-lumiere","17":"tag-tout-pour-la-lumiere-episode","18":"tag-tv","19":"tag-video-en-streaming-tout-pour-la-lumiere","20":"tag-video-tout-pour-la-lumiere"},"share_on_mastodon":{"url":"https:\/\/pubeurope.com\/@fr\/114777269461820370","error":""},"_links":{"self":[{"href":"https:\/\/www.europesays.com\/fr\/wp-json\/wp\/v2\/posts\/217807","targetHints":{"allow":["GET"]}}],"collection":[{"href":"https:\/\/www.europesays.com\/fr\/wp-json\/wp\/v2\/posts"}],"about":[{"href":"https:\/\/www.europesays.com\/fr\/wp-json\/wp\/v2\/types\/post"}],"author":[{"embeddable":true,"href":"https:\/\/www.europesays.com\/fr\/wp-json\/wp\/v2\/users\/2"}],"replies":[{"embeddable":true,"href":"https:\/\/www.europesays.com\/fr\/wp-json\/wp\/v2\/comments?post=217807"}],"version-history":[{"count":0,"href":"https:\/\/www.europesays.com\/fr\/wp-json\/wp\/v2\/posts\/217807\/revisions"}],"wp:featuredmedia":[{"embeddable":true,"href":"https:\/\/www.europesays.com\/fr\/wp-json\/wp\/v2\/media\/217808"}],"wp:attachment":[{"href":"https:\/\/www.europesays.com\/fr\/wp-json\/wp\/v2\/media?parent=217807"}],"wp:term":[{"taxonomy":"category","embeddable":true,"href":"https:\/\/www.europesays.com\/fr\/wp-json\/wp\/v2\/categories?post=217807"},{"taxonomy":"post_tag","embeddable":true,"href":"https:\/\/www.europesays.com\/fr\/wp-json\/wp\/v2\/tags?post=217807"}],"curies":[{"name":"wp","href":"https:\/\/api.w.org\/{rel}","templated":true}]}}