{"id":217882,"date":"2025-07-01T10:06:09","date_gmt":"2025-07-01T10:06:09","guid":{"rendered":"https:\/\/www.europesays.com\/fr\/217882\/"},"modified":"2025-07-01T10:06:09","modified_gmt":"2025-07-01T10:06:09","slug":"la-jeunesse-fait-partie-integrante-de-mon-projet","status":"publish","type":"post","link":"https:\/\/www.europesays.com\/fr\/217882\/","title":{"rendered":"La jeunesse fait partie int\u00e9grante de mon projet"},"content":{"rendered":"<p>Baptiste Jacquet, 52 ans, ne veut pas \u00eatre un simple candidat aux municipales 2026, mais un dynamiteur. Rencontre avec un Lyonnais qui n\u2019a pas sa langue dans sa poche.<\/p>\n<p>C\u2019est sous un grand ciel bleu matinal que Baptiste Jacquet nous ouvre les portes de sa candidature. Le 26 juin dernier, le pr\u00e9sident de l\u2019association de riverains Gulyver et ancien journaliste culturel avait annonc\u00e9 vouloir se pr\u00e9senter aux \u00e9lections municipales de Lyon, ainsi qu\u2019\u00e0 la mairie du 7e arrondissement. Le tout, sans rejoindre de parti politique, et en se revendiquant de gauche, voire de centre-gauche.<\/p>\n<p>Bien conscient de la concurrence, avec la potentielle candidature de <a href=\"https:\/\/www.lyonmag.com\/profil-personnalite-lyonnaise\/8\/jean-michel-aulas\" target=\"_blank\" rel=\"noopener\">Jean-Michel Aulas<\/a>, et de la faible chance de pouvoir prendre la t\u00eate de la Ville de Lyon, Baptiste Jacquet souhaite n\u00e9anmoins faire bouger les choses : \u00ab\u00a0Je trouve que Gr\u00e9gory Doucet donne trop de le\u00e7ons dans ses discours. Les \u00e9cologistes, je les vois un peu comme des missionnaires : &lsquo;on va vous apprendre la vie&rsquo;, &lsquo;\u00e0 vous adapter&rsquo;, etc&#8230; \u00c7a ne colle pas avec l&rsquo;id\u00e9e que je me fais de l&rsquo;urbanit\u00e9. Pour moi, une ville, c&rsquo;est des styles de vie diff\u00e9rents, des habitudes diff\u00e9rentes. Si l\u2019on vit en ville, c&rsquo;est parce que \u00e7a nous apporte un enrichissement de par la diversit\u00e9 des gens, des modes de vie.\u00a0\u00bb<\/p>\n<p>Plusieurs points semblent \u00eatre plus qu\u2019importants pour le candidat. Tout d\u2019abord le respect de la la\u00efcit\u00e9, en interdisant notamment le voile \u00e0 l\u2019\u00e9cole ou encore la cr\u00e8che \u00e0 la mairie. La s\u00e9curit\u00e9 de toute la ville et principalement des quartiers comme la Guilloti\u00e8re o\u00f9 il vit, ou la Duch\u00e8re. Il souhaite \u00e9galement retirer les mairies d\u2019arrondissements pour gagner en efficacit\u00e9 et faire quelques \u00e9conomies.<\/p>\n<p>En ce qui concerne la ZTL, le point sensible de ces derni\u00e8res semaines, il souhaite \u00ab\u00a0que l\u2019on reparte de z\u00e9ro. Aujourd\u2019hui, entre Cordeliers et la place des Terreaux, il n\u2019y a plus de bus. Que les rues soient pi\u00e9tonnes le week-end, pourquoi pas, mais la semaine, c\u2019est n\u2019importe quoi.\u00a0\u00bb<\/p>\n<p>En mati\u00e8re d\u2019\u00e9cologie, Baptiste Jacquet souhaite trouver un juste milieu : \u00ab\u00a0On veut nous faire changer parce qu&rsquo;avec le d\u00e9r\u00e8glement climatique, \u00e9videmment qu&rsquo;il faut que l&rsquo;on change notre fa\u00e7on de vivre. Mais par exemple, dans les cat\u00e9gories populaires o\u00f9 la voiture est encore le seul mode de libert\u00e9, on ne peut pas les restreindre, parce que la seule r\u00e9action qu&rsquo;ils vont avoir c&rsquo;est de se braquer.\u00a0\u00bb<\/p>\n<p><strong>La jeunesse comme cl\u00e9<\/strong><\/p>\n<p>Afin de faire rayonner Lyon comme une ville dynamique, le candidat pr\u00e9voit de miser sur les 16-24 ans. \u00ab\u00a0La jeunesse fait partie int\u00e9grante de mon projet. Ils sont les ambassadeurs de la ville. On sait tr\u00e8s bien que Lyon va continuer pendant quelques ann\u00e9es \u00e0 perdre des habitants, parce que les familles vont partir \u00e0 cause du r\u00e9chauffement climatique et de la difficult\u00e9 d\u2019accueillir un enfant suppl\u00e9mentaire. L&rsquo;id\u00e9e est de les aider \u00e0 monter une bo\u00eete, et de les accompagner aussi bien dans leurs difficult\u00e9s, que dans leurs envies.\u00a0\u00bb<\/p>\n<p>Pour le moment, le quinquag\u00e9naire ne souhaite volontairement pas pr\u00e9senter un programme aux Lyonnais. Les enjeux g\u00e9opolitiques (conflits en Ukraine, guerre au Moyen-Orient, etc\u2026) et l\u2019actualit\u00e9, \u00e9voluant \u00e0 chaque instant, l\u2019en emp\u00eacheraient&#8230;<\/p>\n<p>Davantage connu pour sa propension \u00e0 utiliser les r\u00e9seaux sociaux pour commenter quotidiennement les actions r\u00e9alis\u00e9es par les \u00e9lus \u00e9cologistes, Baptiste Jacquet parviendra-t-il \u00e0 f\u00e9d\u00e9rer davantage autour de lui ? Ses d\u00e9boires judiciaires avec ces m\u00eames membres de la majorit\u00e9 verte lui font de l&rsquo;ombre. Pour rappel, il avait \u00e9t\u00e9 condamn\u00e9 en septembre dernier \u00e0 6 mois de prison avec sursis pour avoir d\u00e9voil\u00e9 l\u2019adresse personnelle de la d\u00e9put\u00e9e du Rh\u00f4ne <a href=\"https:\/\/www.lyonmag.com\/profil-personnalite-lyonnaise\/708\/marie-charlotte-garin\" target=\"_blank\" rel=\"noopener\">Marie-Charlotte Garin<\/a>.<\/p>\n","protected":false},"excerpt":{"rendered":"Baptiste Jacquet, 52 ans, ne veut pas \u00eatre un simple candidat aux municipales 2026, mais un dynamiteur. Rencontre&hellip;\n","protected":false},"author":2,"featured_media":217883,"comment_status":"","ping_status":"","sticky":false,"template":"","format":"standard","meta":{"footnotes":""},"categories":[1889],"tags":[1111,11,2813,2190,2430,1109,251,1112,2811,1777,674,118,1011,27,1922,1110,1114,2428,2810,12,241,316,25,2812,517,800],"class_list":{"0":"post-217882","1":"post","2":"type-post","3":"status-publish","4":"format-standard","5":"has-post-thumbnail","7":"category-lyon","8":"tag-actu","9":"tag-actualites","10":"tag-article","11":"tag-asvel","12":"tag-auvergne-rhone-alpes","13":"tag-breves","14":"tag-culture","15":"tag-depeches","16":"tag-economique","17":"tag-eu","18":"tag-europe","19":"tag-faits-divers","20":"tag-fr","21":"tag-france","22":"tag-info","23":"tag-informations","24":"tag-infos","25":"tag-lyon","26":"tag-lyonmag","27":"tag-news","28":"tag-ol","29":"tag-politique","30":"tag-republique-francaise","31":"tag-sociale","32":"tag-sport","33":"tag-transports"},"share_on_mastodon":{"url":"https:\/\/pubeurope.com\/@fr\/114777422869802555","error":""},"_links":{"self":[{"href":"https:\/\/www.europesays.com\/fr\/wp-json\/wp\/v2\/posts\/217882","targetHints":{"allow":["GET"]}}],"collection":[{"href":"https:\/\/www.europesays.com\/fr\/wp-json\/wp\/v2\/posts"}],"about":[{"href":"https:\/\/www.europesays.com\/fr\/wp-json\/wp\/v2\/types\/post"}],"author":[{"embeddable":true,"href":"https:\/\/www.europesays.com\/fr\/wp-json\/wp\/v2\/users\/2"}],"replies":[{"embeddable":true,"href":"https:\/\/www.europesays.com\/fr\/wp-json\/wp\/v2\/comments?post=217882"}],"version-history":[{"count":0,"href":"https:\/\/www.europesays.com\/fr\/wp-json\/wp\/v2\/posts\/217882\/revisions"}],"wp:featuredmedia":[{"embeddable":true,"href":"https:\/\/www.europesays.com\/fr\/wp-json\/wp\/v2\/media\/217883"}],"wp:attachment":[{"href":"https:\/\/www.europesays.com\/fr\/wp-json\/wp\/v2\/media?parent=217882"}],"wp:term":[{"taxonomy":"category","embeddable":true,"href":"https:\/\/www.europesays.com\/fr\/wp-json\/wp\/v2\/categories?post=217882"},{"taxonomy":"post_tag","embeddable":true,"href":"https:\/\/www.europesays.com\/fr\/wp-json\/wp\/v2\/tags?post=217882"}],"curies":[{"name":"wp","href":"https:\/\/api.w.org\/{rel}","templated":true}]}}