{"id":217900,"date":"2025-07-01T10:17:10","date_gmt":"2025-07-01T10:17:10","guid":{"rendered":"https:\/\/www.europesays.com\/fr\/217900\/"},"modified":"2025-07-01T10:17:10","modified_gmt":"2025-07-01T10:17:10","slug":"un-militant-du-gud-parti-combattre-en-ukraine-avec-des-neonazis-de-retour-en-france-liberation","status":"publish","type":"post","link":"https:\/\/www.europesays.com\/fr\/217900\/","title":{"rendered":"un militant du GUD parti combattre en Ukraine avec des n\u00e9onazis de retour en France \u2013 Lib\u00e9ration"},"content":{"rendered":"<p class=\"sc-ksZaOG ehjQrN text-element\">Des tranch\u00e9es de l\u2019est ukrainien aux champs du nord de la France. Selon nos informations, un militant d\u2019extr\u00eame droite fran\u00e7ais du GUD parti cet hiver combattre, sous uniforme ukrainien, l\u2019invasion russe aux c\u00f4t\u00e9s, notamment, d\u2019autres n\u00e9onazis hexagonaux, est de retour en France et se ressource sur un tracteur quelque part dans le Nord-Pas-de-Calais. Parenth\u00e8se de tourisme de la guerre ou simple pause avant de repartir se battre ? Dans ce dernier cas, selon les sp\u00e9cialistes interrog\u00e9s par Lib\u00e9ration, il ne serait pas le premier.<\/p>\n<p class=\"sc-ksZaOG ehjQrN text-element\">\u00abUn des objectifs de ce genre d\u2019allers-retours est de faire parler de la cause dans la mouvance, de travailler \u00e0 ce que d\u2019autres militants d\u2019extr\u00eame droite suivent l\u2019exemple\u00bb, estime Adrien Nonjon, chercheur associ\u00e9 \u00e0 la George Washington University, enseignant \u00e0 l\u2019Inalco, \u00e0 Sorbonne Universit\u00e9 ainsi qu\u2019\u00e0 Sciences-Po et auteur de l\u2019ouvrage le <a href=\"https:\/\/www.liberation.fr\/checknews\/quelle-est-limportance-du-regiment-azov-cette-unite-ukrainienne-fondee-par-des-proches-de-la-mouvance-neonazie-20220308_6UPAODEHPVCCBA5Z5BQ2QQZKTQ\/\" target=\"_blank\" rel=\"nofollow noopener\" title=\"https:\/\/www.liberation.fr\/checknews\/quelle-est-limportance-du-regiment-azov-cette-unite-ukrainienne-fondee-par-des-proches-de-la-mouvance-neonazie-20220308_6UPAODEHPVCCBA5Z5BQ2QQZKTQ\/\">R\u00e9giment Azov<\/a>, un nationalisme ukrainien en guerre (Editions du Cerf, 2023) qui suit de pr\u00e8s l\u2019implication de la mouvance dans le conflit ukrainien. \u00abUn cas qui illustre<\/p>\n","protected":false},"excerpt":{"rendered":"Des tranch\u00e9es de l\u2019est ukrainien aux champs du nord de la France. Selon nos informations, un militant d\u2019extr\u00eame&hellip;\n","protected":false},"author":2,"featured_media":217901,"comment_status":"","ping_status":"","sticky":false,"template":"","format":"standard","meta":{"footnotes":""},"categories":[1590],"tags":[11,1777,674,1076,12,220,297],"class_list":{"0":"post-217900","1":"post","2":"type-post","3":"status-publish","4":"format-standard","5":"has-post-thumbnail","7":"category-ukraine","8":"tag-actualites","9":"tag-eu","10":"tag-europe","11":"tag-extreme-droite","12":"tag-news","13":"tag-ukraine","14":"tag-ukraine-la-crise"},"share_on_mastodon":{"url":"https:\/\/pubeurope.com\/@fr\/114777466130482022","error":""},"_links":{"self":[{"href":"https:\/\/www.europesays.com\/fr\/wp-json\/wp\/v2\/posts\/217900","targetHints":{"allow":["GET"]}}],"collection":[{"href":"https:\/\/www.europesays.com\/fr\/wp-json\/wp\/v2\/posts"}],"about":[{"href":"https:\/\/www.europesays.com\/fr\/wp-json\/wp\/v2\/types\/post"}],"author":[{"embeddable":true,"href":"https:\/\/www.europesays.com\/fr\/wp-json\/wp\/v2\/users\/2"}],"replies":[{"embeddable":true,"href":"https:\/\/www.europesays.com\/fr\/wp-json\/wp\/v2\/comments?post=217900"}],"version-history":[{"count":0,"href":"https:\/\/www.europesays.com\/fr\/wp-json\/wp\/v2\/posts\/217900\/revisions"}],"wp:featuredmedia":[{"embeddable":true,"href":"https:\/\/www.europesays.com\/fr\/wp-json\/wp\/v2\/media\/217901"}],"wp:attachment":[{"href":"https:\/\/www.europesays.com\/fr\/wp-json\/wp\/v2\/media?parent=217900"}],"wp:term":[{"taxonomy":"category","embeddable":true,"href":"https:\/\/www.europesays.com\/fr\/wp-json\/wp\/v2\/categories?post=217900"},{"taxonomy":"post_tag","embeddable":true,"href":"https:\/\/www.europesays.com\/fr\/wp-json\/wp\/v2\/tags?post=217900"}],"curies":[{"name":"wp","href":"https:\/\/api.w.org\/{rel}","templated":true}]}}