{"id":217905,"date":"2025-07-01T10:20:22","date_gmt":"2025-07-01T10:20:22","guid":{"rendered":"https:\/\/www.europesays.com\/fr\/217905\/"},"modified":"2025-07-01T10:20:22","modified_gmt":"2025-07-01T10:20:22","slug":"lactivite-manufacturiere-se-redresse-avec-les-nouvelles-commandes","status":"publish","type":"post","link":"https:\/\/www.europesays.com\/fr\/217905\/","title":{"rendered":"L&rsquo;activit\u00e9 manufacturi\u00e8re se redresse avec les nouvelles commandes"},"content":{"rendered":"<p>L&rsquo;indice d\u00e9finitif du secteur manufacturier est ressorti \u00e0 49,0 en juin, son plus haut niveau depuis ao\u00fbt 2022, et est conforme \u00e0 l&rsquo;estimation \u00ab\u00a0flash\u00a0\u00bb donn\u00e9e le mois dernier et aux attentes des \u00e9conomistes interrog\u00e9s par Reuters. Il s&rsquo;\u00e9tait \u00e9tabli en mai \u00e0 48,3.<\/p>\n<p>Il reste cependant en dessous du seuil des 50 s\u00e9parant croissance et contraction de l&rsquo;activit\u00e9.<\/p>\n<p>Les nouvelles commandes ont augment\u00e9 pour la troisi\u00e8me fois en quatre mois, les commandes \u00e0 l&rsquo;exportation \u00e9tant particuli\u00e8rement fortes, stimul\u00e9es par la demande de la Chine, de l&rsquo;Europe et des Etats-Unis.<\/p>\n<p>Pour Cyrus de la Rubia, chef \u00e9conomiste chez Hamburg Commercial Bank, cette hausse des nouvelles commandes est \u00ab\u00a0encourageante\u00a0\u00bb car elle ne traduit pas seulement une anticipation des importateurs am\u00e9ricains en amont du rel\u00e8vement des droits de douane mais aussi des signes d&rsquo;un redressement de la demande int\u00e9rieure.<\/p>\n<p>L&rsquo;acc\u00e9l\u00e9ration du rythme des suppressions d&#8217;emplois dans le secteur interroge cependant sur la vigueur de ce redressement, a-t-il not\u00e9. <\/p>\n<p>L&#8217;emploi dans le secteur a continu\u00e9 de baisser, enregistrant le repli le plus important en quatre mois, ce qui, combin\u00e9 \u00e0 la r\u00e9duction des stocks d&rsquo;achats, a maintenu l&rsquo;indice PMI en territoire de contraction.<\/p>\n<p>La baisse des effectifs, qui dure d\u00e9sormais depuis deux ans, refl\u00e8te une utilisation r\u00e9duite des capacit\u00e9s et des efforts visant \u00e0 accro\u00eetre la productivit\u00e9, pr\u00e9cise l&rsquo;enqu\u00eate.<\/p>\n<p>Les perspectives des entreprises se sont am\u00e9lior\u00e9es, atteignant leur plus haut niveau depuis f\u00e9vrier 2022, l&rsquo;optimisme \u00e9tant li\u00e9 notamment aux projets d&rsquo;investissement du gouvernement allemand.<\/p>\n<p>\u00ab\u00a0Les signes d&rsquo;une reprise, m\u00eame si elle est un peu lente, se multiplient\u00a0\u00bb, a soulign\u00e9 Cyrus de la Rubia.<\/p>\n<p>\u00ab\u00a0Dans l\u2019ensemble, l&rsquo;indice PMI global est orient\u00e9 \u00e0 la hausse et est sur le point de franchir une phase d&rsquo;expansion\u00a0\u00bb, a-t-il ajout\u00e9.<\/p>\n<p> (R\u00e9dig\u00e9 par Miranda Murray; version fran\u00e7aise Claude Chendjou, \u00e9dit\u00e9 par Augustin Turpin)<\/p>\n","protected":false},"excerpt":{"rendered":"L&rsquo;indice d\u00e9finitif du secteur manufacturier est ressorti \u00e0 49,0 en juin, son plus haut niveau depuis ao\u00fbt 2022,&hellip;\n","protected":false},"author":2,"featured_media":217906,"comment_status":"","ping_status":"","sticky":false,"template":"","format":"standard","meta":{"footnotes":""},"categories":[1587],"tags":[11,672,1804,1805,2125,1803,1777,674,1801,2124,12,1802],"class_list":{"0":"post-217905","1":"post","2":"type-post","3":"status-publish","4":"format-standard","5":"has-post-thumbnail","7":"category-allemagne","8":"tag-actualites","9":"tag-allemagne","10":"tag-bundesrepublik-deutschland","11":"tag-de","12":"tag-depeches-reuters","13":"tag-deutschland","14":"tag-eu","15":"tag-europe","16":"tag-germany","17":"tag-infos-reuters","18":"tag-news","19":"tag-republique-federale-dallemagne"},"share_on_mastodon":{"url":"https:\/\/pubeurope.com\/@fr\/114777478106095695","error":""},"_links":{"self":[{"href":"https:\/\/www.europesays.com\/fr\/wp-json\/wp\/v2\/posts\/217905","targetHints":{"allow":["GET"]}}],"collection":[{"href":"https:\/\/www.europesays.com\/fr\/wp-json\/wp\/v2\/posts"}],"about":[{"href":"https:\/\/www.europesays.com\/fr\/wp-json\/wp\/v2\/types\/post"}],"author":[{"embeddable":true,"href":"https:\/\/www.europesays.com\/fr\/wp-json\/wp\/v2\/users\/2"}],"replies":[{"embeddable":true,"href":"https:\/\/www.europesays.com\/fr\/wp-json\/wp\/v2\/comments?post=217905"}],"version-history":[{"count":0,"href":"https:\/\/www.europesays.com\/fr\/wp-json\/wp\/v2\/posts\/217905\/revisions"}],"wp:featuredmedia":[{"embeddable":true,"href":"https:\/\/www.europesays.com\/fr\/wp-json\/wp\/v2\/media\/217906"}],"wp:attachment":[{"href":"https:\/\/www.europesays.com\/fr\/wp-json\/wp\/v2\/media?parent=217905"}],"wp:term":[{"taxonomy":"category","embeddable":true,"href":"https:\/\/www.europesays.com\/fr\/wp-json\/wp\/v2\/categories?post=217905"},{"taxonomy":"post_tag","embeddable":true,"href":"https:\/\/www.europesays.com\/fr\/wp-json\/wp\/v2\/tags?post=217905"}],"curies":[{"name":"wp","href":"https:\/\/api.w.org\/{rel}","templated":true}]}}