{"id":217916,"date":"2025-07-01T10:26:11","date_gmt":"2025-07-01T10:26:11","guid":{"rendered":"https:\/\/www.europesays.com\/fr\/217916\/"},"modified":"2025-07-01T10:26:11","modified_gmt":"2025-07-01T10:26:11","slug":"golf-mise-a-lhonneur-de-lequipe-unss-saint-charles-info-chalon-com","status":"publish","type":"post","link":"https:\/\/www.europesays.com\/fr\/217916\/","title":{"rendered":"Golf : Mise \u00e0 l&rsquo;honneur de l&rsquo;\u00e9quipe UNSS Saint-Charles &#8211; info-chalon.com"},"content":{"rendered":"<p>Mardi 24 juin 2025, les jeunes golfeurs de l&rsquo;\u00e9quipe UNSS Saint-Charles ont \u00e9t\u00e9 mis \u00e0 l&rsquo;honneur \u00e0 l&rsquo;occasion de la soir\u00e9e de fin d&rsquo;ann\u00e9e organis\u00e9e sur le site du coll\u00e8ge Le Devoir par l&rsquo;APEL Saint-Charles. Plus de d\u00e9tails avec Info Chalon.<\/p>\n<p style=\"text-align: left;\"><strong>Pour la deuxi\u00e8me ann\u00e9e cons\u00e9cutive, ces jeunes golfeurs ont remport\u00e9 la comp\u00e9tition UNSS de golf, toutes cat\u00e9gories confondues \u2014 lyc\u00e9ens inclus ! \u2014 et le titre de Champion inter-Acad\u00e9mique cat\u00e9gorie Excellence.\u00a0<\/strong><\/p>\n<p style=\"text-align: left;\"><strong>Ludovic Dugenest<\/strong>, responsable de la Commission jeunes de l&rsquo;AS Golf La Roseraie, a profit\u00e9 de la soir\u00e9e de fin d&rsquo;ann\u00e9e organis\u00e9e par l&rsquo;APEL Saint-Charles sur le site du coll\u00e8ge Le Devoir, pour leur remettre un troph\u00e9e, en pr\u00e9sence de <strong>Jean-Pascal Troubat<\/strong>, le principal du coll\u00e8ge priv\u00e9 Saint-Charles.<\/p>\n<p style=\"text-align: left;\">Une \u00e9quipe emmen\u00e9e par <strong>Amaury Lavoll\u00e9e<\/strong>, jeune coach \u00e0 l&rsquo;avenir radieux, et ses co\u00e9quipiers <strong>Andr\u00e9 Dugenest<\/strong>, <strong>Alix Lavoll\u00e9e<\/strong>, <strong>Esteban Castellon<\/strong> et <strong>Liloubrune Gerhart<\/strong>, absente ce jour-l\u00e0, qui a fait preuve d&rsquo;une d\u00e9termination sans faille.<\/p>\n<p style=\"text-align: left;\">Malgr\u00e9 leur qualification, nos jeunes Chalonnais n&rsquo;ont pas pu participer au Championnat de France qui a eu lieu cette ann\u00e9e exactement aux m\u00eames dates que le brevet blanc&#8230;<\/p>\n<p style=\"text-align: left;\">Le nouveau r\u00e9glement UNSS imposant une participation mixte autant de filles que de gar\u00e7ons ils n&rsquo;ont pas \u00e9t\u00e9 en mesure de se rendre au Golf de P\u00e9rigueux (P\u00e9rigord) pour croiser le fer avec les autres acad\u00e9mies.<\/p>\n<p style=\"text-align: left;\">Nul doute que sans ce t\u00e9l\u00e9scopage scolaire-sportif, un r\u00e9sultat brillant tendait les bras \u00e0 l&rsquo;\u00e9quipe d&rsquo;Amaury mais, comme le dit l&rsquo;expression, ce n&rsquo;est que partie remise.<\/p>\n<p style=\"text-align: left;\">En tout cas, un grand bravo \u00e0 leurs camarades dijonnais du Coll\u00e8ge Saint-Fran\u00e7ois de Salle qui, sous la houlette de leur professeur d&rsquo;EPS <strong>\u00c9tienne Perrodin<\/strong>, sont devenus champions de France dans la Cat\u00e9gorie Coll\u00e8ge Etablissement.<\/p>\n<p style=\"text-align: left;\">Mentions sp\u00e9ciales \u00e0 Alix et Liloubrune, sans qui cette \u00e9quipe n&rsquo;aurait pu exister. \u00c9galement \u00e0 Andr\u00e9 Dugenest, vice-champion d\u00e9partemental 18T 2025 apr\u00e8s son titre sur 9T l&rsquo;an dernier, \u00e0 Esteban Castellon, vice-champion de Bourgogne Franche-Comt\u00e9 2025 en individuel et champion par \u00e9quipe 2 chez les messieurs, ainsi qu&rsquo;\u00e0 Amaury Lavoll\u00e9e, actuellement class\u00e9 dans les 40 meilleurs golfeurs U14 fran\u00e7ais et donc qualifi\u00e9 au m\u00e9rite pour le prochain Championnat de France, fin juillet au Golf du Gouverneur \u00e0 Lyon (Rh\u00f4ne).<strong><br \/><\/strong><\/p>\n<p style=\"text-align: left;\"><strong>Nous leur souhaitons \u00e0 tous de bonnes vacances ainsi qu&rsquo;une bonne continuation \u00e0 Liloubrune qui tourne d\u00e9sormais la page du coll\u00e8ge et fera la prochaine rentr\u00e9e scolaire au lyc\u00e9e.<\/strong><\/p>\n<p style=\"text-align: left;\">\u00a0<\/p>\n<p><strong>Karim Bouakline-Venegas Al Gharnati<\/strong><\/p>\n","protected":false},"excerpt":{"rendered":"Mardi 24 juin 2025, les jeunes golfeurs de l&rsquo;\u00e9quipe UNSS Saint-Charles ont \u00e9t\u00e9 mis \u00e0 l&rsquo;honneur \u00e0 l&rsquo;occasion&hellip;\n","protected":false},"author":2,"featured_media":217917,"comment_status":"","ping_status":"","sticky":false,"template":"","format":"standard","meta":{"footnotes":""},"categories":[1418],"tags":[1011,27,1472,60],"class_list":{"0":"post-217916","1":"post","2":"type-post","3":"status-publish","4":"format-standard","5":"has-post-thumbnail","7":"category-golf","8":"tag-fr","9":"tag-france","10":"tag-golf","11":"tag-sports"},"share_on_mastodon":{"url":"https:\/\/pubeurope.com\/@fr\/114777501394142300","error":""},"_links":{"self":[{"href":"https:\/\/www.europesays.com\/fr\/wp-json\/wp\/v2\/posts\/217916","targetHints":{"allow":["GET"]}}],"collection":[{"href":"https:\/\/www.europesays.com\/fr\/wp-json\/wp\/v2\/posts"}],"about":[{"href":"https:\/\/www.europesays.com\/fr\/wp-json\/wp\/v2\/types\/post"}],"author":[{"embeddable":true,"href":"https:\/\/www.europesays.com\/fr\/wp-json\/wp\/v2\/users\/2"}],"replies":[{"embeddable":true,"href":"https:\/\/www.europesays.com\/fr\/wp-json\/wp\/v2\/comments?post=217916"}],"version-history":[{"count":0,"href":"https:\/\/www.europesays.com\/fr\/wp-json\/wp\/v2\/posts\/217916\/revisions"}],"wp:featuredmedia":[{"embeddable":true,"href":"https:\/\/www.europesays.com\/fr\/wp-json\/wp\/v2\/media\/217917"}],"wp:attachment":[{"href":"https:\/\/www.europesays.com\/fr\/wp-json\/wp\/v2\/media?parent=217916"}],"wp:term":[{"taxonomy":"category","embeddable":true,"href":"https:\/\/www.europesays.com\/fr\/wp-json\/wp\/v2\/categories?post=217916"},{"taxonomy":"post_tag","embeddable":true,"href":"https:\/\/www.europesays.com\/fr\/wp-json\/wp\/v2\/tags?post=217916"}],"curies":[{"name":"wp","href":"https:\/\/api.w.org\/{rel}","templated":true}]}}