{"id":217927,"date":"2025-07-01T10:34:14","date_gmt":"2025-07-01T10:34:14","guid":{"rendered":"https:\/\/www.europesays.com\/fr\/217927\/"},"modified":"2025-07-01T10:34:14","modified_gmt":"2025-07-01T10:34:14","slug":"pierre-menes-lache-une-info-sur-le-mercato","status":"publish","type":"post","link":"https:\/\/www.europesays.com\/fr\/217927\/","title":{"rendered":"Pierre M\u00e9n\u00e8s l\u00e2che une info sur le mercato"},"content":{"rendered":"<p>Le march\u00e9 des transferts a ouvert ses portes et les rumeurs arrivent chaque jour. Le PSG, qui risque de se montrer tr\u00e8s actif cet \u00e9t\u00e9, a pour ambition de rajouter de la qualit\u00e9 \u00e0 son effectif. Les joueurs recrut\u00e9s viendraient pour doubler certains postes afin de faire reposer quelques cadres, certainement fatigu\u00e9s apr\u00e8s une longue saison.<\/p>\n<p>Des recrues apr\u00e8s la Coupe du Monde des Clubs ?<\/p>\n<p>Pierre M\u00e9n\u00e8s, qui a l\u2019habitude de s\u2019exprimer sur l\u2019actualit\u00e9 parisienne, pense savoir que les dirigeants du <a href=\"https:\/\/allezparis.fr\/cat\/actu-psg\" rel=\"nofollow noopener\" target=\"_blank\">PSG<\/a> recruteront entre trois et quatre joueurs. \u00ab\u00a0Le recrutement est loin d\u2019\u00eatre termin\u00e9, il n\u2019a m\u00eame pas commenc\u00e9. Les 3-4 joueurs qui vont venir seront dans la rotation. Peut-\u00eatre un joueur pour soulager Hakimi\u00a0\u00bb a-t-il d\u00e9clar\u00e9 lundi sur ses r\u00e9seaux.<\/p>\n<p><img decoding=\"async\" src=\"data:image\/svg+xml,%3Csvg%20xmlns=\" http:=\"\" alt=\"\ud83d\udccc\" class=\"wp-smiley\" style=\"height: 1em; max-height: 1em;\" data-lazy-src=\"https:\/\/www.europesays.com\/fr\/wp-content\/uploads\/2025\/06\/1f4cc.png\"\/>\u00a0 Sur le m\u00eame sujet<\/p>\n<ul class=\"liste-articles-sim\">\n<li><a href=\"https:\/\/allezparis.fr\/mercato\/mercato-le-psg-pret-a-patienter-pour-frapper-un-grand-coup-43195\" rel=\"nofollow noopener\" target=\"_blank\">Mercato : le PSG pr\u00eat \u00e0 patienter pour frapper un grand coup !<\/a><\/li>\n<li><a href=\"https:\/\/allezparis.fr\/psg-hand\/mercato-le-psg-ouvre-une-piste-etonnante-en-defense-43188\" rel=\"nofollow noopener\" target=\"_blank\">Mercato : le PSG ouvre une piste \u00e9tonnante en d\u00e9fense !<\/a><\/li>\n<\/ul>\n<p>Avec l\u2019enchainement des matches, Luis Enrique aimerait soulager un peu ses joueurs. Des nouvelles recrues seraient donc attendues sur toutes les lignes, en passant de la d\u00e9fense \u00e0 l\u2019attaque. Ils ne viendraient pas forc\u00e9ment en tant que titulaires, m\u00eame si l\u2019entraineur espagnol a toujours eu comme objectif de faire jouer les meilleurs.<\/p>\n<p>Les prochains jours, notamment \u00e0 l\u2019issue de la Coupe du Monde des Clubs, devraient \u00eatre plus actifs. Des arriv\u00e9es sont donc pr\u00e9vues, mais aussi des d\u00e9parts avec de nombreux jours pouss\u00e9s vers la sortie.<\/p>\n<p>Pub.\tle 01\/07\/2025 &#8211; 10:35<br \/>\n &#8211; MAJ 01\/07\/2025 &#8211; 11:19<\/p>\n","protected":false},"excerpt":{"rendered":"Le march\u00e9 des transferts a ouvert ses portes et les rumeurs arrivent chaque jour. Le PSG, qui risque&hellip;\n","protected":false},"author":2,"featured_media":217928,"comment_status":"","ping_status":"","sticky":false,"template":"","format":"standard","meta":{"footnotes":""},"categories":[1410],"tags":[63,1011,27,1434,27885,93,60],"class_list":{"0":"post-217927","1":"post","2":"type-post","3":"status-publish","4":"format-standard","5":"has-post-thumbnail","7":"category-football","8":"tag-football","9":"tag-fr","10":"tag-france","11":"tag-mercato","12":"tag-pierre-menes","13":"tag-psg","14":"tag-sports"},"share_on_mastodon":{"url":"https:\/\/pubeurope.com\/@fr\/114777533200315948","error":""},"_links":{"self":[{"href":"https:\/\/www.europesays.com\/fr\/wp-json\/wp\/v2\/posts\/217927","targetHints":{"allow":["GET"]}}],"collection":[{"href":"https:\/\/www.europesays.com\/fr\/wp-json\/wp\/v2\/posts"}],"about":[{"href":"https:\/\/www.europesays.com\/fr\/wp-json\/wp\/v2\/types\/post"}],"author":[{"embeddable":true,"href":"https:\/\/www.europesays.com\/fr\/wp-json\/wp\/v2\/users\/2"}],"replies":[{"embeddable":true,"href":"https:\/\/www.europesays.com\/fr\/wp-json\/wp\/v2\/comments?post=217927"}],"version-history":[{"count":0,"href":"https:\/\/www.europesays.com\/fr\/wp-json\/wp\/v2\/posts\/217927\/revisions"}],"wp:featuredmedia":[{"embeddable":true,"href":"https:\/\/www.europesays.com\/fr\/wp-json\/wp\/v2\/media\/217928"}],"wp:attachment":[{"href":"https:\/\/www.europesays.com\/fr\/wp-json\/wp\/v2\/media?parent=217927"}],"wp:term":[{"taxonomy":"category","embeddable":true,"href":"https:\/\/www.europesays.com\/fr\/wp-json\/wp\/v2\/categories?post=217927"},{"taxonomy":"post_tag","embeddable":true,"href":"https:\/\/www.europesays.com\/fr\/wp-json\/wp\/v2\/tags?post=217927"}],"curies":[{"name":"wp","href":"https:\/\/api.w.org\/{rel}","templated":true}]}}