{"id":217931,"date":"2025-07-01T10:36:27","date_gmt":"2025-07-01T10:36:27","guid":{"rendered":"https:\/\/www.europesays.com\/fr\/217931\/"},"modified":"2025-07-01T10:36:27","modified_gmt":"2025-07-01T10:36:27","slug":"courbet-renoir-cezanne-eva-jospin-2-expositions-a-ornans-invitent-a-une-sublime-traversee-du-paysage","status":"publish","type":"post","link":"https:\/\/www.europesays.com\/fr\/217931\/","title":{"rendered":"Courbet, Renoir, Cezanne, Eva Jospin&#8230; 2 expositions \u00e0 Ornans invitent \u00e0 une sublime travers\u00e9e du paysage"},"content":{"rendered":"<p>Le p\u00f4le Courbet, \u00e0 Ornans, propose une saison sous le signe de la nature avec deux expositions compl\u00e9mentaires. L\u2019une, au Mus\u00e9e Courbet, s\u2019int\u00e9resse aux artistes marcheurs du XIXe si\u00e8cle qui ont \u00e9prouv\u00e9 le paysage avant de l\u2019immortaliser, l\u2019autre donne carte blanche \u00e0 Eva Jospin dans l\u2019Atelier r\u00e9cemment restaur\u00e9. \u00c0 voir jusqu\u2019au 19 octobre.<\/p>\n<p class=\"field_LQ2154C\">\u00ab Seules les pens\u00e9es qui vous viennent en marchant ont de la valeur \u00bb, disait Nietzsche. Regarder la nature est une chose, l\u2019arpenter et en faire l\u2019exp\u00e9rience physique en est une autre. C\u2019est sous cet angle que le <a href=\"https:\/\/www.connaissancedesarts.com\/arts-expositions\/leon-frederic-chez-courbet-au-musee-courbet-ornans-11101359\/\" rel=\"nofollow noopener\" target=\"_blank\">Mus\u00e9e Courbet<\/a> \u00e9tudie la question du <a href=\"https:\/\/musee-courbet.fr\/\" rel=\"nofollow noopener\" target=\"_blank\"><a href=\"https:\/\/musee-courbet.fr\/\" target=\"_blank\" rel=\"noopener nofollow\">paysage au XIXe si\u00e8cle<\/a> en r\u00e9unissant, autour de la figure de Gustave Courbet \u2013 lui-m\u00eame grand marcheur -, des \u0153uvres d\u2019adeptes du plein air comme Pierre-Henri de Valenciennes, Th\u00e9odore Rousseau, Stanislas L\u00e9pine, Auguste Renoir, Paul Signac, Paul Cezanne\u2026 En parall\u00e8le, l\u2019Atelier Courbet invite la plasticienne Eva Jospin (n\u00e9e en 1975), dont les cr\u00e9ations oniriques, nourries de r\u00e9f\u00e9rences au pass\u00e9, entrent en r\u00e9sonance avec l\u2019\u0153uvre du ma\u00eetre d\u2019Ornans.<\/p>\n<p>Du r\u00e9alisme \u00e0 l\u2019impressionnisme<\/p>\n<p class=\"field_LQ2154C\">Pour concevoir l\u2019exposition \u00ab Paysages de marche \u00bb, Benjamin Foudral, directeur et conservateur du Mus\u00e9e et P\u00f4le Courbet, a travaill\u00e9 en collaboration avec l\u2019historien de l\u2019art Pierre Wat, auteur de l\u2019ouvrage P\u00e9r\u00e9grinations. Paysages entre nature et histoire (2017). Ensemble, ils ont r\u00e9uni une soixantaine d\u2019\u0153uvres \u2013 peintures, dessins, sculptures et photographies \u2013 provenant du mus\u00e9e d\u2019Orsay, du Louvre, de la <a href=\"https:\/\/www.connaissancedesarts.com\/musees\/fondation-custodia\/turner-rosa-bonheur-corot-un-siecle-de-paysages-a-la-fondation-custodia-11168580\/\" rel=\"nofollow noopener\" target=\"_blank\">Fondation Custodia<\/a>, du mus\u00e9e d\u2019Art et d\u2019Arch\u00e9ologie de Valence, des mus\u00e9es des Beaux-Arts de Quimper, Reims, Dole, Nantes, Dijon\u2026 Pr\u00e9sent\u00e9es au fil de sections th\u00e9matiques, toutes \u00e9clairent les raisons et modalit\u00e9s du d\u00e9placement chez les artistes.<\/p>\n<p><img loading=\"lazy\" width=\"653\" height=\"524\" decoding=\"async\" aria-describedby=\"caption-attachment-203095\" src=\"data:image\/svg+xml,%3Csvg%20xmlns=\" http:=\"\" alt=\"Gustave Courbet, Le Ch\u00eane de Flagey, dit aussi Ch\u00eane de Vercing\u00e9torix, camp de C\u00e9sar pr\u00e8s d\u2019Al\u00e9sia, 1864, huile sur toile, 103 x 125,7 cm, Ornans, mus\u00e9e d\u00e9partemental Gustave Courbet \u00a9 Mus\u00e9e d\u00e9partemental Gustave Courbet \/ Photo : Pierre Guenat\" class=\"size-medium wp-image-203095\" data-lazy-src=\"https:\/\/www.europesays.com\/fr\/wp-content\/uploads\/2025\/07\/cda25_ops_courbet_rousseau-tt-width-653-height-524-fill-0-crop-0-bgcolor-eeeeee.jpg\"\/><\/p>\n<p id=\"caption-attachment-203095\" class=\"wp-caption-text\">Gustave Courbet, Le Ch\u00eane de Flagey, dit aussi Ch\u00eane de Vercing\u00e9torix, camp de C\u00e9sar pr\u00e8s d\u2019Al\u00e9sia, 1864, huile sur toile, 103 x 125,7 cm, Ornans, mus\u00e9e d\u00e9partemental Gustave Courbet \u00a9 Mus\u00e9e d\u00e9partemental Gustave Courbet \/ Photo : Pierre Guenat<\/p>\n<p class=\"field_LQ2154C\">En 1799, dans le texte R\u00e9flexions et conseils \u00e0 un \u00e9l\u00e8ve sur la peinture et particuli\u00e8rement sur l\u2019art du paysage, Pierre-Henri de Valenciennes est l\u2019un des premiers artistes \u00e0 parler de la marche comme d\u2019un \u00ab avant \u00bb n\u00e9cessaire \u00e0 la repr\u00e9sentation de la nature. Le cheminement et l\u2019errance ouvrent l\u2019exposition, entre itin\u00e9raires trac\u00e9s (Alfred Sisley, Auguste Renoir et son Chemin montant dans les hautes herbes) et d\u00e9couverte d\u2019espaces plus sauvages, hors des sentiers battus (au hasard de la for\u00eat pour Th\u00e9odore Rousseau et les peintres de Barbizon). En phase avec l\u2019id\u00e9al romantique, incarn\u00e9 par la figure du Wanderer allemand, marcher sans but, c\u2019est accepter de se perdre pour mieux se trouver.<\/p>\n<p><img loading=\"lazy\" width=\"653\" height=\"423\" decoding=\"async\" aria-describedby=\"caption-attachment-203096\" src=\"data:image\/svg+xml,%3Csvg%20xmlns=\" http:=\"\" alt=\"Th\u00e9odore Rousseau, Int\u00e9rieur de for\u00eat, entre 1836 et 1837, huile sur toile, 65 x 103 cm, Paris, mus\u00e9e d'Orsay \u00a9 GrandPalaisRmn (mus\u00e9e d'Orsay) \/ Sylvie Chan-Liat\" class=\"size-medium wp-image-203096\" data-lazy-src=\"https:\/\/www.europesays.com\/fr\/wp-content\/uploads\/2025\/07\/cda25_ops_courbet_th_rousseau-tt-width-653-height-423-fill-0-crop-0-bgcolor-eeeeee.jpg\"\/><\/p>\n<p id=\"caption-attachment-203096\" class=\"wp-caption-text\">Th\u00e9odore Rousseau, Int\u00e9rieur de for\u00eat, entre 1836 et 1837, huile sur toile, 65 x 103 cm, Paris, mus\u00e9e d\u2019Orsay \u00a9 GrandPalaisRmn (mus\u00e9e d\u2019Orsay) \/ Sylvie Chan-Liat<\/p>\n<p>Fouler la terre et tutoyer les sommets<\/p>\n<p class=\"field_LQ2154C\">Consacr\u00e9 aux territoires familiers, un autre chapitre montre \u00e0 quel point certains peintres, tels Gustave Courbet, Auguste Pointelin ou L\u00e9on Fr\u00e9d\u00e9ric, connaissent les paysages qu\u2019ils repr\u00e9sentent. Ce sont ceux de l\u2019enfance, de la m\u00e9moire, de l\u2019affect. Plus loin, avec Jean-Fran\u00e7ois Raffa\u00eblli ou Georges Michel, le parcours aborde la question, centrale au XIXe si\u00e8cle, de la fronti\u00e8re ville-campagne, red\u00e9finie \u00e0 l\u2019heure de l\u2019industrialisation.<\/p>\n<p><img loading=\"lazy\" width=\"653\" height=\"470\" decoding=\"async\" aria-describedby=\"caption-attachment-203094\" src=\"data:image\/svg+xml,%3Csvg%20xmlns=\" http:=\"\" alt=\"Auguste Pointelin, Paysage, combe, vers 1924-1925, huile sur toile, 52,7 x 72.6 cm, Dole, mus\u00e9e des Beaux-arts \u00a9 Mus\u00e9e des Beaux-Arts de Dole, cl. P. Guenat\" class=\"size-medium wp-image-203094\" data-lazy-src=\"https:\/\/www.europesays.com\/fr\/wp-content\/uploads\/2025\/07\/cda25_ops_courbet_pointelin-tt-width-653-height-470-fill-0-crop-0-bgcolor-eeeeee.jpg\"\/><\/p>\n<p id=\"caption-attachment-203094\" class=\"wp-caption-text\">Auguste Pointelin, Paysage, combe, vers 1924-1925, huile sur toile, 52,7 x 72.6 cm, Dole, mus\u00e9e des Beaux-arts \u00a9 Mus\u00e9e des Beaux-Arts de Dole, cl. P. Guenat<\/p>\n<p class=\"field_LQ2154C\">Se confronter \u00e0 la nature, c\u2019est aussi prendre conscience que l\u2019on foule des terres charg\u00e9es d\u2019histoire, fa\u00e7onn\u00e9es par les si\u00e8cles (Paul <a href=\"https:\/\/www.connaissancedesarts.com\/artistes\/paul-cezanne\/expositions-parcours-dans-la-ville-visite-immersive-aix-en-provence-prepare-un-hommage-grandiose-a-cezanne-11196943\/\" rel=\"nofollow noopener\" target=\"_blank\">Cezanne<\/a> au c\u0153ur des anciennes carri\u00e8res de Bib\u00e9mus, pr\u00e8s d\u2019Aix-en-Provence). Enfin, la marche peut \u00eatre synonyme d\u2019aventure et d\u2019effort physique intense. En t\u00e9moigne le peintre-alpiniste Gabriel Lopp\u00e9, figure m\u00e9connue dont les somptueux paysages de montagne b\u00e9n\u00e9ficient d\u2019une salle enti\u00e8re.\u00a0\u00ab Au XIXe si\u00e8cle, le monde acc\u00e9l\u00e8re. C\u2019est le temps du progr\u00e8s technique, du d\u00e9veloppement du chemin de fer. En se focalisant sur la marche, qui mobilise le corps et l\u2019esprit, l\u2019exposition est \u00e0 la fois un hymne \u00e0 la nature et un \u00e9loge de la lenteur \u00bb, poursuit Benjamin Foudral.<\/p>\n<p><img loading=\"lazy\" width=\"653\" height=\"878\" decoding=\"async\" aria-describedby=\"caption-attachment-203093\" src=\"data:image\/svg+xml,%3Csvg%20xmlns=\" http:=\"\" alt=\"Gabriel Lopp\u00e9, Dent du G\u00e9ant et Glacier du G\u00e9ant, avec trois ascensionnistes, 1882, huile sur toile, 192 x 150 cm, Chamonix, Association \u00ab Les Amis du Vieux Chamonix \u00bb \u00a9 Collection Amis du Vieux Chamonix\" class=\"size-medium wp-image-203093\" data-lazy-src=\"https:\/\/www.europesays.com\/fr\/wp-content\/uploads\/2025\/07\/cda25_ops_courbet_loppe-tt-width-653-height-878-fill-0-crop-0-bgcolor-eeeeee.jpg\"\/><\/p>\n<p id=\"caption-attachment-203093\" class=\"wp-caption-text\">Gabriel Lopp\u00e9, Dent du G\u00e9ant et Glacier du G\u00e9ant, avec trois ascensionnistes, 1882, huile sur toile, 192 x 150 cm, Chamonix, Association \u00ab Les Amis du Vieux Chamonix \u00bb \u00a9 Collection Amis du Vieux Chamonix<\/p>\n<p>L\u2019art de prendre son temps<\/p>\n<p class=\"field_LQ2154C\">La m\u00eame philosophie traverse la \u00ab Chambre d\u2019\u00e9cho \u00bb d\u2019<a href=\"https:\/\/www.connaissancedesarts.com\/arts-expositions\/art-contemporain\/exposition-a-toulouse-derniers-jours-pour-decouvrir-les-fascinantes-ruines-imaginaires-deva-jospin-11200262\/\" rel=\"nofollow noopener\" target=\"_blank\">Eva Jospin<\/a> \u00e0 l\u2019Atelier Courbet, qui apr\u00e8s plusieurs moins de restauration, redevient un lieu d\u00e9di\u00e9 \u00e0 la cr\u00e9ation. En dialogue avec deux toiles du ma\u00eetre \u2013 La Remise de chevreuils et La Source de la Loue \u2013 l\u2019artiste d\u00e9voile six \u0153uvres in\u00e9dites \u00e0 la crois\u00e9e du dessin, de la sculpture et de l\u2019installation, entre dentelle de carton et broderie au fil de soie. Une promenade au c\u0153ur de for\u00eats et de grottes imaginaires, une parenth\u00e8se enchant\u00e9e propice \u00e0 la contemplation et \u00e0 la r\u00eaverie.<\/p>\n<p><img loading=\"lazy\" width=\"653\" height=\"435\" decoding=\"async\" aria-describedby=\"caption-attachment-203092\" src=\"data:image\/svg+xml,%3Csvg%20xmlns=\" http:=\"\" alt=\"Eva Jospin, Herbes, 2015, bois et carton, 164 \u00d7 280 \u00d7 74 cm, collection de l'artiste \u00a9 Atelier Eva Jospin, Adagp, Paris, 2025\" class=\"size-medium wp-image-203092\" data-lazy-src=\"https:\/\/www.europesays.com\/fr\/wp-content\/uploads\/2025\/07\/cda25_ops_courbet_eva_jospin-tt-width-653-height-435-fill-0-crop-0-bgcolor-eeeeee.jpg\"\/><\/p>\n<p id=\"caption-attachment-203092\" class=\"wp-caption-text\">Eva Jospin, Herbes, 2015, bois et carton, 164 \u00d7 280 \u00d7 74 cm, collection de l\u2019artiste \u00a9 Atelier Eva Jospin, Adagp, Paris, 2025<\/p>\n<p class=\"field_LQ2154C\">\u00ab Eva Jospin avait d\u00e9j\u00e0 dialogu\u00e9 avec Courbet en 2019 lors d\u2019une exposition \u00e0 Ferrare. J\u2019ai imm\u00e9diatement pens\u00e9 \u00e0 l\u2019inviter, et c\u2019est \u00e0 partir de l\u00e0 que s\u2019est construite notre saison \u201cArt et nature\u201c. Le Mus\u00e9e et l\u2019Atelier se font \u00e9cho, avec d\u2019un c\u00f4t\u00e9 le paysage v\u00e9cu par les artistes marcheurs au XIXe si\u00e8cle, de l\u2019autre la nature r\u00eav\u00e9e d\u2019Eva Jospin \u00bb, explique Benjamin Foudral.<\/p>\n<p>\u00ab Paysages de marche. Dans les traces de Rousseau, Courbet, Renoir, C\u00e9zanne et les autres \u00bb<br \/>Mus\u00e9e Courbet, 1 place Robert Fernier, 25290 Ornans<br \/>&amp;<br \/>\u00ab Eva Jospin. Chambre d\u2019\u00e9cho \u00bb<br \/>Atelier Courbet, 14 avenue du Mar\u00e9chal de Lattre de Tassigny, 25290 Ornans<br \/>\ndu 28 juin au 19 octobre<br \/>\n\u00ab Nuances v\u00e9g\u00e9tales. H\u00e9l\u00e8ne Combal-Weiss \u00bb<br \/>La Ferme Courbet, 28 Grande rue, 25330 Flagey<br \/>Jusqu\u2019au 4 janvier 2026<\/p>\n<p>#CultureEtRuralit\u00e9 \u2013 d\u00e9couvrez le mus\u00e9e Courbet \u00e0 Ornans<\/p>\n","protected":false},"excerpt":{"rendered":"Le p\u00f4le Courbet, \u00e0 Ornans, propose une saison sous le signe de la nature avec deux expositions compl\u00e9mentaires.&hellip;\n","protected":false},"author":2,"featured_media":217932,"comment_status":"","ping_status":"","sticky":false,"template":"","format":"standard","meta":{"footnotes":""},"categories":[1358],"tags":[1348,1384,1385,1386,58,59,1011,27],"class_list":{"0":"post-217931","1":"post","2":"type-post","3":"status-publish","4":"format-standard","5":"has-post-thumbnail","7":"category-arts-et-design","8":"tag-arts","9":"tag-arts-and-design","10":"tag-arts-et-design","11":"tag-design","12":"tag-divertissement","13":"tag-entertainment","14":"tag-fr","15":"tag-france"},"share_on_mastodon":{"url":"https:\/\/pubeurope.com\/@fr\/114777541014344542","error":""},"_links":{"self":[{"href":"https:\/\/www.europesays.com\/fr\/wp-json\/wp\/v2\/posts\/217931","targetHints":{"allow":["GET"]}}],"collection":[{"href":"https:\/\/www.europesays.com\/fr\/wp-json\/wp\/v2\/posts"}],"about":[{"href":"https:\/\/www.europesays.com\/fr\/wp-json\/wp\/v2\/types\/post"}],"author":[{"embeddable":true,"href":"https:\/\/www.europesays.com\/fr\/wp-json\/wp\/v2\/users\/2"}],"replies":[{"embeddable":true,"href":"https:\/\/www.europesays.com\/fr\/wp-json\/wp\/v2\/comments?post=217931"}],"version-history":[{"count":0,"href":"https:\/\/www.europesays.com\/fr\/wp-json\/wp\/v2\/posts\/217931\/revisions"}],"wp:featuredmedia":[{"embeddable":true,"href":"https:\/\/www.europesays.com\/fr\/wp-json\/wp\/v2\/media\/217932"}],"wp:attachment":[{"href":"https:\/\/www.europesays.com\/fr\/wp-json\/wp\/v2\/media?parent=217931"}],"wp:term":[{"taxonomy":"category","embeddable":true,"href":"https:\/\/www.europesays.com\/fr\/wp-json\/wp\/v2\/categories?post=217931"},{"taxonomy":"post_tag","embeddable":true,"href":"https:\/\/www.europesays.com\/fr\/wp-json\/wp\/v2\/tags?post=217931"}],"curies":[{"name":"wp","href":"https:\/\/api.w.org\/{rel}","templated":true}]}}