{"id":217937,"date":"2025-07-01T10:39:14","date_gmt":"2025-07-01T10:39:14","guid":{"rendered":"https:\/\/www.europesays.com\/fr\/217937\/"},"modified":"2025-07-01T10:39:14","modified_gmt":"2025-07-01T10:39:14","slug":"celine-dion-et-marine-de-la-star-academy-au-meme-niveau-vocalement-cette-note-quelles-sont-les-seules-a-pouvoir-tenir","status":"publish","type":"post","link":"https:\/\/www.europesays.com\/fr\/217937\/","title":{"rendered":"C\u00e9line Dion et Marine de la \u00ab\u00a0Star Academy\u00a0\u00bb au m\u00eame niveau vocalement ? Cette note qu\u2019elles sont les seules \u00e0 pouvoir tenir"},"content":{"rendered":"<p>      R\u00e9sum\u00e9<\/p>\n<p>Marine Delplace, r\u00e9v\u00e9lation de la Star Academy 2024, poursuit sa carri\u00e8re musicale avec un premier album et des moments forts en tourn\u00e9e. <\/p>\n<p>        Sommaire<\/p>\n<p>La vie de <a href=\"https:\/\/www.public.fr\/tag\/marine-delplace\" rel=\"nofollow noopener\" target=\"_blank\">Marine Delplace<\/a> a chang\u00e9 du tout au tout depuis le 25 janvier dernier, date \u00e0 laquelle la jeune femme a remport\u00e9 <strong>la douzi\u00e8me \u00e9dition de la Star Academy<\/strong>. <\/p>\n<p>Exit son aventure au sein du ch\u00e2teau de Dammarie-les-Lys, elle encha\u00eene en effet les projets. En pleine promotion de son premier album baptis\u00e9\u00a0C\u0153ur maladroit, elle \u00e9tait d&rsquo;ailleurs, ce lundi 30 juin 2025, l&rsquo;invit\u00e9e exceptionnelle d&rsquo;Anne-\u00c9lisabeth Lemoine sur le plateau de <a href=\"https:\/\/x.com\/cavousf5\" target=\"_blank\" rel=\"noreferrer noopener nofollow\">C \u00e0 vous<\/a>. L&rsquo;occasion pour elle de revenir sur ses d\u00e9buts dans l&rsquo;industrie musicale, mais aussi d&rsquo;\u00e9voquer la fin de la tourn\u00e9e Star Academy. <\/p>\n<p>Marine Deplace interpr\u00e8te All by Myself <\/p>\n<p>Ce dimanche 29 juin 2025, les \u00e9l\u00e8ves de la promo 2024 ont boucl\u00e9 leur incroyable aventure sur la sc\u00e8ne de l&rsquo;Arena du Pays d&rsquo;Aix \u00e0 Aix-en-Provence.<\/p>\n<p>Pour cette derni\u00e8re repr\u00e9sentation, <a href=\"https:\/\/www.public.fr\/marine-et-maia-star-academy-baiser-surprise-en-plein-concert-les-fans-en-feu\" rel=\"nofollow noopener\" target=\"_blank\">Marine et Ma\u00efa ont offert un baiser surprise \u00e0 leurs admirateurs<\/a>. Un instant fort, aussit\u00f4t relay\u00e9 sur les r\u00e9seaux sociaux.<\/p>\n<p>Au-del\u00e0 de cet instant magique salu\u00e9 par les m\u00e9lomanes, Marine a une nouvelle fois \u00e9bloui le public en livrant <strong>une puissante interpr\u00e9tation de All by Myself<\/strong>, c\u00e9l\u00e8bre titre d&rsquo;Eric Carmen repris avec brio par C\u00e9line Dion en 1996. Un morceau redoutable, aux notes vertigineuses, que peu d&rsquo;artistes osent affronter&#8230; mais que <strong>Marine a su apprivoiser avec brio<\/strong>. <\/p>\n<p>\u00ab\u00a0On a fait 59 dates, donc au bout d&rsquo;un moment, on prend l&rsquo;habitude, on stresse de moins en moins\u00a0\u00bb, a-t-elle confi\u00e9 avant d&rsquo;ajouter : \u00ab\u00a0<strong>C&rsquo;est de plus en plus facile parce que \u00e7a se muscle<\/strong>\u00ab\u00a0. <\/p>\n<blockquote class=\"twitter-tweet\">\n<p>Marine, aussi forte que C\u00e9line !<br \/>\u00ab\u202f\u00c0 chaque fois, c\u2019est un moment de stress pour atteindre cette note. Mais \u00e0 force, la voix se muscle. Sur 59 dates, je consid\u00e8re que seulement 2 \u00e9taient un peu moins bien.\u202f\u00bb<a href=\"https:\/\/twitter.com\/hashtag\/C%C3%A0Vous?src=hash&amp;ref_src=twsrc%5Etfw\" rel=\"nofollow noopener\" target=\"_blank\">#C\u00e0Vous<\/a> <a href=\"https:\/\/t.co\/GGW9Kj6ytj\" rel=\"nofollow\">pic.twitter.com\/GGW9Kj6ytj<\/a><\/p>\n<p>\u2014 C \u00e0 vous (@cavousf5) <a href=\"https:\/\/twitter.com\/cavousf5\/status\/1939770606402064703?ref_src=twsrc%5Etfw\" rel=\"nofollow noopener\" target=\"_blank\">June 30, 2025<\/a><\/p><\/blockquote>\n<p>La chanteuse proche de Julien Dor\u00e9<\/p>\n<p>Outre ces confidences sur les d\u00e9fis li\u00e9s \u00e0 la ma\u00eetrise de sa voix, c&rsquo;est dans les colonnes du Pure Charts que Marine a abord\u00e9 un autre sujet qui lui tient \u00e0 c\u0153ur : <strong>son lien avec Julien Dor\u00e9<\/strong>. <\/p>\n<p>\u00ab\u00a0En fait, c&rsquo;\u00e9tait plus un soutien \u00e0 c\u00f4t\u00e9 m\u00eame si on n&rsquo;a pas collabor\u00e9 sur cet album ensemble.\u00a0Il est toujours l\u00e0 pour moi. Il m&rsquo;envoie beaucoup de messages, toutes les semaines quasiment. Il prend des nouvelles\u00a0\u00bb, a r\u00e9v\u00e9l\u00e9 la chanteuse en herbe. <\/p>\n<p>Et de poursuivre : \u00ab\u00a0Il m&rsquo;a invit\u00e9e sur son Z\u00e9nith \u00e0 Lille pour chanter avec lui et c&rsquo;est un artiste que j&rsquo;adore. Donc oui, <strong>\u00e7a a \u00e9t\u00e9 un soutien<\/strong>.\u00a0J&rsquo;esp\u00e8re par la suite pouvoir travailler avec lui sur de la musique. Il a \u00e9t\u00e9 tr\u00e8s pr\u00e9sent\u00a0\u00bb. On croise les doigts !<\/p>\n<p>      Mentionn\u00e9s dans cet article<\/p>\n<p>\u00c0 lire aussi<\/p>\n<p><script async src=\"https:\/\/platform.twitter.com\/widgets.js\" charset=\"utf-8\"><\/script><\/p>\n","protected":false},"excerpt":{"rendered":"R\u00e9sum\u00e9 Marine Delplace, r\u00e9v\u00e9lation de la Star Academy 2024, poursuit sa carri\u00e8re musicale avec un premier album et&hellip;\n","protected":false},"author":2,"featured_media":217938,"comment_status":"","ping_status":"","sticky":false,"template":"","format":"standard","meta":{"footnotes":""},"categories":[1355],"tags":[58,59,1011,27,8520,1361,873,5095],"class_list":{"0":"post-217937","1":"post","2":"type-post","3":"status-publish","4":"format-standard","5":"has-post-thumbnail","7":"category-musique","8":"tag-divertissement","9":"tag-entertainment","10":"tag-fr","11":"tag-france","12":"tag-marine-delplace","13":"tag-music","14":"tag-musique","15":"tag-star-academy"},"share_on_mastodon":{"url":"https:\/\/pubeurope.com\/@fr\/114777552575218121","error":""},"_links":{"self":[{"href":"https:\/\/www.europesays.com\/fr\/wp-json\/wp\/v2\/posts\/217937","targetHints":{"allow":["GET"]}}],"collection":[{"href":"https:\/\/www.europesays.com\/fr\/wp-json\/wp\/v2\/posts"}],"about":[{"href":"https:\/\/www.europesays.com\/fr\/wp-json\/wp\/v2\/types\/post"}],"author":[{"embeddable":true,"href":"https:\/\/www.europesays.com\/fr\/wp-json\/wp\/v2\/users\/2"}],"replies":[{"embeddable":true,"href":"https:\/\/www.europesays.com\/fr\/wp-json\/wp\/v2\/comments?post=217937"}],"version-history":[{"count":0,"href":"https:\/\/www.europesays.com\/fr\/wp-json\/wp\/v2\/posts\/217937\/revisions"}],"wp:featuredmedia":[{"embeddable":true,"href":"https:\/\/www.europesays.com\/fr\/wp-json\/wp\/v2\/media\/217938"}],"wp:attachment":[{"href":"https:\/\/www.europesays.com\/fr\/wp-json\/wp\/v2\/media?parent=217937"}],"wp:term":[{"taxonomy":"category","embeddable":true,"href":"https:\/\/www.europesays.com\/fr\/wp-json\/wp\/v2\/categories?post=217937"},{"taxonomy":"post_tag","embeddable":true,"href":"https:\/\/www.europesays.com\/fr\/wp-json\/wp\/v2\/tags?post=217937"}],"curies":[{"name":"wp","href":"https:\/\/api.w.org\/{rel}","templated":true}]}}