{"id":217947,"date":"2025-07-01T10:44:10","date_gmt":"2025-07-01T10:44:10","guid":{"rendered":"https:\/\/www.europesays.com\/fr\/217947\/"},"modified":"2025-07-01T10:44:10","modified_gmt":"2025-07-01T10:44:10","slug":"un-marin-observe-un-iceberg-noir","status":"publish","type":"post","link":"https:\/\/www.europesays.com\/fr\/217947\/","title":{"rendered":"Un marin observe un iceberg noir"},"content":{"rendered":"<p data-start=\"234\" data-end=\"624\">Alors que les <a href=\"https:\/\/sciencepost.fr\/rechauffement-climatique-les-glaciers-a-laube-de-leur-disparition\/\" target=\"_blank\" rel=\"noopener nofollow\">glaciers<\/a> du monde fondent \u00e0 un<br \/>\nrythme inqui\u00e9tant sous l\u2019effet du changement climatique, des<br \/>\nd\u00e9couvertes inattendues \u00e9mergent litt\u00e9ralement des profondeurs<br \/>\ngel\u00e9es de notre plan\u00e8te. Certaines sont biologiques \u2014 comme des<br \/>\nvirus ou des bact\u00e9ries emprisonn\u00e9s dans le perg\u00e9lisol depuis des<br \/>\nmill\u00e9naires \u2014 d\u2019autres sont g\u00e9ologiques, arch\u00e9ologiques, voire tout<br \/>\nsimplement myst\u00e9rieuses.<\/p>\n<p data-start=\"626\" data-end=\"969\">Mais celle-ci semble tout droit<br \/>\nsortie d\u2019un roman d\u2019aventure polaire : un iceberg noir,<br \/>\ngigantesque, vein\u00e9 comme du marbre, flottant dans les eaux glac\u00e9es<br \/>\ndu nord-est du Canada. Ce spectacle rarissime a \u00e9t\u00e9 aper\u00e7u par un<br \/>\nmarin exp\u00e9riment\u00e9 au large du Labrador. Et selon les glaciologues,<br \/>\nil pourrait dater d\u2019il y a plus de 100 000 ans.<\/p>\n<p>Une rencontre glaciale hors du<br \/>\ncommun<\/p>\n<p data-start=\"1019\" data-end=\"1313\">Hallur Antoniussen, marin<br \/>\ndepuis plus de 50 ans \u00e0 bord du chalutier-usine Saputi, pensait avoir tout vu. Mais un<br \/>\nmatin, en grimpant au sommet de la grue du bateau pour scruter<br \/>\nl\u2019horizon, quelque chose d\u2019\u00e9trange attire son regard : un iceberg<br \/>\nnoir, massif, d\u2019une forme presque g\u00e9om\u00e9trique.<\/p>\n<p data-start=\"1315\" data-end=\"1532\">\u00ab J\u2019ai vu des icebergs<br \/>\nroul\u00e9s sur la plage avec des rochers \u00bb, <a href=\"https:\/\/www.cbc.ca\/news\/canada\/newfoundland-labrador\/black-iceberg-labrador-coast-1.7551078\" target=\"_blank\" rel=\"noopener nofollow\">raconte<\/a>-t-il \u00e0 Radio-Canada. \u00ab<br \/>\nMais celui-ci est compl\u00e8tement diff\u00e9rent. Il n\u2019est pas<br \/>\nseulement noir \u2014 il est vein\u00e9, anguleux, presque comme un<br \/>\nlosange. \u00bb<\/p>\n<p data-start=\"1534\" data-end=\"1881\">Le marin estime sa taille \u00e0<br \/>\ntrois fois celle d\u2019un bungalow. Stup\u00e9fait par cette vision<br \/>\nsurr\u00e9aliste, il court dans sa cabine chercher son t\u00e9l\u00e9phone pour<br \/>\nimmortaliser la sc\u00e8ne. Une fois la photo partag\u00e9e sur Facebook, les<br \/>\ninternautes s\u2019enflamment : entre fascination, th\u00e9ories farfelues et<br \/>\nhypoth\u00e8ses scientifiques, l\u2019iceberg noir devient viral.<\/p>\n<p>Pourquoi un iceberg peut-il<br \/>\n\u00eatre noir ?<\/p>\n<p data-start=\"1933\" data-end=\"2169\">Dans l\u2019imaginaire collectif,<br \/>\nun iceberg est toujours blanc, bleut\u00e9 au mieux. Mais le noir ?<br \/>\nC\u2019est une autre histoire. L\u2019hypoth\u00e8se la plus cr\u00e9dible vient du<br \/>\nglaciologue Lev Tarasov, sp\u00e9cialiste des syst\u00e8mes glaciaires<br \/>\nterrestres.<\/p>\n<p data-start=\"2171\" data-end=\"2584\">Selon lui, la couleur sombre<br \/>\nde cet iceberg pourrait provenir de cendres volcaniques<br \/>\nemprisonn\u00e9es dans la glace. Des volcans sont actifs sous les<br \/>\ncalottes glaciaires islandaises, et des points chauds ont \u00e9t\u00e9<br \/>\nidentifi\u00e9s au centre du Groenland. Une autre piste \u00e9voqu\u00e9e : les<br \/>\nd\u00e9bris d\u2019une ancienne m\u00e9t\u00e9orite tomb\u00e9e au Groenland, qui auraient<br \/>\npu contaminer localement la glace avec des particules sombres.<\/p>\n<p data-start=\"2586\" data-end=\"2817\">Ce type de mati\u00e8re organique<br \/>\nou min\u00e9rale peut rester captif dans la glace pendant des dizaines<br \/>\nvoire des centaines de milliers d\u2019ann\u00e9es, sans jamais \u00eatre expos\u00e9 \u00e0<br \/>\nla lumi\u00e8re du jour\u2026 jusqu\u2019\u00e0 ce que la fonte actuelle les<br \/>\nlib\u00e8re.<\/p>\n<p><img loading=\"lazy\" data-lazyloaded=\"1\" decoding=\"async\" class=\"size-full wp-image-311993\" src=\"https:\/\/sciencepost.fr\/wp-content\/uploads\/2025\/06\/lev-tarasov.avif\" alt=\"iceberg\" width=\"1180\" height=\"787\"  data-\/><br \/>\nTarasov est photographi\u00e9 ici en train de mener des recherches sur<br \/>\nle terrain au Groenland l\u2019\u00e9t\u00e9 dernier. Le professeur affirme que<br \/>\nl\u2019iceberg noir pourrait contenir de la glace vieille de plus de 100<br \/>\n000 ans. Cr\u00e9dits : Lev TarasovCe que cache la surface : la<br \/>\nface cach\u00e9e des icebergs<\/p>\n<p data-start=\"2883\" data-end=\"3141\">Les icebergs se forment<br \/>\nlorsqu\u2019un morceau de glacier ou de calotte glaciaire se d\u00e9tache<br \/>\npour d\u00e9river en mer. En raison de leur composition en eau douce,<br \/>\nmoins dense que l\u2019eau sal\u00e9e, ils flottent \u2014 mais \u00e0 peine : 90 % de<br \/>\nleur masse reste immerg\u00e9e.<\/p>\n<p data-start=\"3143\" data-end=\"3523\">Et c\u2019est peut-\u00eatre l\u00e0 la cl\u00e9<br \/>\ndu myst\u00e8re. Selon Tarasov, l\u2019iceberg noir observ\u00e9 pourrait n\u2019\u00eatre<br \/>\nautre que le fond d\u2019un iceberg retourn\u00e9. Au fil du temps, sous<br \/>\nl\u2019effet des courants, des collisions et de la fonte, certains<br \/>\nicebergs basculent, exposant leur ventre sombre, enrichi de<br \/>\npoussi\u00e8res, de roches et de d\u00e9bris collect\u00e9s tout au long de leur<br \/>\nlent voyage depuis les terres.<\/p>\n<p>Une archive glac\u00e9e du climat<br \/>\net des cataclysmes<\/p>\n<p data-start=\"3583\" data-end=\"3862\">Les scientifiques consid\u00e8rent<br \/>\nles calottes glaciaires comme des archives naturelles du climat<br \/>\nterrestre. En \u00e9tudiant les bulles d\u2019air, les particules et les<br \/>\nisotopes pi\u00e9g\u00e9s dans la glace, on peut remonter l\u2019histoire de<br \/>\nl\u2019atmosph\u00e8re sur des centaines de milliers d\u2019ann\u00e9es.<\/p>\n<p data-start=\"3864\" data-end=\"4137\">C\u2019est ce qui rend cette<br \/>\nobservation si intrigante : cet iceberg noir pourrait contenir des<br \/>\ntraces d\u2019\u00e9v\u00e9nements volcaniques anciens, voire de chutes de<br \/>\nm\u00e9t\u00e9orites oubli\u00e9es, qui aideraient les chercheurs \u00e0 mieux<br \/>\ncomprendre l\u2019histoire climatique et g\u00e9ologique de la Terre.<\/p>\n<p>Un aper\u00e7u de l\u2019invisible<\/p>\n<p data-start=\"4174\" data-end=\"4494\">Ce genre de d\u00e9couverte<br \/>\nrappelle que nous n\u2019en savons qu\u2019une infime partie sur ce que<br \/>\ncachent les glaces de notre plan\u00e8te. En fondant, elles r\u00e9v\u00e8lent<br \/>\npetit \u00e0 petit leurs secrets : animaux pr\u00e9historiques congel\u00e9s,<br \/>\nbact\u00e9ries inconnues, objets perdus\u2026 et parfois, des fragments noirs<br \/>\net \u00e9nigmatiques d\u2019un pass\u00e9 lointain.<\/p>\n<p data-start=\"4496\" data-end=\"4735\">Alors que le r\u00e9chauffement<br \/>\nclimatique continue de transformer notre environnement, des<br \/>\nr\u00e9v\u00e9lations comme celle de l\u2019iceberg noir rappellent \u00e0 la fois la<br \/>\nfragilit\u00e9 de notre monde\u2026 et la richesse de ce qu\u2019il a encore \u00e0<br \/>\nnous raconter.<\/p>\n","protected":false},"excerpt":{"rendered":"Alors que les glaciers du monde fondent \u00e0 un rythme inqui\u00e9tant sous l\u2019effet du changement climatique, des d\u00e9couvertes&hellip;\n","protected":false},"author":2,"featured_media":217948,"comment_status":"","ping_status":"","sticky":false,"template":"","format":"standard","meta":{"footnotes":""},"categories":[7],"tags":[1011,27,43,40,41,39,42,44],"class_list":{"0":"post-217947","1":"post","2":"type-post","3":"status-publish","4":"format-standard","5":"has-post-thumbnail","7":"category-sciences-et-technologies","8":"tag-fr","9":"tag-france","10":"tag-science","11":"tag-science-and-technology","12":"tag-sciences","13":"tag-sciences-et-technologies","14":"tag-technologies","15":"tag-technology"},"share_on_mastodon":{"url":"https:\/\/pubeurope.com\/@fr\/114777572397384962","error":""},"_links":{"self":[{"href":"https:\/\/www.europesays.com\/fr\/wp-json\/wp\/v2\/posts\/217947","targetHints":{"allow":["GET"]}}],"collection":[{"href":"https:\/\/www.europesays.com\/fr\/wp-json\/wp\/v2\/posts"}],"about":[{"href":"https:\/\/www.europesays.com\/fr\/wp-json\/wp\/v2\/types\/post"}],"author":[{"embeddable":true,"href":"https:\/\/www.europesays.com\/fr\/wp-json\/wp\/v2\/users\/2"}],"replies":[{"embeddable":true,"href":"https:\/\/www.europesays.com\/fr\/wp-json\/wp\/v2\/comments?post=217947"}],"version-history":[{"count":0,"href":"https:\/\/www.europesays.com\/fr\/wp-json\/wp\/v2\/posts\/217947\/revisions"}],"wp:featuredmedia":[{"embeddable":true,"href":"https:\/\/www.europesays.com\/fr\/wp-json\/wp\/v2\/media\/217948"}],"wp:attachment":[{"href":"https:\/\/www.europesays.com\/fr\/wp-json\/wp\/v2\/media?parent=217947"}],"wp:term":[{"taxonomy":"category","embeddable":true,"href":"https:\/\/www.europesays.com\/fr\/wp-json\/wp\/v2\/categories?post=217947"},{"taxonomy":"post_tag","embeddable":true,"href":"https:\/\/www.europesays.com\/fr\/wp-json\/wp\/v2\/tags?post=217947"}],"curies":[{"name":"wp","href":"https:\/\/api.w.org\/{rel}","templated":true}]}}