{"id":217959,"date":"2025-07-01T10:50:16","date_gmt":"2025-07-01T10:50:16","guid":{"rendered":"https:\/\/www.europesays.com\/fr\/217959\/"},"modified":"2025-07-01T10:50:16","modified_gmt":"2025-07-01T10:50:16","slug":"medef-benoit-fabre-passe-la-main-en-appelant-saint-etienne-metropole-a-un-new-deal","status":"publish","type":"post","link":"https:\/\/www.europesays.com\/fr\/217959\/","title":{"rendered":"Medef\u00a0: Beno\u00eet Fabre passe la main en appelant Saint-Etienne M\u00e9tropole \u00e0 un \u00ab\u00a0new deal\u00a0\u00bb"},"content":{"rendered":"<p class=\"is-style-chapo\">Mi-juin, lors du passage de flambeau \u00e0 Philippe Rascle, face \u00e0 la presse locale, Beno\u00eet Fabre est revenu sur les \u00e9tapes marquantes de sa pr\u00e9sidence au Medef. Tout en pointant, en fil rouge, ce qu\u2019il juge comme une gouvernance \u00e9conomique catastrophique de la part de Saint-Etienne M\u00e9tropole. Pas une premi\u00e8re de sa part ou d\u2019autres repr\u00e9sentants du collectif \u00e9conomique de la Loire. L\u2019ex\u00e9cutif de l\u2019intercommunalit\u00e9 a d\u2019ailleurs r\u00e9pondu par \u00ab\u00a0budget interpos\u00e9\u00a0\u00bb lors du conseil public du 25 juin\u2026\u00a0 \u00a0<\/p>\n<p><img fetchpriority=\"high\" decoding=\"async\" width=\"1024\" height=\"576\" src=\"https:\/\/www.europesays.com\/fr\/wp-content\/uploads\/2025\/07\/ffj-1024x576.jpg\" alt=\"\" class=\"wp-image-79979\"  \/>Philippe Rascle, ex pr\u00e9sident de l\u2019UIMM Loire \u00e9lu d\u00e9but juin \u00e0 la t\u00eate du Medef 42 qu\u2019a pr\u00e9sid\u00e9 9 ans Beno\u00eet Fabre. \u00a9If Medias \/ Xavier Alix<\/p>\n<p>Une fusion \u00e0 g\u00e9rer entre le nord et le sud Loire, l\u2019enterrement de l\u2019A45 et le montage du <a href=\"https:\/\/www.if-saint-etienne.fr\/economie\/le-collectif-economique-de-la-loire-veut-faire-sauter-le-verrou-administratif\" target=\"_blank\" rel=\"noreferrer noopener\">Collectif \u00e9conomique<\/a> de la Loire. Voil\u00e0 le trio de t\u00eate des faits qui, pour synth\u00e9tiser ses propos, ont le plus marqu\u00e9 les 9 ans de mandats de Beno\u00eet Fabre \u00e0 la t\u00eate du Medef 42. Lors d\u2019une conf\u00e9rence de presse de transmission de pouvoir mi-juin \u00e0 <a href=\"https:\/\/www.if-saint-etienne.fr\/breves\/philippe-rascle-succede-a-benoit-fabre-a-la-tete-du-medef-loire\" target=\"_blank\" rel=\"noreferrer noopener\">Philippe Rascle<\/a>, ex-pr\u00e9sident de l\u2019UIMM Loire, le chef d\u2019entreprise ce que ce dernier prenait en main pour les 3 ans \u00e0 venir, au moins (deux mandats cons\u00e9cutifs maximum avec cette exception pour B. Fabre, en raison de la fusion). C\u2019est-\u00e0-dire, non pas, du point de vue qu\u2019il d\u00e9fend, un club des entrepreneurs \/ dirigeants les plus importants \/ fortun\u00e9s, mais la \u00ab\u00a0premi\u00e8re organisation interprofessionnelle du territoire. Le Mouvement des entreprises de France repr\u00e9sente 7 branches professionnelles (UIMM, FBTP, FNTR, etc., Ndlr) dont chaque pr\u00e9sident est issu. \u00bb<\/p>\n<p>S\u2019ajoutent cinq membres associ\u00e9s. Ce qui correspond \u00e0 1\u00a0500 entreprises et 42\u00a0000 salari\u00e9s, dont une \u00ab\u00a0majorit\u00e9 de TPE \/ PME de moins de 50 salari\u00e9s\u00a0\u00bb. Organisation qui entend bien peser, \u00e0 d\u00e9faut de d\u00e9cider, dans l\u2019orientation des politiques publiques locales qui touchent l\u2019\u00e9conomie dont les infrastructures transports. Cela dans une perspective d\u2019int\u00e9r\u00eat commun, dixit Beno\u00eet Fabre, et parce que \u00ab\u00a0les flux sont la base de l\u2019\u00e9conomie\u00a0\u00bb. Place qui se justifie aux yeux de ce dernier \u00e0 la fois par \u00ab\u00a0l\u2019expertise\u00a0\u00bb des directions des entreprises sur le sujet, crois\u00e9e avec la fiscalit\u00e9 locale qui s\u2019impose aux soci\u00e9t\u00e9s priv\u00e9es, comme sur la \u00ab\u00a0taxe mobilit\u00e9 \u00e0 Saint-Etienne M\u00e9tropoles ou en tant que \u00ab\u00a0contributeurs\u00a0\u00bb ultra majoritaires du produit, aux deux tiers, il serait logique que l\u2019on nous \u00e9coute, que l\u2019on discute des am\u00e9nagements sans m\u00eame parler de dire forc\u00e9ment oui, \u00e0 nos propositions. Mais \u00e0 M\u00e9tropole, les \u00e9changes, les discussions sur ces suggestions n\u2019existent m\u00eame pas. Pas vraiment\u00a0!\u00a0\u00bb<\/p>\n<p>\u00ab\u00a0Aucune strat\u00e9gie \u00e9conomique d\u2019ensemble\u00a0\u00bb<\/p>\n<p>Comp\u00e9tent sur l\u2019ensemble du d\u00e9partement depuis la fusion des entit\u00e9s nord et sud, le Medef se montre beaucoup plus cl\u00e9ment vis-\u00e0-vis de ses rapports avec les autres intercommunalit\u00e9s majeures du d\u00e9partement. Cit\u00e9es dans l\u2019ordre\u00a0: Roannais Agglom\u00e9ration, Loire Forez avec qui \u00ab\u00a0nous n\u2019avons aucun probl\u00e8me, elles \u00bb. Avec M\u00e9tropole et sa ville centre, et les \u00ab\u00a0\u00e9quipes\u00a0\u00bb entourant Ga\u00ebl Perdiau, \u00ab d\u2019embl\u00e9e, en 2014,\u00a0les contacts ont \u00e9t\u00e9 difficiles et il nous a \u00e9t\u00e9 signifi\u00e9 que nous \u00e9tions l\u00e0 pour payer, point, que notre avis ne comptait pas. Derri\u00e8re cette attitude qui se prolonge plus ou moins jusqu\u2019\u00e0 aujourd\u2019hui, il n\u2019y a aucune strat\u00e9gie \u00e9conomique d\u2019ensemble, et c\u2019est dramatique pour le sud Loire. Au point o\u00f9 des municipalit\u00e9s du sud Forez se posent de tr\u00e8s s\u00e9rieuses questions\u2026 Il faut dire qu\u2019elles ne sont pas les seules\u00a0: les entreprises aussi avec une politique fiscale jusqu\u2019\u00e0 50 % plus avantageuse chez le voisin\u2026 Cette gouvernance ne peut pas se limiter \u00e0 g\u00e9rer les zones d\u2019activit\u00e9s. Il s\u2019agit plus largement de favoriser, stimuler la valeur ajout\u00e9e de son industrie. Nous ne disons pas \u00e7a pour s\u2019enrichir, enrichir d\u2019autres gens mais par responsabilit\u00e9 \u00e9conomique, donc sociale vis-\u00e0-vis des salari\u00e9s, des  habitants.\u00a0C\u2019est l\u2019avenir de tous qui se joue. \u00bb<\/p>\n<blockquote>\n<p>D\u2019embl\u00e9e, en 2014,\u00a0les contacts ont \u00e9t\u00e9 difficiles et il nous a \u00e9t\u00e9 signifi\u00e9 que nous \u00e9tions l\u00e0 pour payer, point, que notre avis ne comptait pas. <\/p>\n<p>Beno\u00eet Fabre, pr\u00e9sident sortant du Medef<\/p><\/blockquote>\n<p>Et Beno\u00eet Fabre de rappeler qu\u2019il n\u2019y a que quelques ponts \u00e0 franchir d\u2019est en ouest pour passer ais\u00e9ment, sans trop s\u2019\u00e9loigner, de M\u00e9tropole \u00e0 Loire Forez, d\u2019Andr\u00e9zieux-Bouth\u00e9on \u00e0 Saint-Just-Saint-Rambert\u2026 Par \u00ab\u00a0exemple\u00a0\u00bb\u2026 Rapports cit\u00e9s comme difficiles alli\u00e9s avec l\u2019abandon brusque par l\u2019Etat de <a href=\"https:\/\/www.if-saint-etienne.fr\/?s=A45\" target=\"_blank\" rel=\"noreferrer noopener\">l\u2019A45<\/a> qui continue \u00e0 choquer le Medef l\u2019ayant pouss\u00e9, dit le syndicat \u00e0 lancer, en 2019, le Collectif \u00e9conomique de la Loire pour essayer de faire sauter les \u00ab\u00a0verrous administratifs\u00a0\u00bb, \u00ab\u00a0l\u2019inertie\u00a0\u00bb des pouvoirs publics, tenter des initiatives d\u2019ampleur \u2013 appartenant \u00e0 ses seuls membres ou en rapport avec les pouvoirs publics \u2013 visant \u00e0 mieux faire passer les id\u00e9es de ses membres. \u00ab\u00a0Et dans ces membres, il y a la Chambre d\u2019agriculture avec qui nous avons int\u00e9gr\u00e9, depuis les Gilets jaunes, le fait de partager \u00e9norm\u00e9ment d\u2019enjeux communs en plus du fait que l\u2019agriculture soit une part de l\u2019\u00e9conomie\u00a0: l\u2019eau, le foncier, etc. Plut\u00f4t que s\u2019opposer, on propose de se parler, de cr\u00e9er ensemble. Ce rapprochement, c\u2019\u00e9tait quelque chose d\u2019in\u00e9dit, comme le collectif d\u2019ailleurs.\u00a0\u00bb<\/p>\n<p>\u00ab\u00a0Tr\u00e8s inquiets pour le sud Loire\u00a0\u00bb<\/p>\n<p>Officiellement constitu\u00e9 il y a 13 mois, le <a href=\"https:\/\/www.if-saint-etienne.fr\/economie\/le-collectif-economique-de-la-loire-veut-faire-sauter-le-verrou-administratif\" target=\"_blank\" rel=\"noreferrer noopener\">collectif \u00e9conomique<\/a> vient de susciter <a href=\"https:\/\/www.if-saint-etienne.fr\/economie\/fusion-42-le-nucleaire-de-la-loire-a-sa-banniere\" target=\"_blank\" rel=\"noreferrer noopener\">Fusion 42<\/a> (constituer un consortium de sous-traitants industriels du nucl\u00e9aire dans le cadre de sa relance). En \u00e9chec en revanche, son projet d\u2019am\u00e9nagement d\u2019am\u00e9lioration de la liaison routi\u00e8re sud Forez \/ Saint-Etienne (\u00e9labor\u00e9e par la FBTP) dont il aurait aim\u00e9, puisqu\u2019il impliquait une ligne \u00e0 haut niveau de service de transports en commun, que la M\u00e9tropole s\u2019en empare. L\u00e0, c\u2019est une fin de non-recevoir qu\u2019a re\u00e7u le Medef de la part de SEM, son pr\u00e9sident en retrait ayant estim\u00e9 que le projet n\u2019\u00e9tait pas r\u00e9aliste\u2026 Pas de quoi arranger les griefs du Medef, visiblement tr\u00e8s vex\u00e9. \u00ab\u00a0Ok, Eiffage, des cadres du BTP et leurs techniciens ne savent donc pas de quoi ils parlent !, ironise B. Fabre. S\u2019ajoute, avant m\u00eame cette r\u00e9ponse, l\u2019affaire de chantage qui a d\u00e9finitivement enfonc\u00e9 cette gouvernance, l\u2019isolement politique et vis-\u00e0-vis des investisseurs, donc l\u2019attractivit\u00e9 du sud Loire pour qui nous sommes tr\u00e8s inquiets, au-del\u00e0 de la paup\u00e9risation catastrophique de Saint-Etienne. Car ailleurs, dans le d\u00e9partement, pendant ce temps \u00e7a avance dans le bon sens.\u00a0\u00bb<\/p>\n<p>Et davantage d\u2019est en ouest que sud au nord quant aux fameux \u00ab\u00a0flux\u00a0\u00bb, argue le Medef. \u00ab\u00a0C\u2019est dommage, poursuit B. Fabre, il y a des vice-pr\u00e9sidents, des techniciens qui ne sont pas mauvais, des gens de bonne volont\u00e9, qui ont compris. Sylvie Fayolle fait tout son possible mais ce n\u2019est pas suffisant face \u00e0 un homme.\u00a0\u00bb L\u2019ex-pr\u00e9sident du Medef dit que les entreprises sont tomb\u00e9es de haut entre une annonce, avec le recul, jug\u00e9e fanfaronne, \u00e0 une AG de la FBTP qu\u20191,2 milliard d\u2019euros serait investi par Sem sur le mandat en cours \u00e0 la suite des augmentations de fiscalit\u00e9 act\u00e9es en 2021. \u00ab\u00a0Si au final, ce sera 500 Md\u20ac, ce sera bien.\u00a0\u00c7a aussi, c\u2019est un \u00e9norme probl\u00e8me au moment o\u00f9 les entreprises ont anticip\u00e9, esp\u00e9r\u00e9 et ont, l\u00e0, besoin de cet investissement public faisant effet levier. \u00bb Ce sera pourtant bien 840 M\u20ac cumul\u00e9s en se fiant aux pr\u00e9sentations de Saint-Etienne M\u00e9tropole mercredi dernier. Ce qui est tout de m\u00eame, plus de double que le cumul investi lors du mandat pr\u00e9c\u00e9dent.<\/p>\n<p>Saint-Etienne M\u00e9tropole r\u00e9pond<\/p>\n<p>\u00ab\u00a0Seulement\u00a0\u00bb 300 M\u20ac de plus (soit un total 700) en r\u00e9alit\u00e9 \u00e0 \u00ab\u00a0p\u00e9rim\u00e8tre constant\u00a0\u00bb selon la nuance donn\u00e9e mercredi par Michel Gandilhon, maire de Fontan\u00e8s en <a href=\"https:\/\/www.saint-etienne-metropole.fr\/actualites\/vie-de-la-metropole\/institution\/prochain-conseil-metropolitain\" target=\"_blank\" rel=\"noreferrer noopener\">conseil communautaire<\/a>. C\u2019est-\u00e0-dire en prenant en compte inflation et transfert de comp\u00e9tences, dont la prise en main des voiries d\u00e9partementales n\u2019est s\u00fbrement pas le moindre au moment de payer des factures suppl\u00e9mentaires dont une partie ne l\u2019est donc pas pour les prestataires. Lors de la pr\u00e9sentation \u00e0 la presse du pacte fiscal et financier en septembre 2021, le scenario \u00e9voqu\u00e9 \u2013 seulement \u00e9voqu\u00e9 \u2013 annon\u00e7ait au moins, le doublement des investissements entre 2014\/20 et 2020\/26, soit 800 M\u20ac cumul\u00e9s. Et, si possible, alors, pouvant monter \u00e0 1 milliard, voire \u00e0 1,2 milliard sans alors indiquer ne serait-ce que les grandes lignes des projets justifiant une telle amplification. Ils sont aujourd\u2019hui, et jusqu\u2019\u00e0 nouvel ordre, d\u00e9lest\u00e9s, d\u00e9j\u00e0, de la nouvelle <a href=\"https:\/\/www.if-saint-etienne.fr\/politique\/saint-etienne-metropole-gele-la-patinoire-et-refroidit-cite-du-design-2025\" target=\"_blank\" rel=\"noreferrer noopener\">patinoire<\/a> m\u00e9tropolitaine. Ce qui avait aussi estomaqu\u00e9 le collectif, son membre qu\u2019est le FBTP en t\u00eate.<\/p>\n<p>Visiblement vex\u00e9 aussi, l\u2019ex\u00e9cutif de M\u00e9tropole, pourtant loin d\u2019\u00eatre compos\u00e9 de \u00ab\u00a0pro Perdriau\u00a0\u00bb, ne s\u2019est pas d\u00e9solidaris\u00e9 de son pr\u00e9sident cens\u00e9 \u00eatre en retrait, sur ce sujet-l\u00e0. Dans l\u2019expression, en public de son ensemble du moins. Et c\u2019est rare aussi. Sans \u00e9voquer Ga\u00ebl Perdriau ou son \u00ab\u00a0entourage\u00a0\u00bb dans leur attitude avec le milieu \u00e9conomique, sa pr\u00e9sidente par int\u00e9rim, Sylvie Fayolle a fait \u00e0 plusieurs reprises allusions \u00e0 ces attaques en <a href=\"https:\/\/www.saint-etienne-metropole.fr\/actualites\/vie-de-la-metropole\/institution\/prochain-conseil-metropolitain\" target=\"_blank\" rel=\"noreferrer noopener\">conseil m\u00e9tropolitain<\/a>, \u00e0 l\u2019occasion de l\u2019examen de la r\u00e9alit\u00e9 du budget 2024. Elle a insist\u00e9 sur l\u2019utilisation bel et bien r\u00e9elle des fonds inscrits sur le terrain et sur le fait qu\u2019\u00e0 l\u2019issue du mandat, plus de 800 M\u20ac auront \u00e9t\u00e9 r\u00e9ellement investis par Sem, entre autres au b\u00e9n\u00e9fice des entreprises du territoire. Soit beaucoup, beaucoup plus qu\u2019entre 2014 et 2020. Les d\u00e9penses d\u2019\u00e9quipements sont pass\u00e9es de 68,9 M\u20ac en 2020 \u00e0 112,2 M\u20ac en 2022 puis 150,7 M\u20ac en 2024. Du r\u00e9el et donc hors remboursement du capital de la dette. A titre d\u2019exemple estim\u00e9 significatif et gros \u00ab\u00a0plus\u00a0\u00bb, un bilan de l\u2019utilisation du plan de relance par les communes a \u00e9t\u00e9 dress\u00e9. Il avait \u00e9t\u00e9 initi\u00e9 \u00e0 l\u2019issue de Covid pour aider ces derni\u00e8res et les entreprises dans la reprise : 85\u00a0M\u20ac ont b\u00e9n\u00e9fici\u00e9 \u00e0 146 projets (toutes les communes, soit 53 en ont eu au moins un) d\u2019am\u00e9nagements de toutes sortes.<\/p>\n<p>Vice-pr\u00e9sidente \u00e0 l\u2019\u00e9conomie depuis le d\u00e9part de <a href=\"https:\/\/www.if-saint-etienne.fr\/breves\/georges-hallary-demissionne-de-ses-fonctions-a-metropole-et-la-ville-de-saint-etienne\" target=\"_blank\" rel=\"noreferrer noopener\">Georges Hallary<\/a> (c\u2019\u00e9tait en 2022 avant les r\u00e9v\u00e9lations de Mediapart), Nora Berroukeche, a pr\u00e9cis\u00e9 que \u00ab\u00a0pour 1\u00a0euro d\u00e9pens\u00e9 par Saint-Etienne M\u00e9tropole, ce sont 2,50\u00a0\u20ac (pratiquement, Ndlr) qui ont \u00e9t\u00e9 d\u00e9pens\u00e9s sur le territoire\u00a0\u00bb. De quoi susciter par effet levier, 208\u00a0M\u20ac de la part d\u2019autres investisseurs que M\u00e9tropole. Le plan de relance, du moins le fonds de concours li\u00e9 b\u00e9n\u00e9ficiant aux projets de municipalit\u00e9s avait \u00e9t\u00e9 m\u00eame prolong\u00e9 de six mois, ajoutant ainsi plus de 30 M\u20ac \u00e0 la somme initiale pr\u00e9vue. Suffisant pour d\u00e9montrer au Medef et ses membres qui appellent \u00e0 un \u00ab\u00a0new deal\u00a0\u00bb avec la collectivit\u00e9, la bonne volont\u00e9 de Sem en la mati\u00e8re\u00a0? Sans doute pas. Mais les messages \u00e0 d\u2019\u00e9ventuelles futures majorit\u00e9s en sud Loire, a priori favorables \u00e0 son point de vue, voire en amont leur \u00e9lectorat, ont \u00e9t\u00e9 envoy\u00e9s\u2026<\/p>\n","protected":false},"excerpt":{"rendered":"Mi-juin, lors du passage de flambeau \u00e0 Philippe Rascle, face \u00e0 la presse locale, Beno\u00eet Fabre est revenu&hellip;\n","protected":false},"author":2,"featured_media":217960,"comment_status":"","ping_status":"","sticky":false,"template":"","format":"standard","meta":{"footnotes":""},"categories":[9653],"tags":[1111,11,2430,35733,35734,11039,18540,1777,674,1011,27,35735,35736,35737,12,35738,25,4001,35739],"class_list":{"0":"post-217959","1":"post","2":"type-post","3":"status-publish","4":"format-standard","5":"has-post-thumbnail","7":"category-saint-etienne","8":"tag-actu","9":"tag-actualites","10":"tag-auvergne-rhone-alpes","11":"tag-benoit-fabre","12":"tag-budget-saint-etienne-metropole","13":"tag-declaratif","14":"tag-entreprises-loire","15":"tag-eu","16":"tag-europe","17":"tag-fr","18":"tag-france","19":"tag-gouvernance-economique","20":"tag-investissements-de-saint-etienne-metropole","21":"tag-medef-loire","22":"tag-news","23":"tag-philippe-rascle","24":"tag-republique-francaise","25":"tag-saint-etienne","26":"tag-syndicat-patronat-loire-42"},"share_on_mastodon":{"url":"https:\/\/pubeurope.com\/@fr\/114777595869344299","error":""},"_links":{"self":[{"href":"https:\/\/www.europesays.com\/fr\/wp-json\/wp\/v2\/posts\/217959","targetHints":{"allow":["GET"]}}],"collection":[{"href":"https:\/\/www.europesays.com\/fr\/wp-json\/wp\/v2\/posts"}],"about":[{"href":"https:\/\/www.europesays.com\/fr\/wp-json\/wp\/v2\/types\/post"}],"author":[{"embeddable":true,"href":"https:\/\/www.europesays.com\/fr\/wp-json\/wp\/v2\/users\/2"}],"replies":[{"embeddable":true,"href":"https:\/\/www.europesays.com\/fr\/wp-json\/wp\/v2\/comments?post=217959"}],"version-history":[{"count":0,"href":"https:\/\/www.europesays.com\/fr\/wp-json\/wp\/v2\/posts\/217959\/revisions"}],"wp:featuredmedia":[{"embeddable":true,"href":"https:\/\/www.europesays.com\/fr\/wp-json\/wp\/v2\/media\/217960"}],"wp:attachment":[{"href":"https:\/\/www.europesays.com\/fr\/wp-json\/wp\/v2\/media?parent=217959"}],"wp:term":[{"taxonomy":"category","embeddable":true,"href":"https:\/\/www.europesays.com\/fr\/wp-json\/wp\/v2\/categories?post=217959"},{"taxonomy":"post_tag","embeddable":true,"href":"https:\/\/www.europesays.com\/fr\/wp-json\/wp\/v2\/tags?post=217959"}],"curies":[{"name":"wp","href":"https:\/\/api.w.org\/{rel}","templated":true}]}}