{"id":217961,"date":"2025-07-01T10:51:22","date_gmt":"2025-07-01T10:51:22","guid":{"rendered":"https:\/\/www.europesays.com\/fr\/217961\/"},"modified":"2025-07-01T10:51:22","modified_gmt":"2025-07-01T10:51:22","slug":"un-mort-suite-a-une-rixe-dans-un-foyer","status":"publish","type":"post","link":"https:\/\/www.europesays.com\/fr\/217961\/","title":{"rendered":"un mort suite \u00e0 une rixe dans un foyer"},"content":{"rendered":"<p>Sur fond d\u2019alcool et de stup\u00e9fiants, un \u00e9change aurait d\u00e9g\u00e9n\u00e9r\u00e9 entre plusieurs r\u00e9sidents, dans un appartement situ\u00e9 au rez-de-chauss\u00e9e de l\u2019immeuble.<\/p>\n<p>\u00c0 l\u2019arriv\u00e9e, les secours ont d\u00e9couvert deux victimes sur le lit. L\u2019une, un homme \u00e2g\u00e9 de 33 ans, \u00e9tait d\u00e9c\u00e9d\u00e9e et l\u2019autre, bless\u00e9e \u00e0 l\u2019abdomen. Cette derni\u00e8re a \u00e9t\u00e9 \u00e9vacu\u00e9e vers les urgences de l\u2019h\u00f4pital central.<\/p>\n<p>Au m\u00eame moment, un troisi\u00e8me homme, indemne, aurait \u00e9t\u00e9 interpell\u00e9, puis plac\u00e9 en garde \u00e0 vue.<\/p>\n<p>Reste d\u00e9sormais aux enqu\u00eateurs \u00e0 \u00e9claircir les circonstances du drame. Dans les communs, des traces de sang sont toujours visibles. T\u00e9moignant de la violence de l\u2019altercation au couteau.<\/p>\n<p>Tranquillit\u00e9 apparente ce mardi matin<\/p>\n<p>\u00c0 l\u2019ext\u00e9rieur, ce mardi matin, rien ne semble pourtant troubler la tranquillit\u00e9 apparente des lieux. \u00ab Il y a eu un mort mais moi, j\u2019avais ferm\u00e9 ma fen\u00eatre, un SDF est venu me casser les co\u2026 ! \u00bb se souvient ce r\u00e9sident fumant sa cigarette roul\u00e9e sous un soleil de plomb.<\/p>\n<p><strong> Plus d\u2019informations \u00e0 venir. <\/strong><\/p>\n","protected":false},"excerpt":{"rendered":"Sur fond d\u2019alcool et de stup\u00e9fiants, un \u00e9change aurait d\u00e9g\u00e9n\u00e9r\u00e9 entre plusieurs r\u00e9sidents, dans un appartement situ\u00e9 au&hellip;\n","protected":false},"author":2,"featured_media":217962,"comment_status":"","ping_status":"","sticky":false,"template":"","format":"standard","meta":{"footnotes":""},"categories":[9635],"tags":[1111,11,1704,1777,674,274,1011,27,775,3457,1702,1703,12,3456,25],"class_list":{"0":"post-217961","1":"post","2":"type-post","3":"status-publish","4":"format-standard","5":"has-post-thumbnail","7":"category-nancy","8":"tag-actu","9":"tag-actualites","10":"tag-edition-nancy-et-agglomeration","11":"tag-eu","12":"tag-europe","13":"tag-faits-divers-justice","14":"tag-fr","15":"tag-france","16":"tag-grand-est","17":"tag-meurthe-et-moselle","18":"tag-nancy","19":"tag-nancy-ville-54b","20":"tag-news","21":"tag-region-lorraine","22":"tag-republique-francaise"},"share_on_mastodon":{"url":"https:\/\/pubeurope.com\/@fr\/114777599856764843","error":""},"_links":{"self":[{"href":"https:\/\/www.europesays.com\/fr\/wp-json\/wp\/v2\/posts\/217961","targetHints":{"allow":["GET"]}}],"collection":[{"href":"https:\/\/www.europesays.com\/fr\/wp-json\/wp\/v2\/posts"}],"about":[{"href":"https:\/\/www.europesays.com\/fr\/wp-json\/wp\/v2\/types\/post"}],"author":[{"embeddable":true,"href":"https:\/\/www.europesays.com\/fr\/wp-json\/wp\/v2\/users\/2"}],"replies":[{"embeddable":true,"href":"https:\/\/www.europesays.com\/fr\/wp-json\/wp\/v2\/comments?post=217961"}],"version-history":[{"count":0,"href":"https:\/\/www.europesays.com\/fr\/wp-json\/wp\/v2\/posts\/217961\/revisions"}],"wp:featuredmedia":[{"embeddable":true,"href":"https:\/\/www.europesays.com\/fr\/wp-json\/wp\/v2\/media\/217962"}],"wp:attachment":[{"href":"https:\/\/www.europesays.com\/fr\/wp-json\/wp\/v2\/media?parent=217961"}],"wp:term":[{"taxonomy":"category","embeddable":true,"href":"https:\/\/www.europesays.com\/fr\/wp-json\/wp\/v2\/categories?post=217961"},{"taxonomy":"post_tag","embeddable":true,"href":"https:\/\/www.europesays.com\/fr\/wp-json\/wp\/v2\/tags?post=217961"}],"curies":[{"name":"wp","href":"https:\/\/api.w.org\/{rel}","templated":true}]}}