{"id":217963,"date":"2025-07-01T10:52:18","date_gmt":"2025-07-01T10:52:18","guid":{"rendered":"https:\/\/www.europesays.com\/fr\/217963\/"},"modified":"2025-07-01T10:52:18","modified_gmt":"2025-07-01T10:52:18","slug":"climatises-ces-musees-de-nancy-deviennent-gratuits-pour-vous-permettre-de-vous-rafraichir","status":"publish","type":"post","link":"https:\/\/www.europesays.com\/fr\/217963\/","title":{"rendered":"climatis\u00e9s, ces mus\u00e9es de Nancy deviennent gratuits pour vous permettre de\u00a0vous\u00a0rafra\u00eechir"},"content":{"rendered":"<p>            Par<br \/>\n        <strong><br \/>\n            <a href=\"https:\/\/actu.fr\/auteur\/pierre-emile-bouchy-actu-fr\" title=\"Consulter tous les articles de Paul-Emile Bouchy\" rel=\"nofollow noopener\" target=\"_blank\">Paul-Emile Bouchy<\/a><br \/>\n        <\/strong><\/p>\n<p>        Publi\u00e9 le<\/p>\n<p>            1 juil. 2025 \u00e0 11h59        <\/p>\n<p>Depuis lundi, un \u00ab\u2009d\u00f4me de chaleur\u2009\u00bb s\u2019est install\u00e9 sur la France et <a href=\"https:\/\/actu.fr\/meteo\/jusqu-a-41-c-l-episode-caniculaire-atteint-son-paroxysme-ce-mardi-voici-ou-il-devrait-faire-le-chaud_62847935.html\" rel=\"nofollow noopener\" target=\"_blank\">atteint son paroxysme ce mardi<\/a>. <a href=\"https:\/\/actu.fr\/meteo\/la-canicule-arrive-en-lorraine-les-temperatures-vont-atteindre-39-c-localement_62834730.html\" rel=\"nofollow noopener\" target=\"_blank\">La canicule est aussi bien arriv\u00e9e en Lorraine<\/a> avec des temp\u00e9ratures pouvant atteindre <strong>localement les 39\u00b0C<\/strong>.<\/p>\n<p class=\" wall-content\">Pour faire face \u00e0 ces fortes chaleurs, la Ville de Nancy a choisi d\u2019ouvrir gratuitement \u00e0 tous les visiteurs deux de ses mus\u00e9es\u2009: <strong>le mus\u00e9e de Beaux-Arts<\/strong> et le <a href=\"https:\/\/actu.fr\/grand-est\/nancy_54395\/photos-on-visite-nouveau-museum-aquarium-nancy-voici-ce-change_29404756.html\" rel=\"nofollow noopener\" target=\"_blank\">mus\u00e9um-aquarium<\/a>.<\/p>\n<p>Des mus\u00e9es gratuits jusqu\u2019\u00e0 mercredi<\/p>\n<p class=\" wall-content\">Comme le pr\u00e9cise la municipalit\u00e9, ces mus\u00e9es offrent \u00ab\u2009un refuge frais et accessible\u2009\u00bb. Voici leurs horaires d\u2019ouverture\u2009:<\/p>\n<ul class=\" wall-content\">\n<li>Mus\u00e9um-aquarium de Nancy\u2009: ouvert mardi 1\u1d49\u02b3 et mercredi 2 juillet (9h-18h)<\/li>\n<li>Mus\u00e9e des Beaux-Arts\u2009: ouvert mercredi 2 juillet (10h-18h)<\/li>\n<\/ul>\n<p class=\" wall-content\">L\u2019occasion de d\u00e9couvrir <a href=\"https:\/\/actu.fr\/grand-est\/nancy_54395\/sortie-en-famille-une-expo-immersive-pour-les-bebes-vient-d-ouvrir-a-nancy_62509554.html\" rel=\"nofollow noopener\" target=\"_blank\">une exposition immersive pour les b\u00e9b\u00e9s<\/a> ou une autre <a href=\"https:\/\/actu.fr\/grand-est\/nancy_54395\/nancy-voici-cinq-expositions-a-ne-pas-rater-en-2025_62226789.html\" rel=\"nofollow noopener\" target=\"_blank\">retra\u00e7ant l\u2019histoire du graffiti<\/a>.<\/p>\n<p>Vid\u00e9os : en ce moment sur Actu<\/p>\n<p class=\" wall-content\">Suivez toute l\u2019actualit\u00e9 de vos villes et m\u00e9dias favoris en vous inscrivant \u00e0 <a href=\"https:\/\/moncompte.actu.fr\" title=\"D\u00e9couvez Mon Actu\" rel=\"nofollow noopener\" data-trk=\"{&quot;cta&quot;:{&quot;action&quot;:&quot;https:\\\/\\\/moncompte.actu.fr&quot;,&quot;category&quot;:&quot;mon compte&quot;,&quot;from&quot;:&quot;article footer&quot;,&quot;name&quot;:&quot;Mon actu&quot;,&quot;type&quot;:&quot;cta&quot;}}\" target=\"_blank\">Mon Actu<\/a>.<\/p>\n","protected":false},"excerpt":{"rendered":"Par Paul-Emile Bouchy Publi\u00e9 le 1 juil. 2025 \u00e0 11h59 Depuis lundi, un \u00ab\u2009d\u00f4me de chaleur\u2009\u00bb s\u2019est install\u00e9&hellip;\n","protected":false},"author":2,"featured_media":217964,"comment_status":"","ping_status":"","sticky":false,"template":"","format":"standard","meta":{"footnotes":""},"categories":[9635],"tags":[1111,11,6698,1777,674,1011,27,775,1702,12,25,104],"class_list":{"0":"post-217963","1":"post","2":"type-post","3":"status-publish","4":"format-standard","5":"has-post-thumbnail","7":"category-nancy","8":"tag-actu","9":"tag-actualites","10":"tag-canicule","11":"tag-eu","12":"tag-europe","13":"tag-fr","14":"tag-france","15":"tag-grand-est","16":"tag-nancy","17":"tag-news","18":"tag-republique-francaise","19":"tag-societe"},"share_on_mastodon":{"url":"https:\/\/pubeurope.com\/@fr\/114777604028208893","error":""},"_links":{"self":[{"href":"https:\/\/www.europesays.com\/fr\/wp-json\/wp\/v2\/posts\/217963","targetHints":{"allow":["GET"]}}],"collection":[{"href":"https:\/\/www.europesays.com\/fr\/wp-json\/wp\/v2\/posts"}],"about":[{"href":"https:\/\/www.europesays.com\/fr\/wp-json\/wp\/v2\/types\/post"}],"author":[{"embeddable":true,"href":"https:\/\/www.europesays.com\/fr\/wp-json\/wp\/v2\/users\/2"}],"replies":[{"embeddable":true,"href":"https:\/\/www.europesays.com\/fr\/wp-json\/wp\/v2\/comments?post=217963"}],"version-history":[{"count":0,"href":"https:\/\/www.europesays.com\/fr\/wp-json\/wp\/v2\/posts\/217963\/revisions"}],"wp:featuredmedia":[{"embeddable":true,"href":"https:\/\/www.europesays.com\/fr\/wp-json\/wp\/v2\/media\/217964"}],"wp:attachment":[{"href":"https:\/\/www.europesays.com\/fr\/wp-json\/wp\/v2\/media?parent=217963"}],"wp:term":[{"taxonomy":"category","embeddable":true,"href":"https:\/\/www.europesays.com\/fr\/wp-json\/wp\/v2\/categories?post=217963"},{"taxonomy":"post_tag","embeddable":true,"href":"https:\/\/www.europesays.com\/fr\/wp-json\/wp\/v2\/tags?post=217963"}],"curies":[{"name":"wp","href":"https:\/\/api.w.org\/{rel}","templated":true}]}}