{"id":217984,"date":"2025-07-01T11:03:11","date_gmt":"2025-07-01T11:03:11","guid":{"rendered":"https:\/\/www.europesays.com\/fr\/217984\/"},"modified":"2025-07-01T11:03:11","modified_gmt":"2025-07-01T11:03:11","slug":"strasbourg-pepite-musicale-au-coeur-de-lete-les-vendredis-soir-debutent-avec-les-variations-goldberg","status":"publish","type":"post","link":"https:\/\/www.europesays.com\/fr\/217984\/","title":{"rendered":"Strasbourg. P\u00e9pite musicale au coeur de l&rsquo;\u00e9t\u00e9, les Vendredis soir d\u00e9butent avec les Variations Goldberg"},"content":{"rendered":"<p>Le festival des Vendredis soir, \u00e9tal\u00e9 sur les deux mois d\u2019\u00e9t\u00e9, est port\u00e9 par l\u2019association Clefs des Arts et de Pierre. S\u2019y croisent, selon la volont\u00e9 du directeur artistique <a href=\"https:\/\/www.dna.fr\/edition-de-wissembourg\/2016\/06\/25\/un-beau-parcours-dans-les-tuyaux\" target=\"_blank\" rel=\"noopener\">Guillaume Nussbaum<\/a> , jeunes talents et musiciens confirm\u00e9s. Le programme sera \u00e0 nouveau \u00e9clectique, pens\u00e9 pour un public fid\u00e8le et curieux de tout.<\/p>\n<p>  Musique et visites th\u00e9matiques<\/p>\n<p>L\u2019orgue Silbermann, joyau du lieu et tr\u00e9sor du patrimoine, y dialoguera avec les cuivres, les voix, les cordes. Le cin\u00e9ma muet, cette ann\u00e9e L\u2019Aurore de Murnau (drame conjugal de 1927 pour le th\u00e8me, chef-d\u2019\u0153uvre du cin\u00e9ma ador\u00e9 par <a href=\"https:\/\/www.dna.fr\/culture-loisirs\/2025\/05\/22\/l-homme-qui-aimait-les-lettres\" target=\"_blank\" rel=\"noopener\">Fran\u00e7ois Truffaut<\/a> pour la renomm\u00e9e), y sera sublim\u00e9 par une bande sonore improvis\u00e9e \u00e0 l\u2019orgue (le 8 ao\u00fbt).<\/p>\n<p>Comme l\u2019\u00e9glise-coll\u00e9giale est une merveille, les visites th\u00e9matiques anim\u00e9es par des sp\u00e9cialistes passionn\u00e9s seront reconduites en amont de chaque soir\u00e9e musicale d\u00e8s 18 h 30. Les concerts qui d\u00e9buteront \u00e0 20 h seront eux-m\u00eames donn\u00e9s dans la nef ou le clo\u00eetre selon les soir\u00e9es et les possibilit\u00e9s techniques.<\/p>\n<p>Du c\u00f4t\u00e9 de la programmation, on passera de Bach aux musiques traditionnelles d\u2019Irlande, des chants yiddish aux duos lyriques. Purcell, Gershwin ou Piazzola se croiseront sur les partitions des neuf \u00e9v\u00e9nements au grand plaisir des m\u00e9lomanes.<\/p>\n<p>  Les Variations arrang\u00e9es pour un trio de cordes<\/p>\n<p>Le festival d\u00e9marre ce vendredi 4 juillet par les Variations Goldberg de Johann Sebastian Bach, qui font partie des grandes \u0153uvres de la fin de vie du compositeur. Cette \u0153uvre est une synth\u00e8se de tous les styles pr\u00e9sents en Europe au XVIII e si\u00e8cle et permet d\u2019acc\u00e9der \u00e0 la virtuosit\u00e9 de la technique de Bach.<\/p>\n<p>L\u2019altiste Anne-Sophie Pascal, membre de l\u2019Orchestre philharmonique de Strasbourg, le violoncelliste Pierre Poro, membre fondateur du quatuor Alberta et musicien de l\u2019OPS depuis 2020, ainsi que le contrebassiste Thomas Kaufman, co-soliste \u00e0 l\u2019OPS et prix du jury au concours international d\u2019Ankara en 2015, proposeront un arrangement pour leur trio \u00e0 cordes de ces Variations \u00e9crites \u00e0 l\u2019origine pour clavecin \u00e0 deux claviers.<\/p>\n<p>En marge du festival \u00e0 proprement parler, l\u2019association proposera \u00e0 nouveau les traditionnelles lectures du clo\u00eetre chaque dimanche soir du 6 juillet au 31 ao\u00fbt \u00e0 17 h, avec le concours de diff\u00e9rents intervenants. Ces lectures seront pr\u00e9c\u00e9d\u00e9es de visites guid\u00e9es d\u00e8s 16 h.<\/p>\n<p class=\"note\">Les Vendredis soir de Saint-Pierre-le-Jeune, du 4 juillet au 29 ao\u00fbt, en l\u2019\u00e9glise-coll\u00e9giale Saint-Pierre-le-Jeune, place du m\u00eame nom \u00e0 Strasbourg. Entr\u00e9e libre \u2013 plateau. Cette ann\u00e9e, l\u2019association encourage \u00e9galement le m\u00e9c\u00e9nat (dons d\u00e9ductibles des imp\u00f4ts) pour soutenir ses initiatives culturelles estivales.<br \/>Ce vendredi 4 juillet, visite de l\u2019\u00e9glise \u00e0 18 h 30 par Michel Riff-Brua sur le th\u00e8me du premier Testament illustr\u00e9 \u00e0 Saint-Pierre-le-Jeune. \u00c0 20 h, concert dans la nef.<\/p>\n","protected":false},"excerpt":{"rendered":"Le festival des Vendredis soir, \u00e9tal\u00e9 sur les deux mois d\u2019\u00e9t\u00e9, est port\u00e9 par l\u2019association Clefs des Arts&hellip;\n","protected":false},"author":2,"featured_media":217985,"comment_status":"","ping_status":"","sticky":false,"template":"","format":"standard","meta":{"footnotes":""},"categories":[2820],"tags":[1111,11,1687,2880,1777,674,107,1011,27,775,873,12,25,640,2879],"class_list":{"0":"post-217984","1":"post","2":"type-post","3":"status-publish","4":"format-standard","5":"has-post-thumbnail","7":"category-strasbourg","8":"tag-actu","9":"tag-actualites","10":"tag-culture-loisirs","11":"tag-edition-strasbourg","12":"tag-eu","13":"tag-europe","14":"tag-fil-info","15":"tag-fr","16":"tag-france","17":"tag-grand-est","18":"tag-musique","19":"tag-news","20":"tag-republique-francaise","21":"tag-strasbourg","22":"tag-strasbourg-ville"},"share_on_mastodon":{"url":"https:\/\/pubeurope.com\/@fr\/114777647090323876","error":""},"_links":{"self":[{"href":"https:\/\/www.europesays.com\/fr\/wp-json\/wp\/v2\/posts\/217984","targetHints":{"allow":["GET"]}}],"collection":[{"href":"https:\/\/www.europesays.com\/fr\/wp-json\/wp\/v2\/posts"}],"about":[{"href":"https:\/\/www.europesays.com\/fr\/wp-json\/wp\/v2\/types\/post"}],"author":[{"embeddable":true,"href":"https:\/\/www.europesays.com\/fr\/wp-json\/wp\/v2\/users\/2"}],"replies":[{"embeddable":true,"href":"https:\/\/www.europesays.com\/fr\/wp-json\/wp\/v2\/comments?post=217984"}],"version-history":[{"count":0,"href":"https:\/\/www.europesays.com\/fr\/wp-json\/wp\/v2\/posts\/217984\/revisions"}],"wp:featuredmedia":[{"embeddable":true,"href":"https:\/\/www.europesays.com\/fr\/wp-json\/wp\/v2\/media\/217985"}],"wp:attachment":[{"href":"https:\/\/www.europesays.com\/fr\/wp-json\/wp\/v2\/media?parent=217984"}],"wp:term":[{"taxonomy":"category","embeddable":true,"href":"https:\/\/www.europesays.com\/fr\/wp-json\/wp\/v2\/categories?post=217984"},{"taxonomy":"post_tag","embeddable":true,"href":"https:\/\/www.europesays.com\/fr\/wp-json\/wp\/v2\/tags?post=217984"}],"curies":[{"name":"wp","href":"https:\/\/api.w.org\/{rel}","templated":true}]}}