{"id":217986,"date":"2025-07-01T11:04:10","date_gmt":"2025-07-01T11:04:10","guid":{"rendered":"https:\/\/www.europesays.com\/fr\/217986\/"},"modified":"2025-07-01T11:04:10","modified_gmt":"2025-07-01T11:04:10","slug":"auxerre-se-sert-dans-la-cave-de-strasbourg-france-aj-auxerre","status":"publish","type":"post","link":"https:\/\/www.europesays.com\/fr\/217986\/","title":{"rendered":"Auxerre se sert dans la cave de Strasbourg &#8211; France &#8211; AJ Auxerre"},"content":{"rendered":"<p>Du gewurztraminer\u00a0au chablis.<\/p>\n<p>Form\u00e9 par le Racing Club de Strasbourg, <strong>Marvin Senaya s\u2019engage jusqu\u2019en 2029 \u00e0 Auxerre<\/strong>. Le lat\u00e9ral droit de 24 ans n\u2019aura pas r\u00e9ussi \u00e0 faire sa place en Alsace, <strong>malgr\u00e9 une saison 2023-2024 o\u00f9 il a comptabilis\u00e9 32 matchs de Ligue 1<\/strong>. Pr\u00eat\u00e9 en f\u00e9vrier 2025 \u00e0 Lausanne, le Fran\u00e7ais n\u2019aura disput\u00e9 que huit matchs en Suisse, avant de se blesser.<\/p>\n<p>La d\u00e9couverte de l\u2019Europe devra attendre<\/p>\n<p>\u00c0 Auxerre, Marvin Senaya portera le num\u00e9ro 29. Son nouveau club a annonc\u00e9 son arriv\u00e9e sur les r\u00e9seaux sociaux ainsi que via <a target=\"_blank\" href=\"https:\/\/www.aja.fr\/marvin-senaya-rejoint-laja\/\" rel=\"nofollow noopener\">un communiqu\u00e9<\/a>.<\/p>\n<blockquote class=\"twitter-tweet\">\n<p lang=\"fr\" dir=\"ltr\">\ud83d\udd35 \ud835\udc0c\ud835\udc1a\ud835\udc2b\ud835\udc2f\ud835\udc22\ud835\udc27 \ud835\udc12\ud835\udc1e\ud835\udc27\ud835\udc1a\ud835\udc32\ud835\udc1a \ud835\udc2b\ud835\udc1e\ud835\udc23\ud835\udc28\ud835\udc22\ud835\udc27\ud835\udc2d \ud835\udc25\u2019\ud835\udc00\ud835\udc09\ud835\udc00 \u26aa<br \/>\nLe club est heureux d\u2019annoncer la signature jusqu\u2019en juin 2\u20e30\u20e32\u20e39\u20e3 de Marvin Senaya. Le lat\u00e9ral droit de 24 ans arrive en provenance du RC Strasbourg Alsace et portera le num\u00e9ro 2\u20e39\u20e3<a target=\"_blank\" href=\"https:\/\/twitter.com\/hashtag\/TeamAJA?src=hash&amp;ref_src=twsrc%5Etfw\" rel=\"nofollow noopener\">#TeamAJA<\/a> <a target=\"_blank\" href=\"https:\/\/twitter.com\/hashtag\/Irr%C3%A9ductibles?src=hash&amp;ref_src=twsrc%5Etfw\" rel=\"nofollow noopener\">#Irr\u00e9ductibles<\/a><\/p>\n<p>\u2014 AJ Auxerre (@AJA) <a target=\"_blank\" href=\"https:\/\/twitter.com\/AJA\/status\/1939960462990582101?ref_src=twsrc%5Etfw\" rel=\"nofollow noopener\">July 1, 2025<\/a><\/p><\/blockquote>\n<p>Sans Marvin Senaya sur la deuxi\u00e8me partie de saison, <strong>Strasbourg s\u2019est tout de m\u00eame qualifi\u00e9 en barrage de Ligue Conf\u00e9rence<\/strong>, <a target=\"_blank\" href=\"https:\/\/www.sofoot.com\/breves\/strasbourg-douche-le-havre-a-la-derniere-minute\" rel=\"nofollow noopener\">malgr\u00e9 les deux derni\u00e8res d\u00e9faites de la saison, contre Angers et Le Havre<\/a>, qui avait annihil\u00e9 les chances d\u2019obtenir un billet pour la Ligue des champions. \u00c0 Auxerre, Senaya ne disputera pas de Coupe d\u2019Europe, puisque le club de l\u2019Yonne a termin\u00e9 onzi\u00e8me du championnat la saison pass\u00e9e.<\/p>\n<p>C\u2019est pas encore cette ann\u00e9e qu\u2019on reverra un duel Senaya-Nakamura.<\/p>\n<p>\t\t\t\t\t\t\t\t\t\t<a class=\"lien-connexe\" href=\"https:\/\/www.sofoot.com\/breves\/rennes-om-et-nantes-psg-on-connait-les-affiches-de-la-premiere-journee-de-ligue-1\" rel=\"nofollow noopener\" target=\"_blank\">D\u00e9couvrez les affiches de la premi\u00e8re journ\u00e9e de Ligue 1<\/a>\t\t\t\t\t<script async src=\"https:\/\/platform.twitter.com\/widgets.js\" charset=\"utf-8\"><\/script><\/p>\n","protected":false},"excerpt":{"rendered":"Du gewurztraminer\u00a0au chablis. Form\u00e9 par le Racing Club de Strasbourg, Marvin Senaya s\u2019engage jusqu\u2019en 2029 \u00e0 Auxerre. Le&hellip;\n","protected":false},"author":2,"featured_media":217987,"comment_status":"","ping_status":"","sticky":false,"template":"","format":"standard","meta":{"footnotes":""},"categories":[2820],"tags":[1111,47,11,61,69,65,64,1777,674,63,1011,27,775,68,66,12,62,70,25,67,640],"class_list":{"0":"post-217986","1":"post","2":"type-post","3":"status-publish","4":"format-standard","5":"has-post-thumbnail","7":"category-strasbourg","8":"tag-actu","9":"tag-actualite","10":"tag-actualites","11":"tag-actus-football","12":"tag-bundesliga","13":"tag-championnats-europeens","14":"tag-equipe-de-france","15":"tag-eu","16":"tag-europe","17":"tag-football","18":"tag-fr","19":"tag-france","20":"tag-grand-est","21":"tag-ligua","22":"tag-ligue-1","23":"tag-news","24":"tag-news-foot","25":"tag-premier-league","26":"tag-republique-francaise","27":"tag-serie-a","28":"tag-strasbourg"},"share_on_mastodon":{"url":"https:\/\/pubeurope.com\/@fr\/114777650913178354","error":""},"_links":{"self":[{"href":"https:\/\/www.europesays.com\/fr\/wp-json\/wp\/v2\/posts\/217986","targetHints":{"allow":["GET"]}}],"collection":[{"href":"https:\/\/www.europesays.com\/fr\/wp-json\/wp\/v2\/posts"}],"about":[{"href":"https:\/\/www.europesays.com\/fr\/wp-json\/wp\/v2\/types\/post"}],"author":[{"embeddable":true,"href":"https:\/\/www.europesays.com\/fr\/wp-json\/wp\/v2\/users\/2"}],"replies":[{"embeddable":true,"href":"https:\/\/www.europesays.com\/fr\/wp-json\/wp\/v2\/comments?post=217986"}],"version-history":[{"count":0,"href":"https:\/\/www.europesays.com\/fr\/wp-json\/wp\/v2\/posts\/217986\/revisions"}],"wp:featuredmedia":[{"embeddable":true,"href":"https:\/\/www.europesays.com\/fr\/wp-json\/wp\/v2\/media\/217987"}],"wp:attachment":[{"href":"https:\/\/www.europesays.com\/fr\/wp-json\/wp\/v2\/media?parent=217986"}],"wp:term":[{"taxonomy":"category","embeddable":true,"href":"https:\/\/www.europesays.com\/fr\/wp-json\/wp\/v2\/categories?post=217986"},{"taxonomy":"post_tag","embeddable":true,"href":"https:\/\/www.europesays.com\/fr\/wp-json\/wp\/v2\/tags?post=217986"}],"curies":[{"name":"wp","href":"https:\/\/api.w.org\/{rel}","templated":true}]}}