{"id":217991,"date":"2025-07-01T11:07:10","date_gmt":"2025-07-01T11:07:10","guid":{"rendered":"https:\/\/www.europesays.com\/fr\/217991\/"},"modified":"2025-07-01T11:07:10","modified_gmt":"2025-07-01T11:07:10","slug":"apres-16-departs-de-feux-suspects-une-chasse-au-pyromane-sengage-au-nord-de-nantes","status":"publish","type":"post","link":"https:\/\/www.europesays.com\/fr\/217991\/","title":{"rendered":"Apr\u00e8s 16 d\u00e9parts de feux suspects, une chasse au pyromane s\u2019engage au nord de Nantes"},"content":{"rendered":"<p>La gendarmerie nationale s\u2019est d\u00e9ploy\u00e9e lundi apr\u00e8s-midi \u00e0 Saint-Gildas-des-Bois (Loire-Atlantique) pour tenter de retrouver la trace du ou des auteurs pr\u00e9sum\u00e9s des incendies qui se sont d\u00e9clar\u00e9s presque au m\u00eame moment sur la commune. Une enqu\u00eate a \u00e9t\u00e9 ouverte.<\/p>\n<p class=\"fig-paragraph\">La chasse est donn\u00e9e. Une enqu\u00eate judiciaire a \u00e9t\u00e9 ouverte, lundi 30 juin, apr\u00e8s la d\u00e9couverte de 16\u00a0<a href=\"http:\/\/www.lefigaro.fr\/actualite-france\/aude-des-feux-de-foret-ravagent-100-hectares-un-camping-evacue-20250629\" target=\"_blank\" data-fig-type=\"NewsFlash\" rel=\"noopener\" data-gtm-custom-categorie=\"navigation\" data-gtm-custom-action=\"crossclick\" data-gtm-custom-label=\"Contextuel\" data-gtm-event=\"customEventSPE\" data-fig-domain=\"LEFIGARO\">d\u00e9parts de feux<\/a>\u00a0suspects, identifi\u00e9s le jour m\u00eame sur la commune de Saint-Gildas-des-Bois (Loire-Atlantique), \u00e0 une quarantaine de kilom\u00e8tres, au nord-ouest\u00a0<a href=\"https:\/\/www.lefigaro.fr\/nantes\" target=\"_blank\" data-fig-type=\"Section\" rel=\"noopener\" data-gtm-custom-categorie=\"navigation\" data-gtm-custom-action=\"crossclick\" data-gtm-custom-label=\"Contextuel\" data-gtm-event=\"customEventSPE\" data-fig-domain=\"LEFIGARO\">de Nantes<\/a>. Situ\u00e9s aux abords des axes routiers de la collectivit\u00e9, les diff\u00e9rents feux se sont manifest\u00e9s dans un intervalle de temps rapproch\u00e9 et pourraient avoir \u00e9t\u00e9 d\u00e9clench\u00e9s par\u00a0<a href=\"https:\/\/www.lefigaro.fr\/actualite-france\/dans-la-tete-du-pompier-pyromane-de-gironde-20220906\" target=\"_blank\" data-fig-type=\"Article\" rel=\"noopener\" data-gtm-custom-categorie=\"navigation\" data-gtm-custom-action=\"crossclick\" data-gtm-custom-label=\"Contextuel\" data-gtm-event=\"customEventSPE\" data-fig-domain=\"LEFIGARO\">un pyromane<\/a>. Ou plusieurs. La vigilance est d\u00e9sormais de mise sur la commune.<\/p>\n<p class=\"fig-paragraph\">L\u2019ensemble des d\u00e9parts de feux a \u00e9t\u00e9 ma\u00eetris\u00e9 en milieu d\u2019apr\u00e8s-midi par les sapeurs-pompiers volontaires de Saint-Gildas, \u00e9paul\u00e9s par des renforts venus de plusieurs autres casernes du service d\u00e9partemental d\u2019incendie et de secours (SDIS) de Loire-Atlantique. Des riverains et des automobilistes auraient \u00e9galement particip\u00e9 \u00e0 \u00e9teindre ces feux multiples, indique le quotidien\u00a0<a href=\"https:\/\/www.ouest-france.fr\/pays-de-la-loire\/saint-gildas-des-bois-44530\/de-multiples-departs-de-feux-depuis-ce-lundi-matin-interrogent-des-habitants-a-saint-gildas-des-bois-959fcc72-55b2-11f0-8d7d-49e18ac65051\" target=\"_blank\" rel=\"noopener\" data-gtm-custom-categorie=\"navigation\" data-gtm-custom-action=\"crossclick\" data-gtm-custom-label=\"Contextuel\" data-gtm-event=\"customEventSPE\">Ouest France<\/a> .<\/p>\n<p>Un h\u00e9licopt\u00e8re d\u00e9ploy\u00e9<\/p>\n<p class=\"fig-paragraph\">Contact\u00e9e, la gendarmerie de Saint-Nazaire confirme que les incendies pourraient \u00eatre l\u2019\u0153uvre d\u2019une personne ou de plusieurs qui auraient agi de mani\u00e8re presque simultan\u00e9e &#8211; un facteur qui semble \u00e9carter tout lien avec\u00a0<a href=\"http:\/\/www.lefigaro.fr\/conjoncture\/on-s-adapte-comme-on-peut-comment-les-salaries-se-debrouillent-face-aux-vagues-de-chaleur-20250701\" data-fig-type=\"Article\" data-gtm-custom-categorie=\"navigation\" data-gtm-custom-action=\"crossclick\" data-gtm-custom-label=\"Contextuel\" data-gtm-event=\"customEventSPE\" data-fig-domain=\"LEFIGARO\" target=\"_blank\" rel=\"noopener\">la vague de chaleur de ce d\u00e9but de semaine<\/a>. Lundi apr\u00e8s-midi, un h\u00e9licopt\u00e8re militaire a \u00e9t\u00e9 d\u00e9p\u00each\u00e9 au-dessus de la commune pour surveiller le secteur et dissuader d\u2019\u00e9ventuels autres d\u00e9parts de feux volontaires. Une vingtaine de gendarmes a aussi \u00e9t\u00e9 d\u00e9p\u00each\u00e9e pour quadriller la commune.<\/p>\n<p class=\"fig-body-link\">\n            \u00c0 lire aussi<br \/>\n        <a class=\"fig-body-link__link\" href=\"http:\/\/www.lefigaro.fr\/nantes\/municipales-a-nantes-les-ecologistes-veulent-pietonniser-100-rues-pour-apaiser-l-espace-public-20250628\" target=\"_blank\" data-fig-type=\"NewsFlash\" rel=\"noopener\" data-gtm-custom-categorie=\"navigation\" data-gtm-custom-action=\"crossclick\" data-gtm-custom-label=\"Contextuel\" data-gtm-event=\"customEventSPE\" data-fig-domain=\"LEFIGARO\">Municipales \u00e0 Nantes\u00a0: les \u00e9cologistes veulent pi\u00e9tonniser 100 rues pour \u00abapaiser l\u2019espace public\u00bb<br \/>\n    <\/a>\n<\/p>\n<p class=\"fig-paragraph\">Mardi matin, les forces de l\u2019ordre ne comptaient pas proc\u00e9der \u00e0 de nouveaux d\u00e9ploiements. La brigade de recherche de la compagnie de gendarmerie de Saint-Nazaire a, en revanche, \u00e9t\u00e9 envoy\u00e9e sur place pour collecter des indices sur le ou les \u00e9ventuels auteurs des d\u00e9parts de feux.<\/p>\n<p class=\"fig-paragraph\">Le d\u00e9partement de Loire-Atlantique a \u00e9t\u00e9 plac\u00e9 en d\u00e9but de semaine en alerte de niveau jaune &#8211; soit mod\u00e9r\u00e9 &#8211; de\u00a0<a href=\"http:\/\/www.lefigaro.fr\/actualite-france\/seulement-un-quart-des-canadair-de-la-flotte-nationale-sont-operationnels-20240813\" target=\"_blank\" data-fig-type=\"NewsFlash\" rel=\"noopener\" data-gtm-custom-categorie=\"navigation\" data-gtm-custom-action=\"crossclick\" data-gtm-custom-label=\"Contextuel\" data-gtm-event=\"customEventSPE\" data-fig-domain=\"LEFIGARO\">risque de feux de for\u00eats<\/a>. La poursuite de l\u2019\u00e9pisode caniculaire de ce d\u00e9but d\u2019\u00e9t\u00e9 fera cependant passer le territoire en niveau orange &#8211; \u00e9lev\u00e9 &#8211; d\u00e8s le mercredi 2 juillet, en d\u00e9pit de l\u2019adoucissement pr\u00e9vu pour le milieu de la semaine, et ce en raison de l\u2019aggravation de la s\u00e9cheresse.<\/p>\n","protected":false},"excerpt":{"rendered":"La gendarmerie nationale s\u2019est d\u00e9ploy\u00e9e lundi apr\u00e8s-midi \u00e0 Saint-Gildas-des-Bois (Loire-Atlantique) pour tenter de retrouver la trace du ou&hellip;\n","protected":false},"author":2,"featured_media":217992,"comment_status":"","ping_status":"","sticky":false,"template":"","format":"standard","meta":{"footnotes":""},"categories":[2818],"tags":[1111,11,1777,674,462,1011,27,2640,2642,1310,766,2638,2643,2637,2639,2646,2645,2641,2635,2644,2647,12,2636,25],"class_list":{"0":"post-217991","1":"post","2":"type-post","3":"status-publish","4":"format-standard","5":"has-post-thumbnail","7":"category-nantes","8":"tag-actu","9":"tag-actualites","10":"tag-eu","11":"tag-europe","12":"tag-fc-nantes","13":"tag-fr","14":"tag-france","15":"tag-hauts-paves-saint-felix","16":"tag-ile-de-nantes","17":"tag-incendie","18":"tag-nantes","19":"tag-nantes-bellevue-chantenay-sainte-anne","20":"tag-nantes-breil-barberie","21":"tag-nantes-centre-ville","22":"tag-nantes-dervallieres-zola","23":"tag-nantes-doulon-bottiere","24":"tag-nantes-erdre","25":"tag-nantes-malakoff-saint-donatien","26":"tag-nantes-metropole","27":"tag-nantes-nord","28":"tag-nantes-sud","29":"tag-news","30":"tag-pays-de-la-loire","31":"tag-republique-francaise"},"share_on_mastodon":{"url":"https:\/\/pubeurope.com\/@fr\/114777662783114409","error":""},"_links":{"self":[{"href":"https:\/\/www.europesays.com\/fr\/wp-json\/wp\/v2\/posts\/217991","targetHints":{"allow":["GET"]}}],"collection":[{"href":"https:\/\/www.europesays.com\/fr\/wp-json\/wp\/v2\/posts"}],"about":[{"href":"https:\/\/www.europesays.com\/fr\/wp-json\/wp\/v2\/types\/post"}],"author":[{"embeddable":true,"href":"https:\/\/www.europesays.com\/fr\/wp-json\/wp\/v2\/users\/2"}],"replies":[{"embeddable":true,"href":"https:\/\/www.europesays.com\/fr\/wp-json\/wp\/v2\/comments?post=217991"}],"version-history":[{"count":0,"href":"https:\/\/www.europesays.com\/fr\/wp-json\/wp\/v2\/posts\/217991\/revisions"}],"wp:featuredmedia":[{"embeddable":true,"href":"https:\/\/www.europesays.com\/fr\/wp-json\/wp\/v2\/media\/217992"}],"wp:attachment":[{"href":"https:\/\/www.europesays.com\/fr\/wp-json\/wp\/v2\/media?parent=217991"}],"wp:term":[{"taxonomy":"category","embeddable":true,"href":"https:\/\/www.europesays.com\/fr\/wp-json\/wp\/v2\/categories?post=217991"},{"taxonomy":"post_tag","embeddable":true,"href":"https:\/\/www.europesays.com\/fr\/wp-json\/wp\/v2\/tags?post=217991"}],"curies":[{"name":"wp","href":"https:\/\/api.w.org\/{rel}","templated":true}]}}