{"id":217999,"date":"2025-07-01T11:11:11","date_gmt":"2025-07-01T11:11:11","guid":{"rendered":"https:\/\/www.europesays.com\/fr\/217999\/"},"modified":"2025-07-01T11:11:11","modified_gmt":"2025-07-01T11:11:11","slug":"pres-du-periph-lun-des-gros-chantiers-de-toulouse-accelere","status":"publish","type":"post","link":"https:\/\/www.europesays.com\/fr\/217999\/","title":{"rendered":"pr\u00e8s du p\u00e9riph&rsquo;, l&rsquo;un des gros chantiers de Toulouse acc\u00e9l\u00e8re"},"content":{"rendered":"<p>            Par<br \/>\n        <strong><br \/>\n            <a href=\"https:\/\/actu.fr\/auteur\/david-saint-sernin\" title=\"Consulter tous les articles de David Saint-Sernin\" target=\"_blank\" rel=\"noopener\">David Saint-Sernin<\/a><br \/>\n        <\/strong><\/p>\n<p>        Publi\u00e9 le<\/p>\n<p>            1 juil. 2025 \u00e0 12h24        <\/p>\n<p>Une arm\u00e9e d\u2019engins, de la poussi\u00e8re qui vole,<a href=\"https:\/\/actu.fr\/occitanie\/toulouse_31555\/meteo-nouvelle-journee-de-canicule-a-toulouse-et-en-occitanie-orages-et-fortes-chaleurs-annonces_62842340.html\" target=\"_blank\" rel=\"noopener\"> un cagnard d\u2019enfer\u2026<\/a>. Au nord-est de Toulouse,<a href=\"https:\/\/actu.fr\/occitanie\/toulouse_31555\/toulouse-fermeture-du-peripherique-pour-maintenance-pendant-plusieurs-jours-ce-qu-il-faut-savoir_62833651.html\" target=\"_blank\" rel=\"noopener\"> en bord de p\u00e9riph\u00e9rique<\/a>, c\u2019est une immense parcelle qui est en train d\u2019\u00eatre terrass\u00e9e, dans des conditions particuli\u00e8rement \u00e9prouvantes, avec cet \u00e9t\u00e9 2025 qui d\u00e9marre dans la fournaise. Sur place, le rythme est \u00e9lev\u00e9 et c\u2019est un site de plusieurs hectares qui est en train d\u2019\u00eatre soulev\u00e9 sous les yeux des habitants <a href=\"https:\/\/actu.fr\/occitanie\/toulouse_31555\/toulouse-le-long-d-un-axe-strategique-ce-quartier-autrefois-maraicher-est-en-train-de-se-transformer_61829951.html\" target=\"_blank\" rel=\"noopener\">du boulevard d\u2019Atlanta.<\/a><br \/>Comme a pu le constater Actu Toulouse lundi 30\u00a0juin 2025, c\u2019est une noria de camions qui effectue des all\u00e9es et venues, les bennes remplies. De grandes cuves remplies d\u2019eau permettent d\u2019arroser le terrain pour d\u00e9caper une terre rendue tr\u00e8s compacte \u00e0 cause de la s\u00e9cheresse. \u00c0 l\u2019horizon 2027, c\u2019est un <a href=\"https:\/\/actu.fr\/occitanie\/toulouse_31555\/toulouse-la-construction-du-gigantesque-technocentre-a-debute-ce-que-l-on-va-y-trouver_61710888.html\" target=\"_blank\" rel=\"noopener\"><strong>Technocentre<\/strong> flambant neuf comprenant sept b\u00e2timents<\/a> qui accueillera les services techniques de Toulouse M\u00e9tropole sur ce site. Soit l\u2019un des tr\u00e8s <strong>grands projets en cours \u00e0 Toulouse<\/strong>, et un chantier particuli\u00e8rement strat\u00e9gique pour la M\u00e9tropole. Mais jusqu\u2019en septembre, selon le calendrier \u00e9tabli, ce sont les op\u00e9rations de d\u00e9capage et de d\u00e9frichage qui vont se poursuivre. Voici les images de ce <strong>chantier XXL<\/strong> et tout ce qu\u2019il va se passer sur ce site ces prochaines ann\u00e9es.<\/p>\n<p>Six hectares concern\u00e9s, 130\u2009000 m\u00b3 de terre d\u00e9blay\u00e9s<\/p>\n<p class=\" wall-content\">Les travaux de terrassement battent donc leur plein et ce sont pr\u00e8s de <strong>130\u2009000\u00a0m3 de terre<\/strong> qui seront, au final, d\u00e9blay\u00e9s, pour r\u00e9aliser ce Technocentre sur une emprise fonci\u00e8re de 6 hectares. Ces travaux pr\u00e9alables doivent se terminer en septembre. \u00c0 eux seuls, ils auront co\u00fbt\u00e9 4,5\u00a0millions d\u2019euros pour un co\u00fbt total de 102\u00a0millions d\u2019euros, ce qui t\u00e9moigne de l\u2019ampleur de cette op\u00e9ration immobili\u00e8re.<\/p>\n<p>    <img   decoding=\"async\" loading=\"lazy\" src=\"https:\/\/www.europesays.com\/fr\/wp-content\/uploads\/2025\/07\/20250630-135113-2-960x640.jpg\" alt=\"Chantier du technocentre lundi 30 juin 2025 au nord-est de Toulouse.\" width=\"960\" height=\"640\"\/><br \/>\n    Chantier du Technocentre lundi 30\u00a0juin 2025 au nord-est de Toulouse. Une dune de terre de plusieurs m\u00e8tres de haut se trouve \u00e0 l\u2019entr\u00e9e du chantier (\u00a9David Saint-Sernin\/Actu Toulouse)Livraison \u00e0 horizon 2027<\/p>\n<p class=\" wall-content\">Une op\u00e9ration immobili\u00e8re qui doit permettre de \u00ab\u2009moderniser et regrouper une partie des ateliers techniques\u2009\u00bb de la Ville de Toulouse et de Toulouse M\u00e9tropole. \u00c0 terme, quelque 600 agents publics des deux collectivit\u00e9s sont amen\u00e9s \u00e0 y travailler, dans l\u2019id\u00e9e \u00ab\u2009d\u2019apporter une meilleure qualit\u00e9 de service aux habitants\u2009\u00bb.<\/p>\n<p class=\" wall-content\">\u00c0 horizon 2027, ce Technocentre accueillera les services en charge de l\u2019\u00e9clairage public, de la collecte des ordures m\u00e9nag\u00e8res, de la gestion des v\u00e9hicules municipaux et m\u00e9tropolitains, ainsi que le P\u00f4le Territorial Est, assurant notamment la gestion de la propret\u00e9 des espaces publics et l\u2019entretien de la voirie.<\/p>\n<p>Sept b\u00e2timents<\/p>\n<p class=\" wall-content\">Alors que les travaux de terrassements sont sur le point de s\u2019achever, le march\u00e9 pour la construction des b\u00e2timents a \u00e9t\u00e9 pass\u00e9.<\/p>\n<p class=\" wall-content\">Le projet se compose de 7 entit\u00e9s b\u00e2ties\u2009: un b\u00e2timent tertiaire au sud, un b\u00e2timent technique d\u00e9di\u00e9 \u00e0 l\u2019extinction des feux sur l\u2019ensemble du Technocentre, un b\u00e2timent technique long de plus de 200\u00a0m \u00e0 l\u2019ouest abritant les d\u00e9p\u00f4ts\/magasins ainsi que les ateliers de l\u2019ensemble des services pr\u00e9sents sur le site, une station de service\/aire de lavage au nord-ouest, un poste de garde au nord et deux postes de transformations d\u00e9di\u00e9s au photovolta\u00efque \u00e0 l\u2019est.<\/p>\n<p>    <img   decoding=\"async\" loading=\"lazy\" src=\"https:\/\/www.europesays.com\/fr\/wp-content\/uploads\/2025\/07\/vue-nord-technocentre-atlanta-toulouse-960x640.jpg\" alt=\"Le nouveau technocentre de Toulouse comprendra 7 b\u00e2timents sur un espace de 6 hectares situ\u00e9 pr\u00e8s du p\u00e9riph\u00e9rique.\" width=\"960\" height=\"640\"\/><br \/>\n    Le nouveau Technocentre de Toulouse comprendra 7 b\u00e2timents sur un espace de 6 hectares situ\u00e9 pr\u00e8s du p\u00e9riph\u00e9rique. (\u00a9Toulouse M\u00e9tropole)Une tour de neuf \u00e9tages<\/p>\n<p class=\" wall-content\">Il comptera au total 29\u2009000 m\u00b2 de b\u00e2timents, avec une tour de bureaux de neuf \u00e9tages \u00e0 son extr\u00e9mit\u00e9 sud, au dernier niveau de laquelle sera int\u00e9gr\u00e9 un rooftop, afin d\u2019am\u00e9nager un espace de vie avec caf\u00e9t\u00e9ria.<\/p>\n<p class=\" wall-content\">\u00ab\u00a0Les am\u00e9nagements ext\u00e9rieurs, qui couvrent environ du site, permettent d\u2019organiser les stationnements des v\u00e9hicules techniques des diff\u00e9rentes directions ainsi que plusieurs zones de stockage des mat\u00e9riaux et mat\u00e9riels \u00e0 ciel ouvert. Environ 430 v\u00e9hicules (bennes, poids lourds, remorques, etc.) pourront stationner au Technocentre.<\/p>\n<p>    <img   decoding=\"async\" loading=\"lazy\" src=\"https:\/\/www.europesays.com\/fr\/wp-content\/uploads\/2025\/07\/vue-toit-jardin-technocentre-atlanta-toulouse-960x640.jpg\" alt=\"600 agents des deux collectivit\u00e9s sont amen\u00e9s \u00e0 travailler dans ce nouveau b\u00e2timent\" width=\"960\" height=\"640\"\/><br \/>\n    600 agents des deux collectivit\u00e9s sont amen\u00e9s \u00e0 travailler dans ce nouveau b\u00e2timent o\u00f9 ils pourront faire une pose sur le rooftop pr\u00e9vu dans le b\u00e2timent (\u00a9Taillandiers Architectes et Associ\u00e9s)Entre une caserne de pompiers et une station de m\u00e9tro<\/p>\n<p class=\" wall-content\">Compte tenu de l\u2019\u00e9tendue du projet et des besoins \u00e9lectriques li\u00e9s au fonctionnement du site, un<strong> parc photovolta\u00efque d\u2019environ 15\u2009000 m\u00b2<\/strong> a \u00e9t\u00e9 cr\u00e9\u00e9 dans l\u2019objectif de produire 3\u2009500 MWh par an\u00a0\u00bb, rappelle Toulouse M\u00e9tropole.<\/p>\n<p class=\" wall-content\">Le site sera \u00e9rig\u00e9 entre la nouvelle caserne des pompiers de Toulouse-Atlanta et la station de m\u00e9tro Argoulets. Pendant longtemps, il a \u00e9t\u00e9 occup\u00e9 par les gens du voyage.<\/p>\n<p>Notre reportage\u2009: les images du chantier lundi 30\u00a0juin<\/p>\n<p class=\" wall-content\">Ce lundi 30\u00a0juin, Actu Toulouse s\u2019est rendu sur place. Voici notre reportage photo. Cliquez sur la premi\u00e8re photo puis faites d\u00e9filer les images.<\/p>\n<p class=\" wall-content\">Suivez toute l\u2019actualit\u00e9 de vos villes et m\u00e9dias favoris en vous inscrivant \u00e0 <a href=\"https:\/\/moncompte.actu.fr\" title=\"D\u00e9couvez Mon Actu\" rel=\"nofollow noopener\" data-trk=\"{&quot;cta&quot;:{&quot;action&quot;:&quot;https:\\\/\\\/moncompte.actu.fr&quot;,&quot;category&quot;:&quot;mon compte&quot;,&quot;from&quot;:&quot;article footer&quot;,&quot;name&quot;:&quot;Mon actu&quot;,&quot;type&quot;:&quot;cta&quot;}}\" target=\"_blank\">Mon Actu<\/a>.<\/p>\n<ul class=\"ac-article-tag wall-content\">\n<li><a href=\"https:\/\/actu.fr\/tag\/peripherique-de-toulouse\" data-trk=\"{&quot;cta&quot;:{&quot;action&quot;:&quot;P\\u00e9riph\\u00e9rique de Toulouse&quot;,&quot;category&quot;:&quot;tag&quot;,&quot;from&quot;:&quot;article footer&quot;,&quot;name&quot;:&quot;P\\u00e9riph\\u00e9rique de Toulouse&quot;,&quot;type&quot;:&quot;cta&quot;}}\" target=\"_blank\" rel=\"noopener\">#P\u00e9riph\u00e9rique de Toulouse<\/a><\/li>\n<li><a href=\"https:\/\/actu.fr\/tag\/travaux\" data-trk=\"{&quot;cta&quot;:{&quot;action&quot;:&quot;Travaux&quot;,&quot;category&quot;:&quot;tag&quot;,&quot;from&quot;:&quot;article footer&quot;,&quot;name&quot;:&quot;Travaux&quot;,&quot;type&quot;:&quot;cta&quot;}}\" target=\"_blank\" rel=\"noopener\">#Travaux<\/a><\/li>\n<\/ul>\n","protected":false},"excerpt":{"rendered":"Par David Saint-Sernin Publi\u00e9 le 1 juil. 2025 \u00e0 12h24 Une arm\u00e9e d\u2019engins, de la poussi\u00e8re qui vole,&hellip;\n","protected":false},"author":2,"featured_media":218000,"comment_status":"","ping_status":"","sticky":false,"template":"","format":"standard","meta":{"footnotes":""},"categories":[2816],"tags":[1111,11,1777,674,1011,27,12,2680,4800,25,104,2312,2086],"class_list":{"0":"post-217999","1":"post","2":"type-post","3":"status-publish","4":"format-standard","5":"has-post-thumbnail","7":"category-toulouse","8":"tag-actu","9":"tag-actualites","10":"tag-eu","11":"tag-europe","12":"tag-fr","13":"tag-france","14":"tag-news","15":"tag-occitanie","16":"tag-peripherique-de-toulouse","17":"tag-republique-francaise","18":"tag-societe","19":"tag-toulouse","20":"tag-travaux"},"share_on_mastodon":{"url":"","error":""},"_links":{"self":[{"href":"https:\/\/www.europesays.com\/fr\/wp-json\/wp\/v2\/posts\/217999","targetHints":{"allow":["GET"]}}],"collection":[{"href":"https:\/\/www.europesays.com\/fr\/wp-json\/wp\/v2\/posts"}],"about":[{"href":"https:\/\/www.europesays.com\/fr\/wp-json\/wp\/v2\/types\/post"}],"author":[{"embeddable":true,"href":"https:\/\/www.europesays.com\/fr\/wp-json\/wp\/v2\/users\/2"}],"replies":[{"embeddable":true,"href":"https:\/\/www.europesays.com\/fr\/wp-json\/wp\/v2\/comments?post=217999"}],"version-history":[{"count":0,"href":"https:\/\/www.europesays.com\/fr\/wp-json\/wp\/v2\/posts\/217999\/revisions"}],"wp:featuredmedia":[{"embeddable":true,"href":"https:\/\/www.europesays.com\/fr\/wp-json\/wp\/v2\/media\/218000"}],"wp:attachment":[{"href":"https:\/\/www.europesays.com\/fr\/wp-json\/wp\/v2\/media?parent=217999"}],"wp:term":[{"taxonomy":"category","embeddable":true,"href":"https:\/\/www.europesays.com\/fr\/wp-json\/wp\/v2\/categories?post=217999"},{"taxonomy":"post_tag","embeddable":true,"href":"https:\/\/www.europesays.com\/fr\/wp-json\/wp\/v2\/tags?post=217999"}],"curies":[{"name":"wp","href":"https:\/\/api.w.org\/{rel}","templated":true}]}}