{"id":218004,"date":"2025-07-01T11:15:13","date_gmt":"2025-07-01T11:15:13","guid":{"rendered":"https:\/\/www.europesays.com\/fr\/218004\/"},"modified":"2025-07-01T11:15:13","modified_gmt":"2025-07-01T11:15:13","slug":"buniatishvili-kantorow-dessay-des-stars-du-classique-a-laffiche-de-la-saison-2025-2026-de-marseille-concerts","status":"publish","type":"post","link":"https:\/\/www.europesays.com\/fr\/218004\/","title":{"rendered":"Buniatishvili, Kantorow, Dessay\u2026 des stars du classique \u00e0 l&rsquo;affiche de la saison 2025-2026 de Marseille concerts"},"content":{"rendered":"<p>En\u00a02026, <a href=\"https:\/\/www.laprovence.com\/article\/sortie-loisirs\/83010947766255\/marseille-concerts-du-classique-a-la-chanson-pour-sa-saison-2024-2025\" target=\"_blank\" rel=\"nofollow noopener\">l\u2019association Marseille concerts,<\/a> pr\u00e9sid\u00e9e par Karine Fouchet, f\u00eatera ses 40\u00a0ans. Quarante ans de passion pour la musique classique, mais aussi le jazz, la chanson, l\u2019improvisation. Olivier Bellamy, directeur artistique, nous pr\u00e9sente la saison. Et rappelle qu\u2019en avant-go\u00fbt, Marseille concerts propose un concert gratuit sur r\u00e9servation Viva Verdi\u00a0!, medley des grands airs d\u2019op\u00e9ra du compositeur, dans le cadre de l\u2019\u00c9t\u00e9 marseillais le 19\u00a0juillet au th\u00e9\u00e2tre Silvain.<\/p>\n<p>Les \u00ab\u00a0stars\u00a0\u00bb\u00a0: Khatia Buniatishvili, Alexandre Kantorow, Natalie Dessay\u2026<\/p>\n<p>Gr\u00e2ce \u00e0 Marseille concerts, les grands noms de la musique classique feront escale \u00e0 Marseille, \u00e0 commencer par <a href=\"https:\/\/www.laprovence.com\/article\/sortie-loisirs\/1621659229586315\/khatia-buniatishvili-a-brille-au-festival-international-de-piano-de-la-roque-dantheron\" target=\"_blank\" rel=\"nofollow noopener\">la pianiste Khatia Buniatishvili<\/a>, qui a rar\u00e9fi\u00e9 ses apparitions sur sc\u00e8ne depuis la naissance de sa fille\u00a0: elle donnera un r\u00e9cital Schubert et Liszt le 5\u00a0novembre \u00e0 l\u2019Op\u00e9ra de Marseille. Autre virtuose du piano, <a href=\"https:\/\/www.laprovence.com\/article\/culture-loisirs\/70924137947801\/apres-les-jeux-olympiques-le-pianiste-alexandre-kantorow-se-produira-deux-soirs-a-la-roque-dantheron\" target=\"_blank\" rel=\"nofollow noopener\">Alexandre Kantorow, qui avait marqu\u00e9 les esprits en jouant sous la<\/a> <a href=\"https:\/\/www.laprovence.com\/article\/culture-loisirs\/70924137947801\/apres-les-jeux-olympiques-le-pianiste-alexandre-kantorow-se-produira-deux-soirs-a-la-roque-dantheron\" target=\"_blank\" rel=\"nofollow noopener\">pluie lors de la c\u00e9r\u00e9monie d\u2019ouverture des J.O. <\/a>et complice de longue date de Marseille concerts, sera de retour le 16\u00a0f\u00e9vrier\u00a02026 au th\u00e9\u00e2tre de La\u00a0Cri\u00e9e (7e).<\/p>\n<p>Samedi 18\u00a0octobre 2025, trois concertos de Mozart seront interpr\u00e9t\u00e9s par trois jeunes g\u00e9nies, R\u00e9mi Geniet, Gabriel Durliat, et S\u00e9lim Mazari, qui sont \u00e0 la fois pianistes et chefs d\u2019orchestre, pour f\u00eater les 40\u00a0ans de Marseille concerts.<\/p>\n<p>Enfin <a href=\"https:\/\/www.laprovence.com\/article\/region\/46284303232631\/au-theatre-le-nouveau-pas-de-cote-de-natalie-dessay-a-marseille\" target=\"_blank\" rel=\"nofollow noopener\">Natalie Dessay<\/a>, son mari Laurent Naouri, et leurs enfants Tom et Ne\u00efma Naouri nous feront voyager \u00e0 Broadway, dans l\u2019univers de la com\u00e9die musicale am\u00e9ricaine, le 28\u00a0janvier\u00a02026 au th\u00e9\u00e2tre de l\u2019Od\u00e9on (1er).<\/p>\n<p>Des \u00ab\u00a0Marseillais\u00a0\u00bb d\u2019envergure nationale et internationale<br \/>\n<img alt=\"Le clarinettiste marseillais Pierre G\u00e9nisson et le pianiste David Kadouch ouvriront la saison le 20 septembre 2025 au Palais du Pharo.\" loading=\"lazy\" decoding=\"async\" data-nimg=\"fill\" class=\" TwicCore_img__i9TC1 undefined  undefined\" style=\"position:absolute;height:100%;width:100%;left:0;top:0;right:0;bottom:0;color:transparent;background-size:cover;background-position:50% 50%;background-repeat:no-repeat;background-image:url(&quot;data:image\/svg+xml;charset=utf-8,%3Csvg xmlns='http:\/\/www.w3.org\/2000\/svg' %3E%3Cfilter id='b' color-interpolation-filters='sRGB'%3E%3CfeGaussianBlur stdDeviation='20'\/%3E%3CfeColorMatrix values='1 0 0 0 0 0 1 0 0 0 0 0 1 0 0 0 0 0 100 -1' result='s'\/%3E%3CfeFlood x='0' y='0' width='100%25' height='100%25'\/%3E%3CfeComposite operator='out' in='s'\/%3E%3CfeComposite in2='SourceGraphic'\/%3E%3CfeGaussianBlur stdDeviation='20'\/%3E%3C\/filter%3E%3Cimage width='100%25' height='100%25' x='0' y='0' preserveAspectRatio='none' style='filter: url(%23b);' href='https:\/\/pictures.laprovence.com\/cdn-cgi\/image\/blur=250\/media\/melody\/2025\/07\/01\/le-clarinettiste-marseillais-pierre-genisson-et-le-pianiste-david-kadouch-ouvriront-la-saison-le-20-1751356553_85965492b268669965492b2682d965v_.jpg'\/%3E%3C\/svg%3E&quot;)\"   src=\"https:\/\/www.europesays.com\/fr\/wp-content\/uploads\/2025\/07\/le-clarinettiste-marseillais-pierre-genisson-et-le-pianiste-david-kadouch-ouvriront-la-saison-le-20-.jpeg\"\/>Le clarinettiste marseillais Pierre G\u00e9nisson et le pianiste David Kadouch ouvriront la saison le 20 septembre 2025 au Palais du Pharo. \/ Photo St\u00e9phane Florean<\/p>\n<p>\u00ab\u00a0Des artistes marseillais qui se sont fait un nom ailleurs seront \u00e0 l\u2019honneur dans leur ville\u00a0\u00bb, avance Olivier Bellamy. Le clarinettiste Pierre G\u00e9nisson, enfant du pays, revient en duo avec David Kadouch le 20\u00a0septembre\u00a02025 au Palais du Pharo (7e) avec un programme Schumann, Brahms et Saint-Sa\u00ebns. Le contre-t\u00e9nor R\u00e9my Br\u00e8s-Feuillet, ancien \u00e9l\u00e8ve du Conservatoire Pierre-Barbizet, interpr\u00e9tera le Stabat Mater avec son Ensemble La Palatine le 14\u00a0octobre\u00a02025.<\/p>\n<p>\u00c9galement ancienne \u00e9l\u00e8ve du Conservatoire Pierre Barbizet, Ga\u00eblle Solal pr\u00e9sentera un r\u00e9cital de guitare \u00ab\u00a0ensoleill\u00e9\u00a0\u00bb. Le Quatuor Agate, dont deux membres sont issus de l\u2019\u00e9cole marseillaise, se produira au Pharo le 7\u00a0f\u00e9vrier\u00a02026. Salom\u00e9 Gasselin, R\u00e9v\u00e9lation soliste instrumental aux Victoires de la musique classique 2024 et cr\u00e9atrice de la classe de viole au conservatoire de Marseille, jouera le 21\u00a0mars\u00a02026. Enfin, la <a href=\"https:\/\/www.laprovence.com\/article\/spectacles\/3229183\/raphael-imbert-et-la-compagnie-nine-spirit-au-gtp.html\" target=\"_blank\" rel=\"nofollow noopener\">Compagnie Nine Spirit, fond\u00e9e par Rapha\u00ebl Imbert<\/a>, f\u00eatera ses 25\u00a0ans \u00e0 La\u00a0Cri\u00e9e avec une grande soir\u00e9e Shake the Spirits m\u00ealant jazz, baroque et cr\u00e9ations, le 18\u00a0mai\u00a02026.<\/p>\n<p>Jazz et chansons<\/p>\n<p>Marseille concerts met chaque saison la chanson fran\u00e7aise \u00e0 l\u2019honneur. Cette ann\u00e9e, No\u00ebmi Waysfeld chantera Barbara le 2\u00a0mai \u00e0 La\u00a0Cri\u00e9e et le 21\u00a0mai au th\u00e9\u00e2tre La Colonne \u00e0 Miramas. Par ailleurs, l\u2019Orchestre national de jazz cr\u00e9era le jeudi 4\u00a0d\u00e9cembre au th\u00e9\u00e2tre de La\u00a0Cri\u00e9e La Plan\u00e8te Sauvage, d\u2019apr\u00e8s le film d\u2019animation de Ren\u00e9 Laloux (1973) en cor\u00e9alisation avec le festival Tous en sons.<\/p>\n<p>Les r\u00e9citals \u00e0 l\u2019Op\u00e9ra et au Conservatoire<br \/>\n<img alt=\"Ryan Wang, l'un des favoris du 19e concours Chopin de Varsovie, donnera un r\u00e9cital Chopin \u00e0 l'Op\u00e9ra de Marseille le 18 septembre.\" loading=\"lazy\" decoding=\"async\" data-nimg=\"fill\" class=\" TwicCore_img__i9TC1 undefined  undefined\" style=\"position:absolute;height:100%;width:100%;left:0;top:0;right:0;bottom:0;color:transparent;background-size:cover;background-position:50% 50%;background-repeat:no-repeat;background-image:url(&quot;data:image\/svg+xml;charset=utf-8,%3Csvg xmlns='http:\/\/www.w3.org\/2000\/svg' %3E%3Cfilter id='b' color-interpolation-filters='sRGB'%3E%3CfeGaussianBlur stdDeviation='20'\/%3E%3CfeColorMatrix values='1 0 0 0 0 0 1 0 0 0 0 0 1 0 0 0 0 0 100 -1' result='s'\/%3E%3CfeFlood x='0' y='0' width='100%25' height='100%25'\/%3E%3CfeComposite operator='out' in='s'\/%3E%3CfeComposite in2='SourceGraphic'\/%3E%3CfeGaussianBlur stdDeviation='20'\/%3E%3C\/filter%3E%3Cimage width='100%25' height='100%25' x='0' y='0' preserveAspectRatio='none' style='filter: url(%23b);' href='https:\/\/pictures.laprovence.com\/cdn-cgi\/image\/blur=250\/media\/melody\/2025\/07\/01\/ryan-wang-1751356553_d433efd3b2686e153efd3b268e3d3ev_.jpg'\/%3E%3C\/svg%3E&quot;)\"   src=\"https:\/\/www.europesays.com\/fr\/wp-content\/uploads\/2025\/07\/ryan-wang-1751356553_d433efd3b2686e153efd3b268e3d3ev_.jpg\"\/>Ryan Wang, l&rsquo;un des favoris du 19e concours Chopin de Varsovie, donnera un r\u00e9cital Chopin \u00e0 l&rsquo;Op\u00e9ra de Marseille le 18 septembre. \/ Photo Tom McKenzie<\/p>\n<p>La formule \u00ab\u00a0Un artiste, un compositeur\u00a0\u00bb, le dimanche de 11\u00a0h \u00e0 midi, s\u00e9duit le public. Le pianiste Ryan Wang, l\u2019un des favoris du 19e concours Chopin de Varsovie, viendra se \u00ab\u00a0roder\u00a0\u00bb en interpr\u00e9tant les 24\u00a0pr\u00e9ludes de Chopin. La jeune pianiste et compositrice Arielle Beck jouera Mendelssohn le 15\u00a0mars. Vanessa Wagner c\u00e9l\u00e9brera le centenaire de la mort d\u2019Erik Satie qu\u2019elle consid\u00e8re comme le d\u00e9but de la musique r\u00e9p\u00e9titive et qu\u2019elle couplera avec Philip Glass. Le pianiste Alain Plan\u00e8s, \u00ab\u00a0musicien tr\u00e8s cultiv\u00e9, proche de Milan Kundera et de Miro\u00a0\u00bb, jouera Haydn le 29\u00a0mars\u00a02026. Enfin, le 8\u00a0janvier au Conservatoire, Jean-Baptiste Doulcet improvisera sur demande du public sur le th\u00e8me des musiques de films.<\/p>\n<p>Ouverture de la billetterie le 1er\u00a0juillet \u00e0 14h. <a href=\"https:\/\/www.marseilleconcerts.com\/\" target=\"_blank\" rel=\"nofollow noopener\">marseilleconcerts.com<\/a><\/p>\n","protected":false},"excerpt":{"rendered":"En\u00a02026, l\u2019association Marseille concerts, pr\u00e9sid\u00e9e par Karine Fouchet, f\u00eatera ses 40\u00a0ans. Quarante ans de passion pour la musique&hellip;\n","protected":false},"author":2,"featured_media":218005,"comment_status":"","ping_status":"","sticky":false,"template":"","format":"standard","meta":{"footnotes":""},"categories":[2814],"tags":[17,1111,11,35740,3526,251,154,35742,1777,674,1011,27,35741,35743,884,12,882,25,3287],"class_list":{"0":"post-218004","1":"post","2":"type-post","3":"status-publish","4":"format-standard","5":"has-post-thumbnail","7":"category-marseille","8":"tag-17","9":"tag-actu","10":"tag-actualites","11":"tag-buniatishvili","12":"tag-classique","13":"tag-culture","14":"tag-des","15":"tag-dessay","16":"tag-eu","17":"tag-europe","18":"tag-fr","19":"tag-france","20":"tag-kantorow","21":"tag-laffiche","22":"tag-marseille","23":"tag-news","24":"tag-provence-alpes-cote-dazur","25":"tag-republique-francaise","26":"tag-stars"},"share_on_mastodon":{"url":"https:\/\/pubeurope.com\/@fr\/114777694272569625","error":""},"_links":{"self":[{"href":"https:\/\/www.europesays.com\/fr\/wp-json\/wp\/v2\/posts\/218004","targetHints":{"allow":["GET"]}}],"collection":[{"href":"https:\/\/www.europesays.com\/fr\/wp-json\/wp\/v2\/posts"}],"about":[{"href":"https:\/\/www.europesays.com\/fr\/wp-json\/wp\/v2\/types\/post"}],"author":[{"embeddable":true,"href":"https:\/\/www.europesays.com\/fr\/wp-json\/wp\/v2\/users\/2"}],"replies":[{"embeddable":true,"href":"https:\/\/www.europesays.com\/fr\/wp-json\/wp\/v2\/comments?post=218004"}],"version-history":[{"count":0,"href":"https:\/\/www.europesays.com\/fr\/wp-json\/wp\/v2\/posts\/218004\/revisions"}],"wp:featuredmedia":[{"embeddable":true,"href":"https:\/\/www.europesays.com\/fr\/wp-json\/wp\/v2\/media\/218005"}],"wp:attachment":[{"href":"https:\/\/www.europesays.com\/fr\/wp-json\/wp\/v2\/media?parent=218004"}],"wp:term":[{"taxonomy":"category","embeddable":true,"href":"https:\/\/www.europesays.com\/fr\/wp-json\/wp\/v2\/categories?post=218004"},{"taxonomy":"post_tag","embeddable":true,"href":"https:\/\/www.europesays.com\/fr\/wp-json\/wp\/v2\/tags?post=218004"}],"curies":[{"name":"wp","href":"https:\/\/api.w.org\/{rel}","templated":true}]}}