{"id":218024,"date":"2025-07-01T11:26:11","date_gmt":"2025-07-01T11:26:11","guid":{"rendered":"https:\/\/www.europesays.com\/fr\/218024\/"},"modified":"2025-07-01T11:26:11","modified_gmt":"2025-07-01T11:26:11","slug":"karin-keller-sutter-affirme-quemmanuel-macron-soutient-la-mise-en-place-dune-plateforme-de-negociation-entre-lukraine-et-la-russie-a-geneve","status":"publish","type":"post","link":"https:\/\/www.europesays.com\/fr\/218024\/","title":{"rendered":"Karin Keller-Sutter affirme qu&rsquo;Emmanuel Macron soutient la mise en place d&rsquo;une \u00abplateforme\u00bb de n\u00e9gociation entre l&rsquo;Ukraine et la Russie \u00e0 Gen\u00e8ve"},"content":{"rendered":"<p>              <a tabindex=\"-1\" title=\"Paul Ackermann\" href=\"https:\/\/www.letemps.ch\/profil\/paul-ackermann\" rel=\"nofollow noopener\" target=\"_blank\"><\/p>\n<p>                    <img decoding=\"async\" src=\"https:\/\/www.europesays.com\/fr\/wp-content\/uploads\/2025\/07\/small.jpeg\" class=\"lazy\" alt=\"\"\/><\/p>\n<p><\/a>        <\/p>\n<p>    Publi\u00e9 le 01 juillet 2025 \u00e0 12:54. \/ Modifi\u00e9 le 01 juillet 2025 \u00e0 13:08.<\/p>\n<p> 3 min. de lecture<\/p>\n<p>Le soleil \u00e9tait d\u00e9j\u00e0 cuisant quand la pr\u00e9sidente de la Conf\u00e9d\u00e9ration a \u00e9t\u00e9 re\u00e7ue par la Garde R\u00e9publicaine dans la cours de l\u2019Elys\u00e9e vers 10h15 en ce mardi de vigilance rouge \u00abcanicule extr\u00eame\u00bb dans la capitale fran\u00e7aise. L\u2019objectif \u00e9tait de \u00abdiscuter au plus haut niveau des d\u00e9fis g\u00e9opolitiques et des positions des deux pays quant \u00e0 la politique europ\u00e9enne\u00bb.<\/p>\n<p>Arriv\u00e9e en Mercedes \u00e9lectrique et toute de rose v\u00eatue, Karin Keller-Sutter a donc rencontr\u00e9 Emmanuel Macron en son palais et \u00e0 l\u2019initiative du pr\u00e9sident fran\u00e7ais selon les services de la conseill\u00e8re f\u00e9d\u00e9rale. C\u2019est suite \u00e0 une conversation au sommet de la Communaut\u00e9 politique europ\u00e9enne (CPE) \u00e0 Tirana le 16 mai dernier que l\u2019invitation a \u00e9t\u00e9 lanc\u00e9e. En 2027, la Suisse accueillera d\u2019ailleurs un de ces sommets n\u00e9s \u00e0 l\u2019initiative d\u2019Emmanuel Macron.<\/p>\n","protected":false},"excerpt":{"rendered":"Publi\u00e9 le 01 juillet 2025 \u00e0 12:54. \/ Modifi\u00e9 le 01 juillet 2025 \u00e0 13:08. 3 min. de&hellip;\n","protected":false},"author":2,"featured_media":218025,"comment_status":"","ping_status":"","sticky":false,"template":"","format":"standard","meta":{"footnotes":""},"categories":[1591],"tags":[11,1887,27,14344,12,6328,13811,301,1885,1886,132,2582],"class_list":{"0":"post-218024","1":"post","2":"type-post","3":"status-publish","4":"format-standard","5":"has-post-thumbnail","7":"category-russie","8":"tag-actualites","9":"tag-federation-de-russie","10":"tag-france","11":"tag-karin-keller-sutter","12":"tag-news","13":"tag-politique-federale","14":"tag-politique-francaise","15":"tag-premium","16":"tag-russia","17":"tag-russian-federation","18":"tag-russie","19":"tag-suisse-ue"},"share_on_mastodon":{"url":"https:\/\/pubeurope.com\/@fr\/114777737411079607","error":""},"_links":{"self":[{"href":"https:\/\/www.europesays.com\/fr\/wp-json\/wp\/v2\/posts\/218024","targetHints":{"allow":["GET"]}}],"collection":[{"href":"https:\/\/www.europesays.com\/fr\/wp-json\/wp\/v2\/posts"}],"about":[{"href":"https:\/\/www.europesays.com\/fr\/wp-json\/wp\/v2\/types\/post"}],"author":[{"embeddable":true,"href":"https:\/\/www.europesays.com\/fr\/wp-json\/wp\/v2\/users\/2"}],"replies":[{"embeddable":true,"href":"https:\/\/www.europesays.com\/fr\/wp-json\/wp\/v2\/comments?post=218024"}],"version-history":[{"count":0,"href":"https:\/\/www.europesays.com\/fr\/wp-json\/wp\/v2\/posts\/218024\/revisions"}],"wp:featuredmedia":[{"embeddable":true,"href":"https:\/\/www.europesays.com\/fr\/wp-json\/wp\/v2\/media\/218025"}],"wp:attachment":[{"href":"https:\/\/www.europesays.com\/fr\/wp-json\/wp\/v2\/media?parent=218024"}],"wp:term":[{"taxonomy":"category","embeddable":true,"href":"https:\/\/www.europesays.com\/fr\/wp-json\/wp\/v2\/categories?post=218024"},{"taxonomy":"post_tag","embeddable":true,"href":"https:\/\/www.europesays.com\/fr\/wp-json\/wp\/v2\/tags?post=218024"}],"curies":[{"name":"wp","href":"https:\/\/api.w.org\/{rel}","templated":true}]}}