{"id":218031,"date":"2025-07-01T11:30:12","date_gmt":"2025-07-01T11:30:12","guid":{"rendered":"https:\/\/www.europesays.com\/fr\/218031\/"},"modified":"2025-07-01T11:30:12","modified_gmt":"2025-07-01T11:30:12","slug":"lallemagne-abaisse-son-niveau-dalerte-sur-la-securite-du-gaz-alors-que-les-goulots-detranglement-sattenuent","status":"publish","type":"post","link":"https:\/\/www.europesays.com\/fr\/218031\/","title":{"rendered":"L&rsquo;Allemagne abaisse son niveau d&rsquo;alerte sur la s\u00e9curit\u00e9 du gaz alors que les goulots d&rsquo;\u00e9tranglement s&rsquo;att\u00e9nuent"},"content":{"rendered":"<p>Le gouvernement allemand a abaiss\u00e9 le niveau de s\u00e9curit\u00e9 de l&rsquo;approvisionnement en gaz, passant du niveau d&rsquo;alarme \u00e0 l&rsquo;\u00e9tape de pr\u00e9alerte, a annonc\u00e9 mardi la ministre de l&rsquo;\u00c9conomie, Katherina Reiche.<\/p>\n<p>\nL&rsquo;approvisionnement en gaz de l&rsquo;Allemagne est s\u00e9curis\u00e9 et les conditions requises pour maintenir le niveau d&rsquo;alerte, selon le plan d&rsquo;urgence du pays, ne sont plus r\u00e9unies, a pr\u00e9cis\u00e9 Mme Reiche. Elle a ajout\u00e9 qu&rsquo;au vu de la situation stable, il n&rsquo;\u00e9tait pas n\u00e9cessaire pour le gouvernement de remplir les r\u00e9serves gazi\u00e8res nationales via sa plateforme d&rsquo;\u00e9change.<\/p>\n","protected":false},"excerpt":{"rendered":"Le gouvernement allemand a abaiss\u00e9 le niveau de s\u00e9curit\u00e9 de l&rsquo;approvisionnement en gaz, passant du niveau d&rsquo;alarme \u00e0&hellip;\n","protected":false},"author":2,"featured_media":218032,"comment_status":"","ping_status":"","sticky":false,"template":"","format":"standard","meta":{"footnotes":""},"categories":[1587],"tags":[11,672,340,1804,1805,1803,1777,674,1801,12,1802],"class_list":{"0":"post-218031","1":"post","2":"type-post","3":"status-publish","4":"format-standard","5":"has-post-thumbnail","7":"category-allemagne","8":"tag-actualites","9":"tag-allemagne","10":"tag-bourse","11":"tag-bundesrepublik-deutschland","12":"tag-de","13":"tag-deutschland","14":"tag-eu","15":"tag-europe","16":"tag-germany","17":"tag-news","18":"tag-republique-federale-dallemagne"},"share_on_mastodon":{"url":"https:\/\/pubeurope.com\/@fr\/114777753304515171","error":""},"_links":{"self":[{"href":"https:\/\/www.europesays.com\/fr\/wp-json\/wp\/v2\/posts\/218031","targetHints":{"allow":["GET"]}}],"collection":[{"href":"https:\/\/www.europesays.com\/fr\/wp-json\/wp\/v2\/posts"}],"about":[{"href":"https:\/\/www.europesays.com\/fr\/wp-json\/wp\/v2\/types\/post"}],"author":[{"embeddable":true,"href":"https:\/\/www.europesays.com\/fr\/wp-json\/wp\/v2\/users\/2"}],"replies":[{"embeddable":true,"href":"https:\/\/www.europesays.com\/fr\/wp-json\/wp\/v2\/comments?post=218031"}],"version-history":[{"count":0,"href":"https:\/\/www.europesays.com\/fr\/wp-json\/wp\/v2\/posts\/218031\/revisions"}],"wp:featuredmedia":[{"embeddable":true,"href":"https:\/\/www.europesays.com\/fr\/wp-json\/wp\/v2\/media\/218032"}],"wp:attachment":[{"href":"https:\/\/www.europesays.com\/fr\/wp-json\/wp\/v2\/media?parent=218031"}],"wp:term":[{"taxonomy":"category","embeddable":true,"href":"https:\/\/www.europesays.com\/fr\/wp-json\/wp\/v2\/categories?post=218031"},{"taxonomy":"post_tag","embeddable":true,"href":"https:\/\/www.europesays.com\/fr\/wp-json\/wp\/v2\/tags?post=218031"}],"curies":[{"name":"wp","href":"https:\/\/api.w.org\/{rel}","templated":true}]}}