{"id":218045,"date":"2025-07-01T11:39:09","date_gmt":"2025-07-01T11:39:09","guid":{"rendered":"https:\/\/www.europesays.com\/fr\/218045\/"},"modified":"2025-07-01T11:39:09","modified_gmt":"2025-07-01T11:39:09","slug":"wimbledon-john-mcenroe-sur-carlos-alcaraz-jetais-sur-un-velo-a-cote-de-lui-dans-la-salle-de-sport-et-il-ma-dit-quelque-chose-quil-netait-pas-oblige-de-dire","status":"publish","type":"post","link":"https:\/\/www.europesays.com\/fr\/218045\/","title":{"rendered":"Wimbledon > John McEnroe sur Carlos Alcaraz : \u00ab\u00a0J&rsquo;\u00e9tais sur un v\u00e9lo \u00e0 c\u00f4t\u00e9 de lui dans la salle de sport, et il m&rsquo;a dit quelque chose qu&rsquo;il n&rsquo;\u00e9tait pas oblig\u00e9 de dire&#8230;\u00a0\u00bb"},"content":{"rendered":"<p>Consultant pour la BBC durant Wimbledon, John McEnroe a racont\u00e9 une discus\u00adsion r\u00e9cente avec Carlos Alcaraz, un joueur qu\u2019il appr\u00e9cie tout particuli\u00e8rement.\u00a0<\/p>\n<blockquote class=\"twitter-tweet\">\n<p lang=\"en\" dir=\"ltr\">How Carlos Alcaraz made John McEnroe\u2019s week \ud83e\udd1d<a href=\"https:\/\/twitter.com\/hashtag\/Wimbledon?src=hash&amp;ref_src=twsrc%5Etfw\" data-wpel-link=\"external\" target=\"_blank\" rel=\"nofollow external noopener\">#Wimbledon<\/a> <a href=\"https:\/\/t.co\/5DsVi3ef3f\" data-wpel-link=\"external\" target=\"_blank\" rel=\"nofollow external noopener\">pic.twitter.com\/5DsVi3ef3f<\/a><\/p>\n<p>\u2014 BBC Sport (@BBCSport) <a href=\"https:\/\/twitter.com\/BBCSport\/status\/1939813712971342125?ref_src=twsrc%5Etfw\" data-wpel-link=\"external\" target=\"_blank\" rel=\"nofollow external noopener\">June 30,\u00a02025<\/a><\/p><\/blockquote>\n<p><strong>\u00ab\u202fJe vais vous raconter quelque chose qui s\u2019est pass\u00e9 \u00e0 Roland\u2010Garros. Je vais \u00e0 la salle de sport des joueurs parce que la deuxi\u00e8me semaine, nous, les vieux, on peut jouer quelques matchs. Je suis en train de m\u2019\u00e9chauffer sur un v\u00e9lo, Alcaraz est \u00e0 c\u00f4t\u00e9 de moi et il me dit\u00a0: \u2018Oh mon Dieu, tu es en pleine forme\u2019. Et je lui ai demand\u00e9\u00a0: \u2018Quel \u00e2ge a ton p\u00e8re ?\u2019 Et il m\u2019a r\u00e9pondu\u00a0: \u201954 ans\u2019. Et j\u2019ai dit\u00a0: \u2018Eh bien, j\u2019ai 66 ans.\u2019 Et il m\u2019a r\u00e9pondu\u00a0: \u2018Oh mon Dieu, tu as l\u2019air d\u2019avoir 40 ans.\u2019 \u00c9tait\u2010il oblig\u00e9 de dire \u00e7a\u202f? Non. Est\u2010ce que \u00e7a m\u2019a fait plaisir\u202f? Pour \u00eatre honn\u00eate, \u00e7a m\u2019a vrai\u00adment fait plaisir. Il a le don de savoir quoi dire. M\u00eame apr\u00e8s le match, lors de l\u2019in\u00adter\u00adview, on voyait bien qu\u2019il disait les bonnes choses sans m\u00eame avoir \u00e0 y r\u00e9fl\u00e9chir.\u202f\u00bb<\/strong><\/p>\n<p class=\"post-published-date\" style=\"color: silver; font-size: 75%; text-align: left;\">Publi\u00e9 le mardi 1 juillet 2025 \u00e0 12:52<\/p>\n<p><script async src=\"https:\/\/platform.twitter.com\/widgets.js\" charset=\"utf-8\"><\/script><\/p>\n","protected":false},"excerpt":{"rendered":"Consultant pour la BBC durant Wimbledon, John McEnroe a racont\u00e9 une discus\u00adsion r\u00e9cente avec Carlos Alcaraz, un joueur&hellip;\n","protected":false},"author":2,"featured_media":218046,"comment_status":"","ping_status":"","sticky":false,"template":"","format":"standard","meta":{"footnotes":""},"categories":[1415],"tags":[1744,1011,27,60,1467],"class_list":{"0":"post-218045","1":"post","2":"type-post","3":"status-publish","4":"format-standard","5":"has-post-thumbnail","7":"category-tennis","8":"tag-alcaraz","9":"tag-fr","10":"tag-france","11":"tag-sports","12":"tag-tennis"},"share_on_mastodon":{"url":"https:\/\/pubeurope.com\/@fr\/114777788464821625","error":""},"_links":{"self":[{"href":"https:\/\/www.europesays.com\/fr\/wp-json\/wp\/v2\/posts\/218045","targetHints":{"allow":["GET"]}}],"collection":[{"href":"https:\/\/www.europesays.com\/fr\/wp-json\/wp\/v2\/posts"}],"about":[{"href":"https:\/\/www.europesays.com\/fr\/wp-json\/wp\/v2\/types\/post"}],"author":[{"embeddable":true,"href":"https:\/\/www.europesays.com\/fr\/wp-json\/wp\/v2\/users\/2"}],"replies":[{"embeddable":true,"href":"https:\/\/www.europesays.com\/fr\/wp-json\/wp\/v2\/comments?post=218045"}],"version-history":[{"count":0,"href":"https:\/\/www.europesays.com\/fr\/wp-json\/wp\/v2\/posts\/218045\/revisions"}],"wp:featuredmedia":[{"embeddable":true,"href":"https:\/\/www.europesays.com\/fr\/wp-json\/wp\/v2\/media\/218046"}],"wp:attachment":[{"href":"https:\/\/www.europesays.com\/fr\/wp-json\/wp\/v2\/media?parent=218045"}],"wp:term":[{"taxonomy":"category","embeddable":true,"href":"https:\/\/www.europesays.com\/fr\/wp-json\/wp\/v2\/categories?post=218045"},{"taxonomy":"post_tag","embeddable":true,"href":"https:\/\/www.europesays.com\/fr\/wp-json\/wp\/v2\/tags?post=218045"}],"curies":[{"name":"wp","href":"https:\/\/api.w.org\/{rel}","templated":true}]}}