{"id":218049,"date":"2025-07-01T11:42:09","date_gmt":"2025-07-01T11:42:09","guid":{"rendered":"https:\/\/www.europesays.com\/fr\/218049\/"},"modified":"2025-07-01T11:42:09","modified_gmt":"2025-07-01T11:42:09","slug":"red-bull-lavenir-de-yuki-tsunoda-en-question-apres-un-nouveau-week-end-difficile-en-autriche","status":"publish","type":"post","link":"https:\/\/www.europesays.com\/fr\/218049\/","title":{"rendered":"Red Bull &#8211; L\u2019avenir de Yuki Tsunoda en question apr\u00e8s un nouveau week-end difficile en Autriche"},"content":{"rendered":"<p>Christian Horner, directeur de l\u2019\u00e9curie Red Bull, a confirm\u00e9 que la situation de Yuki Tsunoda faisait actuellement l\u2019objet de discussions en interne, au lendemain d\u2019un Grand Prix d\u2019Autriche particuli\u00e8rement d\u00e9cevant pour le pilote japonais.<\/p>\n<p>Alors que Red Bull comptait sur lui pour limiter les d\u00e9g\u00e2ts apr\u00e8s l\u2019abandon pr\u00e9matur\u00e9 de Max Verstappen, <a href=\"https:\/\/f1only.fr\/f1-2026-yuki-tsunoda-options-cadillac\/\" target=\"_blank\" rel=\"noopener\">Tsunoda<\/a> n\u2019a pas su inverser la tendance. P\u00e9nalis\u00e9 de dix secondes pour un accrochage avec Franco Colapinto, et en manque de rythme tout au long de la course, il a franchi la ligne d\u2019arriv\u00e9e \u00e0 la 16e place, deux rangs seulement gagn\u00e9s par rapport \u00e0 sa position de d\u00e9part.<\/p>\n<p>Ce r\u00e9sultat vient s\u2019ajouter \u00e0 une s\u00e9rie de performances d\u00e9cevantes, avec notamment trois \u00e9liminations en Q1 sur les cinq derniers Grands Prix. Apr\u00e8s neuf courses au volant d\u2019une monoplace propuls\u00e9e par <a href=\"https:\/\/f1only.fr\/norris-mefier-red-bull-autriche-avantage\/\" target=\"_blank\" rel=\"noopener\">Red Bull<\/a> Powertrains, Tsunoda ne compte que sept points au championnat \u2013 un total surpass\u00e9 en une seule course par Liam Lawson, auteur d\u2019un top 6 en Autriche sous les couleurs de Racing Bulls.<\/p>\n<p>Face \u00e0 ce constat, l\u2019\u00e9curie autrichienne r\u00e9fl\u00e9chit aux solutions \u00e0 envisager. \u00ab Nous avons des conversations internes sur la mani\u00e8re de l\u2019aider \u00e0 retrouver son niveau \u00bb, a d\u00e9clar\u00e9 Horner, sans pr\u00e9ciser si un changement de pilote \u00e9tait envisag\u00e9 \u00e0 court terme.<\/p>\n<p>\u00ab \u00c9coutez, Yuki a fait une course horrible \u00bb, a d\u00e9clar\u00e9 Horner \u00e0 certains m\u00e9dias. \u00ab Encore une fois, \u00e7a a commenc\u00e9 \u00e0 mal tourner pour lui en Q1. Son premier tour en Q1 \u00e9tait correct. Au deuxi\u00e8me tour, il a fait une erreur dans le virage 1, puis il s\u2019est mal qualifi\u00e9, il s\u2019est retrouv\u00e9 dans le trafic, incapable de d\u00e9passer, puis il a \u00e9cop\u00e9 d\u2019une p\u00e9nalit\u00e9, et tout s\u2019est encha\u00een\u00e9. Nous allons bien s\u00fbr chercher \u00e0 voir comment nous pouvons l\u2019aider, mais il y a un \u00e9cart important entre les deux voitures. Et, bien s\u00fbr, en interne, nous nous posons toutes les questions que vous vous posez sans doute, \u00e0 savoir pourquoi ? Nous allons \u00e9videmment examiner la voiture, qui a \u00e9volu\u00e9 au fil des ans dans une direction pr\u00e9cise, mais nous verrons si nous pouvons aider Yuki et lui redonner confiance \u00e0 Silverstone. \u00bb<\/p>\n","protected":false},"excerpt":{"rendered":"Christian Horner, directeur de l\u2019\u00e9curie Red Bull, a confirm\u00e9 que la situation de Yuki Tsunoda faisait actuellement l\u2019objet&hellip;\n","protected":false},"author":2,"featured_media":218050,"comment_status":"","ping_status":"","sticky":false,"template":"","format":"standard","meta":{"footnotes":""},"categories":[1412],"tags":[5080,5081,1451,5083,5084,5085,5086,5087,5088,1452,1453,1454,1455,1011,27,5089,5090,2255,60,5091,3030],"class_list":{"0":"post-218049","1":"post","2":"type-post","3":"status-publish","4":"format-standard","5":"has-post-thumbnail","7":"category-f1","8":"tag-actualites-f1","9":"tag-actuf1","10":"tag-f1","11":"tag-f1-actu","12":"tag-f1-direct","13":"tag-f1-live","14":"tag-f1-news","15":"tag-f1news","16":"tag-fia","17":"tag-formula-1","18":"tag-formula1","19":"tag-formule-1","20":"tag-formule1","21":"tag-fr","22":"tag-france","23":"tag-news-f1","24":"tag-newsf1","25":"tag-red-bull","26":"tag-sports","27":"tag-tip","28":"tag-top"},"share_on_mastodon":{"url":"https:\/\/pubeurope.com\/@fr\/114777800289411406","error":""},"_links":{"self":[{"href":"https:\/\/www.europesays.com\/fr\/wp-json\/wp\/v2\/posts\/218049","targetHints":{"allow":["GET"]}}],"collection":[{"href":"https:\/\/www.europesays.com\/fr\/wp-json\/wp\/v2\/posts"}],"about":[{"href":"https:\/\/www.europesays.com\/fr\/wp-json\/wp\/v2\/types\/post"}],"author":[{"embeddable":true,"href":"https:\/\/www.europesays.com\/fr\/wp-json\/wp\/v2\/users\/2"}],"replies":[{"embeddable":true,"href":"https:\/\/www.europesays.com\/fr\/wp-json\/wp\/v2\/comments?post=218049"}],"version-history":[{"count":0,"href":"https:\/\/www.europesays.com\/fr\/wp-json\/wp\/v2\/posts\/218049\/revisions"}],"wp:featuredmedia":[{"embeddable":true,"href":"https:\/\/www.europesays.com\/fr\/wp-json\/wp\/v2\/media\/218050"}],"wp:attachment":[{"href":"https:\/\/www.europesays.com\/fr\/wp-json\/wp\/v2\/media?parent=218049"}],"wp:term":[{"taxonomy":"category","embeddable":true,"href":"https:\/\/www.europesays.com\/fr\/wp-json\/wp\/v2\/categories?post=218049"},{"taxonomy":"post_tag","embeddable":true,"href":"https:\/\/www.europesays.com\/fr\/wp-json\/wp\/v2\/tags?post=218049"}],"curies":[{"name":"wp","href":"https:\/\/api.w.org\/{rel}","templated":true}]}}