{"id":218057,"date":"2025-07-01T11:46:25","date_gmt":"2025-07-01T11:46:25","guid":{"rendered":"https:\/\/www.europesays.com\/fr\/218057\/"},"modified":"2025-07-01T11:46:25","modified_gmt":"2025-07-01T11:46:25","slug":"les-tendances-deco-pour-lete-2025-decryptees-par-houzz","status":"publish","type":"post","link":"https:\/\/www.europesays.com\/fr\/218057\/","title":{"rendered":"Les tendances d\u00e9co pour l&rsquo;\u00e9t\u00e9 2025 d\u00e9crypt\u00e9es par Houzz"},"content":{"rendered":"<p>Houzz, la plateforme de r\u00e9f\u00e9rence pour la r\u00e9novation et le design d&rsquo;int\u00e9rieur, vous d\u00e9voile les tendances d\u00e9co pour l&rsquo;\u00e9t\u00e9 2025, bas\u00e9es sur les derni\u00e8res recherches de sa communaut\u00e9 de propri\u00e9taires, de passionn\u00e9s de design et de professionnels de l&rsquo;industrie. Regardons ensemble ce que les Fran\u00e7ais recherchent depuis quelques mois, pour planifier leurs travaux d&rsquo;am\u00e9nagement et d&#8217;embellissement prochains.<\/p>\n<p><strong>Plus d&rsquo;espaces perdus<\/strong><\/p>\n<p>Qu&rsquo;il s&rsquo;agisse d&rsquo;am\u00e9nager les combles en y cr\u00e9ant une chambre et pourquoi pas une salle de bain suppl\u00e9mentaire, les sous-sols, ou apporter des am\u00e9liorations ou une nouvelle destination \u00e0 des pi\u00e8ces inutilis\u00e9es, l&rsquo;optimisation des surfaces est \u00e0 l&rsquo;ordre du jour. Le m\u00e8tre carr\u00e9 est co\u00fbteux et pr\u00e9cieux, il ne doit pas \u00eatre n\u00e9glig\u00e9, m\u00eame dans les endroits de passage comme une large entr\u00e9e ou un couloir. On peut y installer une cuisine ou bien encore son bureau.\u00a0 Cr\u00e9dit photo : <a href=\"https:\/\/www.houzz.fr\/hznb\/photos\/renovation-complete-d-un-duplex-de-180m2-phvw-vp~199240750\" rel=\"nofollow noopener\" target=\"_blank\">@adorarenovation<\/a><\/p>\n<p><a href=\"https:\/\/planete-deco.fr\/wp-content\/uploads\/2025\/06\/\u00a9adorarenovation.jpeg\" rel=\"nofollow noopener\" target=\"_blank\"><img decoding=\"async\" loading=\"lazy\" class=\"alignnone wp-image-460092 size-full\" src=\"https:\/\/planete-deco.fr\/wp-content\/uploads\/2025\/06\/\u00a9adorarenovation-1536x1024.jpeg\" alt=\"am\u00e9nagement couloir d\u00e9co \u00e9t\u00e9 2025 Cr\u00e9dit photo : @adorarenovation\" width=\"1536\" height=\"1024\"  \/><a class=\"pin-btn\" data-pin-custom=\"true\" href=\"https:\/\/pinterest.com\/pin\/create\/button\/?url=https:\/\/planete-deco.fr\/2025\/06\/27\/les-tendances-deco-pour-lete-2025-decryptees-par-houzz\/&amp;media=https:\/\/planete-deco.fr\/wp-content\/uploads\/2025\/06\/\u00a9adorarenovation.jpeg&amp;description=Houzz, la plateforme de r\u00e9f\u00e9rence pour la r\u00e9novation et le design d&#039;int\u00e9rieur, vous d\u00e9voile les tendances d\u00e9co pour l&#039;\u00e9t\u00e9 2025, bas\u00e9es sur les derni\u00e8res recherches de sa communaut\u00e9 de\u2026\" target=\"_blank\" title=\"Share on Pinterest\" rel=\"nofollow noopener\"><img decoding=\"async\" src=\"https:\/\/www.europesays.com\/fr\/wp-content\/uploads\/2025\/05\/share_pinterest.png\" alt=\"Share on Pinterest\"\/><\/a><br \/>\n<\/a><\/p>\n<p><strong>Se sentir bien dans toutes les pi\u00e8ces de la maison<\/strong><\/p>\n<p>Dans le salon, bien s\u00fbr, mais \u00e9galement dans la chambre qui doivent \u00eatre des pi\u00e8ces \u00ab\u00a0cocooning\u00a0\u00bb. Dans le salon, on souhaite installer un canap\u00e9 d&rsquo;angle, dans la chambre, des couleurs apaisantes. Les autres pi\u00e8ces de la maison ne sont pas en reste avec une envie croissante de bien \u00eatre et d&rsquo;installer une salle de sport dans une pi\u00e8ce d\u00e9di\u00e9e, ou une coiffeuse dans la chambre. Cr\u00e9dit photo : <a href=\"https:\/\/www.houzz.fr\/photos\/projet-parmentiers-phvw-vp~211281024\" rel=\"nofollow noopener\" target=\"_blank\">Maison Gabinel<\/a><\/p>\n<p><a href=\"https:\/\/planete-deco.fr\/wp-content\/uploads\/2025\/06\/\u00a9Maison-Gabinel.jpeg\" rel=\"nofollow noopener\" target=\"_blank\"><img decoding=\"async\" loading=\"lazy\" class=\"alignnone wp-image-460093 size-full\" src=\"https:\/\/planete-deco.fr\/wp-content\/uploads\/2025\/06\/\u00a9Maison-Gabinel-1536x1024.jpeg\" alt=\"chambre couleur terracotta d\u00e9co \u00e9t\u00e9 2025 Cr\u00e9dit photo Maison Gabinel\" width=\"1536\" height=\"1024\"  \/><a class=\"pin-btn\" data-pin-custom=\"true\" href=\"https:\/\/pinterest.com\/pin\/create\/button\/?url=https:\/\/planete-deco.fr\/2025\/06\/27\/les-tendances-deco-pour-lete-2025-decryptees-par-houzz\/&amp;media=https:\/\/planete-deco.fr\/wp-content\/uploads\/2025\/06\/\u00a9Maison-Gabinel.jpeg&amp;description=Houzz, la plateforme de r\u00e9f\u00e9rence pour la r\u00e9novation et le design d&#039;int\u00e9rieur, vous d\u00e9voile les tendances d\u00e9co pour l&#039;\u00e9t\u00e9 2025, bas\u00e9es sur les derni\u00e8res recherches de sa communaut\u00e9 de\u2026\" target=\"_blank\" title=\"Share on Pinterest\" rel=\"nofollow noopener\"><img decoding=\"async\" src=\"https:\/\/www.europesays.com\/fr\/wp-content\/uploads\/2025\/05\/share_pinterest.png\" alt=\"Share on Pinterest\"\/><\/a><br \/>\n<\/a><\/p>\n<p><strong>Encourager la convivialit\u00e9<\/strong><\/p>\n<p>Chaque espace est pens\u00e9 pour favoriser les moments de partage et les instants complices du quotidien. Les Fran\u00e7ais font de nombreuses recherches sur l&rsquo;am\u00e9nagement des coins repas, des coins caf\u00e9s, et des bars pour le salon. La salle de jeu est \u00e9galement \u00e0 l&rsquo;honneur pour que parents et enfants puissent se d\u00e9tendre et partager des moments ludiques. Cr\u00e9dit photo : <a href=\"https:\/\/www.houzz.fr\/photos\/appartement-ancien-paris-1er-90-m2-phvw-vp~211670763\" rel=\"nofollow noopener\" target=\"_blank\">V\u00e9ronique MIS EN CHANTIER \/ Florian Vattier Photographie<\/a><\/p>\n<p><a href=\"https:\/\/planete-deco.fr\/wp-content\/uploads\/2025\/06\/\u00a9-Florian-Vattier-Veronique-MIS-EN-CHANTIER.jpeg\" rel=\"nofollow noopener\" target=\"_blank\"><img decoding=\"async\" loading=\"lazy\" class=\"alignnone wp-image-460094 size-full\" src=\"https:\/\/planete-deco.fr\/wp-content\/uploads\/2025\/06\/\u00a9-Florian-Vattier-Veronique-MIS-EN-CHANTIER-1366x2048.jpeg\" alt=\"cuisine d\u00e9co \u00e9t\u00e9 2025 photo : V\u00e9ronique MIS EN CHANTIER \/ Florian Vattier Photographie\" width=\"1366\" height=\"2048\"  \/><a class=\"pin-btn\" data-pin-custom=\"true\" href=\"https:\/\/pinterest.com\/pin\/create\/button\/?url=https:\/\/planete-deco.fr\/2025\/06\/27\/les-tendances-deco-pour-lete-2025-decryptees-par-houzz\/&amp;media=https:\/\/planete-deco.fr\/wp-content\/uploads\/2025\/06\/\u00a9-Florian-Vattier-Veronique-MIS-EN-CHANTIER.jpeg&amp;description=Houzz, la plateforme de r\u00e9f\u00e9rence pour la r\u00e9novation et le design d&#039;int\u00e9rieur, vous d\u00e9voile les tendances d\u00e9co pour l&#039;\u00e9t\u00e9 2025, bas\u00e9es sur les derni\u00e8res recherches de sa communaut\u00e9 de\u2026\" target=\"_blank\" title=\"Share on Pinterest\" rel=\"nofollow noopener\"><img decoding=\"async\" src=\"https:\/\/www.europesays.com\/fr\/wp-content\/uploads\/2025\/05\/share_pinterest.png\" alt=\"Share on Pinterest\"\/><\/a><br \/>\n<\/a><\/p>\n<p><strong>Des espaces multifonctions<\/strong><\/p>\n<p>La volont\u00e9 est d\u00e9sormais d\u2019adapter chaque pi\u00e8ce \u00e0 plusieurs usages, \u00e0 commencer par les salons-salles \u00e0 manger o\u00f9 la cuisine ouverte permet de cr\u00e9er un v\u00e9ritable espace de vie, vaste et agr\u00e9able. Ce volume est non seulement destin\u00e9 \u00e0 la famille, mais permet de recevoir sans se couper de ses invit\u00e9s pendant la pr\u00e9paration des repas. Dans la chambre, on installe le bureau pour le t\u00e9l\u00e9travail qui s&rsquo;est g\u00e9n\u00e9ralis\u00e9 depuis 2020 pour beaucoup. Cr\u00e9dit photo : <a href=\"https:\/\/www.houzz.fr\/hznb\/photos\/appartement-bourdonnais-phvw-vp~211531041\" rel=\"nofollow noopener\" target=\"_blank\">Camille Duchemin Architecture Int\u00e9rieure \/ Laura Innocente Photographie<\/a><\/p>\n<p><a href=\"https:\/\/planete-deco.fr\/wp-content\/uploads\/2025\/06\/\u00a9Laura-Innocente-Camille-Duchemin-Architecture-Interieure.jpeg\" rel=\"nofollow noopener\" target=\"_blank\"><img decoding=\"async\" loading=\"lazy\" class=\"alignnone wp-image-460095 size-full\" src=\"https:\/\/planete-deco.fr\/wp-content\/uploads\/2025\/06\/\u00a9Laura-Innocente-Camille-Duchemin-Architecture-Interieure-1536x1022.jpeg\" alt=\"salon Cr\u00e9dit photo Camille Duchemin Architecture Int\u00e9rieure \/ Laura Innocente Photographie\" width=\"1536\" height=\"1022\"  \/><a class=\"pin-btn\" data-pin-custom=\"true\" href=\"https:\/\/pinterest.com\/pin\/create\/button\/?url=https:\/\/planete-deco.fr\/2025\/06\/27\/les-tendances-deco-pour-lete-2025-decryptees-par-houzz\/&amp;media=https:\/\/planete-deco.fr\/wp-content\/uploads\/2025\/06\/\u00a9Laura-Innocente-Camille-Duchemin-Architecture-Interieure.jpeg&amp;description=Houzz, la plateforme de r\u00e9f\u00e9rence pour la r\u00e9novation et le design d&#039;int\u00e9rieur, vous d\u00e9voile les tendances d\u00e9co pour l&#039;\u00e9t\u00e9 2025, bas\u00e9es sur les derni\u00e8res recherches de sa communaut\u00e9 de\u2026\" target=\"_blank\" title=\"Share on Pinterest\" rel=\"nofollow noopener\"><img decoding=\"async\" src=\"https:\/\/www.europesays.com\/fr\/wp-content\/uploads\/2025\/05\/share_pinterest.png\" alt=\"Share on Pinterest\"\/><\/a><br \/>\n<\/a><\/p>\n<p><strong>Personnaliser son int\u00e9rieur<\/strong><\/p>\n<p>Les propri\u00e9taires veulent un int\u00e9rieur unique sans tomber dans l\u2019exc\u00e8s. On utilise la peinture et ses effets, le papier-peint panoramique, et l&rsquo;installation d&rsquo;une t\u00eate de lit dans la chambre. Le d\u00e9sir de couleur va vers le vert pour le salon et la cuisine, ainsi que le bleu pour cette derni\u00e8re pi\u00e8ce. La cr\u00e9dence originale fait partie des envies nouvelles pour la maison. Cr\u00e9dit photo : <a href=\"https:\/\/www.houzz.fr\/photos\/harmony-colombes-phvw-vp~178578124\" rel=\"nofollow noopener\" target=\"_blank\">Anne Chemineau &#8211; D\u00e9cor Int\u00e9rieur<\/a><\/p>\n<p><a href=\"https:\/\/planete-deco.fr\/wp-content\/uploads\/2025\/06\/\u00a9Agathe-Tissier-Anne-Chemineau-Decor-interieur.jpeg\" rel=\"nofollow noopener\" target=\"_blank\"><img decoding=\"async\" loading=\"lazy\" class=\"alignnone wp-image-460096 size-full\" src=\"https:\/\/planete-deco.fr\/wp-content\/uploads\/2025\/06\/\u00a9Agathe-Tissier-Anne-Chemineau-Decor-interieur.jpeg\" alt=\"chambre avec papier-peint panoramique Cr\u00e9dit photo: Anne Chemineau - D\u00e9cor Int\u00e9rieur\" width=\"1500\" height=\"1000\"  \/><a class=\"pin-btn\" data-pin-custom=\"true\" href=\"https:\/\/pinterest.com\/pin\/create\/button\/?url=https:\/\/planete-deco.fr\/2025\/06\/27\/les-tendances-deco-pour-lete-2025-decryptees-par-houzz\/&amp;media=https:\/\/planete-deco.fr\/wp-content\/uploads\/2025\/06\/\u00a9Agathe-Tissier-Anne-Chemineau-Decor-interieur.jpeg&amp;description=Houzz, la plateforme de r\u00e9f\u00e9rence pour la r\u00e9novation et le design d&#039;int\u00e9rieur, vous d\u00e9voile les tendances d\u00e9co pour l&#039;\u00e9t\u00e9 2025, bas\u00e9es sur les derni\u00e8res recherches de sa communaut\u00e9 de\u2026\" target=\"_blank\" title=\"Share on Pinterest\" rel=\"nofollow noopener\"><img decoding=\"async\" src=\"https:\/\/www.europesays.com\/fr\/wp-content\/uploads\/2025\/05\/share_pinterest.png\" alt=\"Share on Pinterest\"\/><\/a><br \/>\n<\/a><\/p>\n<p><strong>Une salle de bains aussi esth\u00e9tique que pratique<\/strong><\/p>\n<p>La <a href=\"https:\/\/planete-deco.fr\/2025\/04\/24\/une-salle-de-bain-ikea-bordeaux-en-style-classique-a-copier\/\" rel=\"nofollow noopener\" target=\"_blank\">salle de bain<\/a> devient une pi\u00e8ce \u00e0 vivre \u00e0 part enti\u00e8re, qui doit \u00eatre belle et pratique \u00e0 la fois. On aime le terrazzo, le travertin, et les \u00e9quipements de d\u00e9tente comme la baignoire, ou encore la douche \u00e0 l&rsquo;italienne qui continue \u00e0 avoir ses fans. Cr\u00e9dit photo : <a href=\"https:\/\/www.houzz.fr\/hznb\/photos\/transformation-partielle-d-un-appartement-de-75m2-phvw-vp~211770368\" rel=\"nofollow noopener\" target=\"_blank\">@adorarenovation<\/a><\/p>\n<p><a href=\"https:\/\/planete-deco.fr\/wp-content\/uploads\/2025\/06\/\u00a9adorarenovations.jpeg\" rel=\"nofollow noopener\" target=\"_blank\"><img decoding=\"async\" loading=\"lazy\" class=\"alignnone wp-image-460091 size-full\" src=\"https:\/\/planete-deco.fr\/wp-content\/uploads\/2025\/06\/\u00a9adorarenovations-1536x1024.jpeg\" alt=\"salle de bain carrelage vert cr\u00e9dit photo @adorarenovation\" width=\"1536\" height=\"1024\"  \/><a class=\"pin-btn\" data-pin-custom=\"true\" href=\"https:\/\/pinterest.com\/pin\/create\/button\/?url=https:\/\/planete-deco.fr\/2025\/06\/27\/les-tendances-deco-pour-lete-2025-decryptees-par-houzz\/&amp;media=https:\/\/planete-deco.fr\/wp-content\/uploads\/2025\/06\/\u00a9adorarenovations.jpeg&amp;description=Houzz, la plateforme de r\u00e9f\u00e9rence pour la r\u00e9novation et le design d&#039;int\u00e9rieur, vous d\u00e9voile les tendances d\u00e9co pour l&#039;\u00e9t\u00e9 2025, bas\u00e9es sur les derni\u00e8res recherches de sa communaut\u00e9 de\u2026\" target=\"_blank\" title=\"Share on Pinterest\" rel=\"nofollow noopener\"><img decoding=\"async\" src=\"https:\/\/www.europesays.com\/fr\/wp-content\/uploads\/2025\/05\/share_pinterest.png\" alt=\"Share on Pinterest\"\/><\/a><br \/>\n<\/a><\/p>\n<p><strong>Les \u00e9conomies d&rsquo;\u00e9nergie<\/strong><\/p>\n<p>Qu&rsquo;il s&rsquo;agisse d&rsquo;une pr\u00e9occupation \u00e9cologique ou tout simplement pour limiter son co\u00fbt d&rsquo;utilisation de l&rsquo;\u00e9nergie, les \u00e9conomies sont de mises. Pendant les r\u00e9novations particuli\u00e8rement, on opte pour un \u00e9clairage LED, ou une isolation renforc\u00e9e. On installe un <a href=\"https:\/\/planete-deco.fr\/2012\/02\/25\/un-poele-a-bois-pour-rechauffer-latmosphere\/\" rel=\"nofollow noopener\" target=\"_blank\">po\u00eale \u00e0 bois<\/a> pour chauffer de fa\u00e7on plus responsable. Cr\u00e9dit photo : <a href=\"https:\/\/www.houzz.fr\/photos\/paris-5-180-m2-renovation-reagencement-des-espaces-amenagement-phvw-vp~197171026\" rel=\"nofollow noopener\" target=\"_blank\">Agence Clefs \/ Stevens Fr\u00e9mont Photographe<\/a><\/p>\n<p><a href=\"https:\/\/planete-deco.fr\/wp-content\/uploads\/2025\/06\/\u00a9-Stevens-Fremont-Agence-Clefs.jpeg\" rel=\"nofollow noopener\" target=\"_blank\"><img decoding=\"async\" loading=\"lazy\" class=\"alignnone wp-image-460097 size-full\" src=\"https:\/\/planete-deco.fr\/wp-content\/uploads\/2025\/06\/\u00a9-Stevens-Fremont-Agence-Clefs.jpeg\" alt=\"salon avec po\u00eale \u00e0 bois Cr\u00e9dit photo : Agence Clefs \/ Stevens Fr\u00e9mont Photographe\" width=\"2560\" height=\"1687\"\/><a class=\"pin-btn\" data-pin-custom=\"true\" href=\"https:\/\/pinterest.com\/pin\/create\/button\/?url=https:\/\/planete-deco.fr\/2025\/06\/27\/les-tendances-deco-pour-lete-2025-decryptees-par-houzz\/&amp;media=https:\/\/planete-deco.fr\/wp-content\/uploads\/2025\/06\/\u00a9-Stevens-Fremont-Agence-Clefs.jpeg&amp;description=Houzz, la plateforme de r\u00e9f\u00e9rence pour la r\u00e9novation et le design d&#039;int\u00e9rieur, vous d\u00e9voile les tendances d\u00e9co pour l&#039;\u00e9t\u00e9 2025, bas\u00e9es sur les derni\u00e8res recherches de sa communaut\u00e9 de\u2026\" target=\"_blank\" title=\"Share on Pinterest\" rel=\"nofollow noopener\"><img decoding=\"async\" src=\"https:\/\/www.europesays.com\/fr\/wp-content\/uploads\/2025\/05\/share_pinterest.png\" alt=\"Share on Pinterest\"\/><\/a><br \/>\n<\/a><\/p>\n<p>N&rsquo;h\u00e9sitez pas \u00e0 visiter le site <a href=\"https:\/\/www.houzz.fr\/\" rel=\"nofollow noopener\" target=\"_blank\">Houzz<\/a> et \u00e0\u00a0 faire appel \u00e0 un des professionnels qui s&rsquo;y trouvent pour r\u00e9aliser au mieux vos travaux d&#8217;embellissement et de r\u00e9novation,\u00a0 et pour d\u00e9couvrir les autres tendances d\u00e9co pour l&rsquo;\u00e9t\u00e9 2025.<\/p>\n<p>\u00a0<\/p>\n","protected":false},"excerpt":{"rendered":"Houzz, la plateforme de r\u00e9f\u00e9rence pour la r\u00e9novation et le design d&rsquo;int\u00e9rieur, vous d\u00e9voile les tendances d\u00e9co pour&hellip;\n","protected":false},"author":2,"featured_media":218058,"comment_status":"","ping_status":"","sticky":false,"template":"","format":"standard","meta":{"footnotes":""},"categories":[1358],"tags":[1348,1384,1385,1386,58,59,1011,27],"class_list":{"0":"post-218057","1":"post","2":"type-post","3":"status-publish","4":"format-standard","5":"has-post-thumbnail","7":"category-arts-et-design","8":"tag-arts","9":"tag-arts-and-design","10":"tag-arts-et-design","11":"tag-design","12":"tag-divertissement","13":"tag-entertainment","14":"tag-fr","15":"tag-france"},"share_on_mastodon":{"url":"https:\/\/pubeurope.com\/@fr\/114777816731806261","error":""},"_links":{"self":[{"href":"https:\/\/www.europesays.com\/fr\/wp-json\/wp\/v2\/posts\/218057","targetHints":{"allow":["GET"]}}],"collection":[{"href":"https:\/\/www.europesays.com\/fr\/wp-json\/wp\/v2\/posts"}],"about":[{"href":"https:\/\/www.europesays.com\/fr\/wp-json\/wp\/v2\/types\/post"}],"author":[{"embeddable":true,"href":"https:\/\/www.europesays.com\/fr\/wp-json\/wp\/v2\/users\/2"}],"replies":[{"embeddable":true,"href":"https:\/\/www.europesays.com\/fr\/wp-json\/wp\/v2\/comments?post=218057"}],"version-history":[{"count":0,"href":"https:\/\/www.europesays.com\/fr\/wp-json\/wp\/v2\/posts\/218057\/revisions"}],"wp:featuredmedia":[{"embeddable":true,"href":"https:\/\/www.europesays.com\/fr\/wp-json\/wp\/v2\/media\/218058"}],"wp:attachment":[{"href":"https:\/\/www.europesays.com\/fr\/wp-json\/wp\/v2\/media?parent=218057"}],"wp:term":[{"taxonomy":"category","embeddable":true,"href":"https:\/\/www.europesays.com\/fr\/wp-json\/wp\/v2\/categories?post=218057"},{"taxonomy":"post_tag","embeddable":true,"href":"https:\/\/www.europesays.com\/fr\/wp-json\/wp\/v2\/tags?post=218057"}],"curies":[{"name":"wp","href":"https:\/\/api.w.org\/{rel}","templated":true}]}}