{"id":218065,"date":"2025-07-01T11:50:12","date_gmt":"2025-07-01T11:50:12","guid":{"rendered":"https:\/\/www.europesays.com\/fr\/218065\/"},"modified":"2025-07-01T11:50:12","modified_gmt":"2025-07-01T11:50:12","slug":"james-gunn-a-creuse-lhistoire-de-superman-pour-justifier-cette-incoherence-dans-son-film","status":"publish","type":"post","link":"https:\/\/www.europesays.com\/fr\/218065\/","title":{"rendered":"James Gunn a creus\u00e9 l\u2019histoire de Superman pour justifier cette incoh\u00e9rence dans son film"},"content":{"rendered":"<p>        <img decoding=\"async\" loading=\"lazy\" src=\"https:\/\/www.europesays.com\/fr\/wp-content\/uploads\/2025\/07\/e77819c_upload-1-k01lyi8dndzx-screenshot-2025-07-01-10-32-02.png\"  width=\"728\" height=\"410\" alt=\"Le myst\u00e8re des lunettes de Clark Kent enfin perc\u00e9.\"\/>  <\/p>\n<p>Warner Bros. Entertainment. All Rights Reserved. TM &amp; \u00a9 DC<\/p>\n<p>Le myst\u00e8re des lunettes de Clark Kent enfin perc\u00e9.<\/p>\n<p class=\"asset asset-text\">CIN\u00c9MA &#8211; C\u2019est l\u2019un des grands myst\u00e8res de la pop culture. Pourquoi personne ne reconna\u00eet jamais <a href=\"https:\/\/www.huffingtonpost.fr\/culture\/article\/superman-la-fausse-bande-annonce-de-france-2-generee-par-ia-n-a-pas-plu-au-realisateur_241146.html\" target=\"_blank\" rel=\"noopener\">Superman<\/a> quand il est sous les traits de <a href=\"https:\/\/www.huffingtonpost.fr\/culture\/article\/tom-welling-alias-clark-kent-revient-8-ans-apres-smallville_151953.html\" target=\"_blank\" rel=\"noopener\">Clark Kent<\/a>\u00a0? Dans une interview accord\u00e9e au site sp\u00e9cialis\u00e9 ComicBook, ce samedi 28\u00a0juin, le r\u00e9alisateur du nouveau volet des aventures du superh\u00e9ros en slip rouge, James Gunn, dit avoir trouv\u00e9 la r\u00e9ponse \u00e0 ce myst\u00e8re.<\/p>\n<p class=\"asset asset-text\">La r\u00e9v\u00e9lation lui est venue en parlant avec un certain Tom King, un auteur am\u00e9ricain de comics. \u00ab\u00a0Tu sais, il y a une chose que je n\u2019arrive pas \u00e0 comprendre, lui a dit <a href=\"https:\/\/comicbook.com\/movies\/news\/superman-hypno-glasses-clark-kent-james-gun-reveals\/\" target=\"_blank\" rel=\"noopener\" title=\"Nouvelle fen\u00eatre\">le r\u00e9alisateur<\/a>. Ce sont les lunettes (de Clark Kent, ndlr) parce que les lunettes m\u2019ont toujours d\u00e9rang\u00e9 quand j\u2019\u00e9tais enfant. Elles m\u2019ont pos\u00e9 probl\u00e8me parce que je n\u2019ai jamais \u00e9t\u00e9 assez cr\u00e9dule pour le croire.\u00a0\u00bb<\/p>\n<p class=\"asset asset-text\">\u00ab\u00a0Vous savez. Il y a une r\u00e9ponse \u00e0 \u00e7a dans les comics. Elles hypnotisent les gens\u00a0\u00bb, lui a expliqu\u00e9 Tom King. James Gunn, dont le blockbuster sort \u00e0 la mi-juillet en France, d\u00e9taille\u00a0: \u00ab\u00a0On l\u2019a un peu oubli\u00e9, mais \u00e7a vient des bandes dessin\u00e9es (DC Comics).\u00a0\u00bb Et plus pr\u00e9cis\u00e9ment du num\u00e9ro\u00a0330\u00a0des aventures de Superman, publi\u00e9 en 1978, o\u00f9 le h\u00e9ros utilise la \u00ab\u00a0super-hypnose\u00a0\u00bb gr\u00e2ce \u00e0 ses lunettes ce qui lui permet de projeter une autre image de lui.<\/p>\n<p>    David Corenswet enfile le costume    <\/p>\n<p class=\"asset asset-text\">Apr\u00e8s Christopher Reeve, Henry Cavill, Tom Welling et les autres interpr\u00e8tes cultes de Superman, James Gunn a jet\u00e9 son d\u00e9volu sur David Corenswet, acteur connu notamment pour son r\u00f4le de River Barkley dans la s\u00e9rie de Netflix The Politician. Comme sa grosse paire de lunettes de vue, un autre \u00e9l\u00e9ment distinctif du h\u00e9ros fait son retour\u00a0: sa capacit\u00e9 \u00e0 geler ce qui l\u2019entoure avec son haleine.<\/p>\n<p class=\"asset asset-text\">Premier chapitre du nouvel univers DC pens\u00e9 par James Gunn, son film sur l\u2019homme d\u2019acier ne proposera pas, pour une fois, de revenir sur les origines de son h\u00e9ros. Il s\u2019inspire de la bande dessin\u00e9e\u00a0All-Star Superman, \u00e9crite par Grant Morrison et publi\u00e9e entre 2005 et 2008. Les spectateurs fran\u00e7ais pourront, eux, le d\u00e9couvrir en salles le 9\u00a0juillet prochain.<\/p>\n","protected":false},"excerpt":{"rendered":"Warner Bros. Entertainment. All Rights Reserved. TM &amp; \u00a9 DC Le myst\u00e8re des lunettes de Clark Kent enfin&hellip;\n","protected":false},"author":2,"featured_media":218066,"comment_status":"","ping_status":"","sticky":false,"template":"","format":"standard","meta":{"footnotes":""},"categories":[1354],"tags":[650,251,58,59,1346,1011,27,1360,2133],"class_list":{"0":"post-218065","1":"post","2":"type-post","3":"status-publish","4":"format-standard","5":"has-post-thumbnail","7":"category-films","8":"tag-cinema","9":"tag-culture","10":"tag-divertissement","11":"tag-entertainment","12":"tag-films","13":"tag-fr","14":"tag-france","15":"tag-movies","16":"tag-superman"},"share_on_mastodon":{"url":"https:\/\/pubeurope.com\/@fr\/114777831977936282","error":""},"_links":{"self":[{"href":"https:\/\/www.europesays.com\/fr\/wp-json\/wp\/v2\/posts\/218065","targetHints":{"allow":["GET"]}}],"collection":[{"href":"https:\/\/www.europesays.com\/fr\/wp-json\/wp\/v2\/posts"}],"about":[{"href":"https:\/\/www.europesays.com\/fr\/wp-json\/wp\/v2\/types\/post"}],"author":[{"embeddable":true,"href":"https:\/\/www.europesays.com\/fr\/wp-json\/wp\/v2\/users\/2"}],"replies":[{"embeddable":true,"href":"https:\/\/www.europesays.com\/fr\/wp-json\/wp\/v2\/comments?post=218065"}],"version-history":[{"count":0,"href":"https:\/\/www.europesays.com\/fr\/wp-json\/wp\/v2\/posts\/218065\/revisions"}],"wp:featuredmedia":[{"embeddable":true,"href":"https:\/\/www.europesays.com\/fr\/wp-json\/wp\/v2\/media\/218066"}],"wp:attachment":[{"href":"https:\/\/www.europesays.com\/fr\/wp-json\/wp\/v2\/media?parent=218065"}],"wp:term":[{"taxonomy":"category","embeddable":true,"href":"https:\/\/www.europesays.com\/fr\/wp-json\/wp\/v2\/categories?post=218065"},{"taxonomy":"post_tag","embeddable":true,"href":"https:\/\/www.europesays.com\/fr\/wp-json\/wp\/v2\/tags?post=218065"}],"curies":[{"name":"wp","href":"https:\/\/api.w.org\/{rel}","templated":true}]}}