{"id":218078,"date":"2025-07-01T11:57:22","date_gmt":"2025-07-01T11:57:22","guid":{"rendered":"https:\/\/www.europesays.com\/fr\/218078\/"},"modified":"2025-07-01T11:57:22","modified_gmt":"2025-07-01T11:57:22","slug":"la-vigilance-rouge-concerne-tout-le-monde-alerte-francois-bayrou","status":"publish","type":"post","link":"https:\/\/www.europesays.com\/fr\/218078\/","title":{"rendered":"la vigilance rouge \u00ab\u00a0concerne tout le monde\u00a0\u00bb, alerte Fran\u00e7ois Bayrou"},"content":{"rendered":"<p>Ce direct est aliment\u00e9 par les journalistes du service Informations g\u00e9n\u00e9rales.<\/p>\n<p><strong>13\u00a0h\u00a042. <\/strong>Quand les temp\u00e9ratures vont-elles enfin redescendre\u00a0? C\u2019est ce que beaucoup se demandent, souffrant des fortes chaleurs. Bien que pour l\u2019instant, <a target=\"_blank\" href=\"https:\/\/vigilance.meteofrance.fr\/fr\" rel=\"noopener\">la vigilance rouge soit maintenue pour toute la journ\u00e9e de mercredi<\/a>, les temp\u00e9ratures annonc\u00e9es pour l\u2019heure sont en baisse, <a target=\"_blank\" href=\"https:\/\/meteofrance.com\/\" rel=\"noopener\">selon M\u00e9t\u00e9o-France<\/a>.<\/p>\n<p>Ainsi, mercredi apr\u00e8s-midi, il ferait 30 \u00e0 31\u00a0\u00b0C dans le Loir-et-Cher, 32 \u00e0 33 dans l\u2019Indre, 28 \u00e0 31 en Indre-et-Loire, 30 dans la Vienne et les Deux-S\u00e8vres. Bien en dessous, donc, des 38-39\u00a0\u00b0C attendus ce mardi 1er\u00a0juillet.<\/p>\n<p>22<\/p>\n<p>C\u2019est, en degr\u00e9s, la temp\u00e9rature annonc\u00e9e dimanche 7\u00a0juillet apr\u00e8s-midi, \u00e0 Tours (Indre-et-Loire) par exemple, apr\u00e8s un \u00e9pisode pluvieux.<\/p>\n<p>Jeudi 3\u00a0juillet, il fera 23-24\u00a0\u00b0C le matin et 29-30\u00a0\u00b0C l&rsquo;apr\u00e8s-midi dans le Centre-Ouest. Des temp\u00e9ratures qui devraient se stabiliser ainsi jusqu\u2019\u00e0 dimanche, jour de pluie\u00a0! Ce jour-l\u00e0, les temp\u00e9ratures annonc\u00e9es chutent \u00e0 22, 23 ou 24\u00a0\u00b0C l\u2019apr\u00e8s-midi dans le Centre-Ouest.<\/p>\n<p><img alt=\"Les temp\u00e9ratures annonc\u00e9es dimanche tranchent avec la canicule en cours. Un \u00e9pisode pluvieux pourrait faire chuter le thermom\u00e8tre \u00e0 22\u00a0\u00b0C.\" loading=\"lazy\" width=\"980\" height=\"573\" decoding=\"async\" data-nimg=\"1\" class=\"img-responsive spinner-show\" style=\"color:transparent;background-size:cover;background-position:50% 50%;background-repeat:no-repeat;background-image:url(&quot;data:image\/svg+xml;charset=utf-8,%3Csvg xmlns='http:\/\/www.w3.org\/2000\/svg' viewBox='0 0 980 573'%3E%3Cfilter id='b' color-interpolation-filters='sRGB'%3E%3CfeGaussianBlur stdDeviation='20'\/%3E%3CfeColorMatrix values='1 0 0 0 0 0 1 0 0 0 0 0 1 0 0 0 0 0 100 -1' result='s'\/%3E%3CfeFlood x='0' y='0' width='100%25' height='100%25'\/%3E%3CfeComposite operator='out' in='s'\/%3E%3CfeComposite in2='SourceGraphic'\/%3E%3CfeGaussianBlur stdDeviation='20'\/%3E%3C\/filter%3E%3Cimage width='100%25' height='100%25' x='0' y='0' preserveAspectRatio='none' style='filter: url(%23b);' href='https:\/\/images.lanouvellerepublique.fr\/image\/upload\/t_88w\/f_auto\/6863cce727860190148b459c.jpg'\/%3E%3C\/svg%3E&quot;)\"   src=\"https:\/\/www.europesays.com\/fr\/wp-content\/uploads\/2025\/07\/6863cce727860190148b459c.jpg\"\/><\/p>\n<p style=\"background-color:#F2F2F2;padding:5px;margin-top:0px;margin-bottom:10px\">Les temp\u00e9ratures annonc\u00e9es dimanche tranchent avec la canicule en cours. Un \u00e9pisode pluvieux pourrait faire chuter le thermom\u00e8tre \u00e0 22\u00a0\u00b0C.<br \/> \u00a9 (Capture d&rsquo;\u00e9cran M\u00e9t\u00e9o-France)<\/p>\n<p><strong>13\u00a0h\u00a036. <\/strong>En temps de canicule, il est important de penser \u00e0 s\u2019hydrater et se rafra\u00eechir d\u00e8s que possible. \u00c0 Tours, la Ville <a target=\"_self\" href=\"https:\/\/www.lanouvellerepublique.fr\/indre-et-loire\/carte-canicule-ou-trouver-des-points-d-eau-a-tours-1751366515\" rel=\"noopener\">a \u00e9tabli une carte interactive<\/a>, qui recense les fontaines, brumisateurs et installations permettant de se rafra\u00eechir dans l\u2019espace public.<\/p>\n<p>80<\/p>\n<p>C\u2019est le nombre de points d\u2019eau disponibles \u00e0 Tours, recens\u00e9s par la Ville dans une carte interactive.<\/p>\n<\/p>\n<p><strong>12\u00a0h\u00a031. <\/strong>En d\u00e9placement au Centre op\u00e9rationnel de gestion interminist\u00e9rielle des crises, Fran\u00e7ois Bayrou a assur\u00e9 que \u00ab\u00a0la vigilance rouge concerne tout le monde\u00a0\u00bb. \u00ab\u00a0La situation de vigilance rouge ne concerne pas que les publics les plus fragiles, elle concerne tout le monde, tout le monde doit participer aux pr\u00e9cautions, \u00e0 la surveillance\u00a0\u00bb, a assur\u00e9 le premier ministre.<\/p>\n<p><strong>12\u00a0h\u00a028. <\/strong>Dans les Deux-S\u00e8vres, M\u00e9t\u00e9o-France a revu ses pr\u00e9visions \u00e0 la baisse \u00e0 Niort, avec 35 \u00e0 36\u00a0\u00b0C attendus entre 14\u00a0h et 18\u00a0h. \u00c0 Bressuire et Parthenay, les temp\u00e9ratures avoisineront les 37\u00a0\u00b0C, quand Melle devra conjuguer avec 38\u00a0\u00b0C entre 15\u00a0h et 16\u00a0h et Thouars jusqu\u2019\u00e0 39\u00a0\u00b0C apr\u00e8s 16\u00a0h. Cette derni\u00e8re ville a connu jusqu\u2019\u00e0 41\u00a0\u00b0C en juin\u00a02022.<\/p>\n<p><strong>12\u00a0h\u00a026. <\/strong>De violents orages ont secou\u00e9 les Alpes fran\u00e7aises et italiennes.\u00a0Un torrent est entr\u00e9 en crue lundi, en Savoie. En Italie, un homme de 70\u00a0ans est d\u00e9c\u00e9d\u00e9.\u00a0Le trafic ferroviaire entre Paris et Milan reste interrompu.<\/p>\n<p><strong>12\u00a0h\u00a025. <\/strong>\u00c0 Tours (Indre-et-Loire), les lieux culturels modifient leur programmation. En raison de l\u2019\u00e9pisode caniculaire, les Beaumonts ferment leurs portes jusqu\u2019au mercredi inclus. Les biblioth\u00e8ques, les mus\u00e9es et le Ch\u00e2teau fermeront aussi leurs portes exceptionnellement \u00e0 12\u00a0h.<\/p>\n<p><strong>12\u00a0h\u00a024. <\/strong>Dans le cadre du risque de feux de for\u00eat, la vigilance passe \u00e0 \u00ab\u00a0tr\u00e8s s\u00e9v\u00e8re\u00a0\u00bb jusqu\u2019\u00e0 mercredi en Loir-et-Cher. Les activit\u00e9s de broyage d\u2019accotement et de d\u00e9broussaillage ou de broyage de bois sont donc interdites de 13\u00a0h \u00e0 20\u00a0h.<\/p>\n<p><strong>12\u00a0h\u00a021. <\/strong>\u00c0 Blois (Loir-et-Cher), les manifestations en ext\u00e9rieur organis\u00e9es par la Ville (culturelles, sportives,\u00a0etc.) sont annul\u00e9es mardi et mercredi. Le Mus\u00e9um d\u2019histoire naturelle est ferm\u00e9, ainsi que la Fondation du doute. Pour les \u00e9coles, comme annonc\u00e9 hier, les parents sont invit\u00e9s \u00e0 garder les enfants \u00e0 la maison. La cr\u00e8che Mirabelle est ferm\u00e9e ce mardi et la cr\u00e8che Luciole ce mardi apr\u00e8s-midi. Les centres de loisirs restent ferm\u00e9s mercredi. Et les activit\u00e9s des espaces jeunes sont transf\u00e9r\u00e9es et regroup\u00e9es au sein de ceux de Jorge-Semprun et Quini\u00e8re.<\/p>\n<p><strong>12\u00a0h\u00a020. <\/strong>Le d\u00e9partement de l\u2019Indre est pass\u00e9 en risque incendie de niveau 3, jusqu\u2019au 2\u00a0juillet minuit. Par cons\u00e9quent, afin de pr\u00e9venir tout d\u00e9part de feu, une interdiction totale des travaux agricoles en plaine, notamment les moissons et la fauche, est instaur\u00e9e \u00e0 moins de 200 m\u00e8tres d\u2019une zone bois\u00e9e et dans les massifs forestiers.<\/p>\n<p><strong>12\u00a0h\u00a004. <\/strong>On fait le point sur ce qu\u2019il faut retenir de cette nouvelle journ\u00e9e caniculaire, \u00e0 la mi-journ\u00e9e\u00a0:<\/p>\n<p><strong>Le point \u00e0 la mi-journ\u00e9e<\/strong><\/p>\n<ul>\n<li>Cette journ\u00e9e du mardi 1er\u00a0juillet est annonc\u00e9e comme \u00e9tant la \u00ab\u00a0plus chaude\u00a0\u00bb de l\u2019\u00e9pisode caniculaire par M\u00e9t\u00e9o-France, avec des pointes \u00e0 41\u00a0\u00b0C dans les d\u00e9partements en vigilance rouge et 39\u00a0\u00b0C pour les d\u00e9partements en orange.<\/li>\n<li>En tout, 16 d\u00e9partements sont en vigilance rouge canicule et 68 en vigilance orange. Cette alerte est \u00e9tendue \u00e0 la journ\u00e9e du mercredi 2\u00a0juillet.<\/li>\n<li>Pr\u00e8s de 1.350 \u00e9coles publiques sont partiellement ou totalement ferm\u00e9es et dans beaucoup de communes, des rappels sont faits aux parents de garder les enfants avec eux s\u2019ils le peuvent.<\/li>\n<li>La vigilance est de mise pour les pompiers, notamment dans le Centre-Ouest, o\u00f9 nos cinq d\u00e9partements sont en vigilance orange aux feux de for\u00eat. En Loir-et-Cher, un incendie d\u00e9sormais fix\u00e9 a mobilis\u00e9 50 pompiers et 16 engins, lundi \u00e0 Vouzon.<\/li>\n<\/ul>\n<p><strong>12\u00a0h\u00a001. <\/strong>\u00c0 Tours (Indre-et-Loire), o\u00f9 la municipalit\u00e9 a pris la d\u00e9cision d\u00e8s vendredi 27\u00a0juin de fermer les 58 \u00e9coles lundi et mardi apr\u00e8s-midi, un accueil est organis\u00e9 pour les enfants des personnels prioritaires (professions de sant\u00e9, personnel des Ehpad, forces de l\u2019ordre\u2026). Cela se passe au coll\u00e8ge Michelet pour les enfants en \u00e9l\u00e9mentaire, avec la pr\u00e9sence d\u2019enseignants de ces \u00e9l\u00e8ves, ou \u00e0 l\u2019\u00e9cole maternelle Jean de la Fontaine pour les enfants de maternelle, \u00e9galement avec des enseignants et des agents communaux en appui.<\/p>\n<p><strong>11\u00a0h\u00a052. <\/strong>Dans le Loir-et-Cher, le CTA-Codis 41 est l\u2019organe de coordination de l\u2019activit\u00e9 op\u00e9rationnelle des services d\u2019incendie et de secours du d\u00e9partement. Les agents re\u00e7oivent les appels et alertent les services comp\u00e9tents sur chaque localit\u00e9 concern\u00e9e.<\/p>\n<p><img alt=\"Au CTA-Codis 41 (Loir-et-Cher), les unit\u00e9s de sapeurs-pompiers professionnels et volontaires sont sur le qui-vive, dans le cadre de ce \u00ab\u00a0dispositif de r\u00e9action imm\u00e9diate\u00a0\u00bb.\" loading=\"lazy\" width=\"980\" height=\"573\" decoding=\"async\" data-nimg=\"1\" class=\"img-responsive spinner-show\" style=\"color:transparent;background-size:cover;background-position:50% 50%;background-repeat:no-repeat;background-image:url(&quot;data:image\/svg+xml;charset=utf-8,%3Csvg xmlns='http:\/\/www.w3.org\/2000\/svg' viewBox='0 0 980 573'%3E%3Cfilter id='b' color-interpolation-filters='sRGB'%3E%3CfeGaussianBlur stdDeviation='20'\/%3E%3CfeColorMatrix values='1 0 0 0 0 0 1 0 0 0 0 0 1 0 0 0 0 0 100 -1' result='s'\/%3E%3CfeFlood x='0' y='0' width='100%25' height='100%25'\/%3E%3CfeComposite operator='out' in='s'\/%3E%3CfeComposite in2='SourceGraphic'\/%3E%3CfeGaussianBlur stdDeviation='20'\/%3E%3C\/filter%3E%3Cimage width='100%25' height='100%25' x='0' y='0' preserveAspectRatio='none' style='filter: url(%23b);' href='https:\/\/images.lanouvellerepublique.fr\/image\/upload\/t_88w\/f_auto\/6863b065c15af3474a8b45f8.jpg'\/%3E%3C\/svg%3E&quot;)\"   src=\"https:\/\/www.europesays.com\/fr\/wp-content\/uploads\/2025\/07\/6863b065c15af3474a8b45f8.jpg\"\/><\/p>\n<p style=\"background-color:#F2F2F2;padding:5px;margin-top:0px;margin-bottom:10px\">Au CTA-Codis 41 (Loir-et-Cher), les unit\u00e9s de sapeurs-pompiers professionnels et volontaires sont sur le qui-vive, dans le cadre de ce \u00ab\u00a0dispositif de r\u00e9action imm\u00e9diate\u00a0\u00bb.<br \/> \u00a9 (Photo NR, Anna Chabaud)<\/p>\n<p><strong>11\u00a0h\u00a051. <\/strong>En Indre-et-Loire, les professionnels du tourisme s\u2019adaptent aux fortes chaleurs. Au bord du Cher, \u00e0 proximit\u00e9 du ch\u00e2teau de Chenonceau, le loueur de bateau sans permis La B\u00e9landre a modifi\u00e9 ses horaires. Depuis lundi, et jusqu\u2019\u00e0 mercredi, les vacanciers ne pourront naviguer que le matin, d\u00e8s 9\u00a0h\u00a030 jusqu\u2019\u00e0 14\u00a0h. En temps normal, la location est ouverte de 10\u00a0h \u00e0 20\u00a0h.<\/p>\n<p><strong>11\u00a0h\u00a047. <\/strong>Lig\u2019Air, l\u2019organisme charg\u00e9 de la surveillance de la qualit\u00e9 de l\u2019air en r\u00e9gion Centre-Val de Loire indique que l\u2019indice ATMO est mauvais sur une bonne partie de la r\u00e9gion, et notamment en Loir-et-Cher, avec \u00e9galement <a target=\"_blank\" href=\"https:\/\/www.ligair.fr\/?date=2025-07-01&amp;type=atmo\" rel=\"noopener\">un indice pollinique fort<\/a>.<\/p>\n<p><img alt=\"L\u2019indice ATMO, qui mesure la qualit\u00e9 de l\u2019air, est mauvais sur une bonne partie de la r\u00e9gion Centre-Val de Loire.\" loading=\"lazy\" width=\"980\" height=\"573\" decoding=\"async\" data-nimg=\"1\" class=\"img-responsive spinner-show\" style=\"color:transparent;background-size:cover;background-position:50% 50%;background-repeat:no-repeat;background-image:url(&quot;data:image\/svg+xml;charset=utf-8,%3Csvg xmlns='http:\/\/www.w3.org\/2000\/svg' viewBox='0 0 980 573'%3E%3Cfilter id='b' color-interpolation-filters='sRGB'%3E%3CfeGaussianBlur stdDeviation='20'\/%3E%3CfeColorMatrix values='1 0 0 0 0 0 1 0 0 0 0 0 1 0 0 0 0 0 100 -1' result='s'\/%3E%3CfeFlood x='0' y='0' width='100%25' height='100%25'\/%3E%3CfeComposite operator='out' in='s'\/%3E%3CfeComposite in2='SourceGraphic'\/%3E%3CfeGaussianBlur stdDeviation='20'\/%3E%3C\/filter%3E%3Cimage width='100%25' height='100%25' x='0' y='0' preserveAspectRatio='none' style='filter: url(%23b);' href='https:\/\/images.lanouvellerepublique.fr\/image\/upload\/t_88w\/f_auto\/6863af41c15af35b4a8b45c0.jpg'\/%3E%3C\/svg%3E&quot;)\"   src=\"https:\/\/www.europesays.com\/fr\/wp-content\/uploads\/2025\/07\/6863af41c15af35b4a8b45c0.jpg\"\/><\/p>\n<p style=\"background-color:#F2F2F2;padding:5px;margin-top:0px;margin-bottom:10px\">L\u2019indice ATMO, qui mesure la qualit\u00e9 de l\u2019air, est mauvais sur une bonne partie de la r\u00e9gion Centre-Val de Loire.<br \/> \u00a9 (Capture d&rsquo;\u00e9cran Lig&rsquo;air)<\/p>\n<p><strong>11\u00a0h\u00a046. <\/strong>En Loir-et-Cher, les pompiers font de la pr\u00e9vention aupr\u00e8s <a target=\"_self\" href=\"https:\/\/www.lanouvellerepublique.fr\/a-la-une\/pertes-de-rendement-floraison-perturbee-animaux-stresses-l-agriculture-soumise-a-rude-epreuve-lors-de-la-canicule-1751301984\" rel=\"noopener\">des agriculteurs<\/a> pour une meilleure coop\u00e9ration en cas de feu de r\u00e9colte\u00a0: \u00ab\u00a0Nous avons sensibilis\u00e9 les responsables syndicaux de la Chambre d\u2019agriculture pour que les agriculteurs \u00e9vitent la propagation de l\u2019incendie en positionnant leur charrue en amont du d\u00e9part de feu\u00a0\u00bb, explique Jo\u00ebl Frette, chef de site du Sdis 41.<\/p>\n<p>Par ailleurs, avec \u00ab\u00a0des unit\u00e9s pr\u00eates \u00e0 bondir\u00a0\u00bb, les pompiers peuvent intervenir rapidement sur des d\u00e9parts de feu comme <a target=\"_self\" href=\"https:\/\/www.lanouvellerepublique.fr\/loir-et-cher\/commune\/vouzon\/loir-et-cher-un-feu-de-champ-a-vouzon-mobilise-50-sapeurs-pompiers-1751299259\" rel=\"noopener\">celui de Vouzon lundi soir.<\/a> Jo\u00ebl Frette rassure\u00a0: \u00ab\u00a0Nous n\u2019avons pas d\u2019augmentation significative des interventions pour l\u2019instant, l\u2019\u00e9t\u00e9 est une saison avec beaucoup de sollicitations.\u00a0\u00bb<\/p>\n<p><strong>11\u00a0h\u00a044. <\/strong>En Indre-et-Loire, l\u2019Office national des For\u00eats annonce que l\u2019acc\u00e8s aux for\u00eats est interdit aux v\u00e9hicules motoris\u00e9s. Les manifestations grand public sont annul\u00e9es ce mardi et probablement ce mercredi <a target=\"_self\" href=\"https:\/\/www.lanouvellerepublique.fr\/indre-et-loire\/canicule-en-indre-et-loire-le-risque-incendie-passe-au-niveau-severe-barbecue-lanterne-et-brulages-sont-interdits-1751292225\" rel=\"noopener\">afin de limiter les risques incendie<\/a> et de faciliter l\u2019intervention des secours en cas de d\u00e9part de feu. L\u2019ONF rappelle que le d\u00e9ficit de pr\u00e9cipitations, en juin, et les temp\u00e9ratures \u00e9lev\u00e9es entra\u00eenent un dess\u00e8chement de la v\u00e9g\u00e9tation et donc augmentent les risques de feux de for\u00eats.<\/p>\n<p><strong>11\u00a0h\u00a043. <\/strong>L\u2019acad\u00e9mie de Poitiers (Vienne), silencieuse jusqu\u2019ici, indique que le recteur Fr\u00e9d\u00e9ric P\u00e9rissat visitera mercredi matin une \u00e9cole de Mign\u00e9-Auxances o\u00f9, nous dit-elle, \u00ab\u00a0la municipalit\u00e9 met \u00e0 disposition des \u00e9coles de l\u2019eau, des ventilateurs et sa salle des f\u00eates avec des transports qui permettent d\u2019acheminer les \u00e9l\u00e8ves d\u2019un lieu \u00e0 l\u2019autre\u00a0\u00bb.<\/p>\n<p><strong>11\u00a0h\u00a016. <\/strong>Dans le Loir-et-Cher, l\u2019\u00e9preuve de fran\u00e7ais du brevet des coll\u00e8ges, qui n\u2019avait pas pu avoir lieu la semaine derni\u00e8re dans les coll\u00e8ges de Sabris et Selles-sur-Cher en raison des forts orages, se tient bien ce mardi. \u00ab\u00a0Des salles \u00e0 l\u2019ombre, des \u00e9quipes mobilis\u00e9es pour que tout se passe bien\u00a0!\u00a0\u00bb, pr\u00e9cise la direction acad\u00e9mique sur son compte X.<\/p>\n<p><strong>11\u00a0h\u00a015. <\/strong>Au Centre op\u00e9rationnel d\u00e9partemental install\u00e9 en pr\u00e9fecture de Loir-et-Cher, le pr\u00e9fet Xavier Pelletier a annonc\u00e9 qu\u2019\u00e0 9\u00a0h ce matin, il faisait d\u00e9j\u00e0, \u00ab\u00a0selon M\u00e9t\u00e9o-France\u00a0\u00bb, 30\u00a0\u00b0C et que les pr\u00e9visions annon\u00e7aient\u00a0: 35\u00a0\u00b0C pour midi, 38\u00a0\u00b0C pour 16\u00a0h et 40\u00a0\u00b0C pour 18\u00a0h. Elles devraient redescendre, mais seulement dans la nuit, puisqu\u2019il est encore pr\u00e9vu 35\u00a0\u00b0C \u00e0 21\u00a0h, puis 25\u00a0\u00b0C \u00e0 2\u00a0h du matin et enfin 23\u00a0\u00b0C \u00e0 5\u00a0h. Donc des temp\u00e9ratures qui resteront bien au-dessus des normales de saison, m\u00eame la nuit.<\/p>\n<p><strong>11\u00a0h\u00a007. <\/strong>Benjamin V\u00e9tel\u00e9, troisi\u00e8me adjoint \u00e0 la ville \u00e9ducatrice \u00e0 Blois (Loir-et-Cher), a effectu\u00e9 des relev\u00e9s de temp\u00e9ratures dans les \u00e9coles lundi, et son constat est sans appel\u00a0: dans les \u00e9coles r\u00e9nov\u00e9es comme Mandela \u00e0 Blois (qui a remplac\u00e9 l\u2019\u00e9cole Croix-Chevalier) \u00ab\u00a0il faisait 27\u00a0\u00b0C\u00a0\u00bb alors que dans les \u00e9coles non r\u00e9nov\u00e9es de la ville, la temp\u00e9rature atteignait hier \u00ab\u00a037-38\u00a0\u00b0C\u00a0\u00bb. \u00ab\u00a0Soyons clairs, 27\u00a0\u00b0C, c\u2019est d\u00e9j\u00e0 tr\u00e8s chaud mais c\u2019est 11\u00a0\u00b0C de moins quand m\u00eame que dans les b\u00e2timents anciens.\u00a0\u00bb<\/p>\n<p>Pour l\u2019adjoint au maire, ces r\u00e9sultats justifient \u00ab\u00a0l\u2019investissement de 2,8\u00a0millions d\u2019euros de r\u00e9novation thermique et 1,3\u00a0million d\u2019euros pour la v\u00e9g\u00e9talisation des cours d\u2019\u00e9coles\u00a0\u00bb. <a target=\"_self\" href=\"https:\/\/www.lanouvellerepublique.fr\/blois\/blois-les-eleves-de-mandela-mettent-l-ecologie-en-scene\" rel=\"noopener\">L\u2019\u00e9cole Mandela<\/a> (9 classes de maternelle, 15 classes de primaire, une capacit\u00e9 d\u2019accueil de 550 enfants, 4.000\u00a0m2 de b\u00e2ti) a \u00e9t\u00e9 con\u00e7ue de fa\u00e7on bioclimatique, avec une enveloppe thermiquement performante et des mat\u00e9riaux biosourc\u00e9s.<\/p>\n<p><strong>11\u00a0h\u00a005. <\/strong>En raison de la canicule, l\u2019entreprise Eiffage a d\u00e9cid\u00e9 d\u2019interrompre, pour cette journ\u00e9e de mardi, ses chantiers de la deuxi\u00e8me ligne du tram en cours \u00e0 Tours (Indre-et-Loire). Le dispositif peut \u00eatre reconduit en fonction de la situation. Il est \u00e9valu\u00e9 de jour en jour.<\/p>\n<p><img alt=\"Le chantier de la deuxi\u00e8me ligne de tramway \u00e0 Tours est suspendu ce mardi, \u00e0 cause de la canicule.\" loading=\"lazy\" width=\"980\" height=\"573\" decoding=\"async\" data-nimg=\"1\" class=\"img-responsive spinner-show\" style=\"color:transparent;background-size:cover;background-position:50% 50%;background-repeat:no-repeat;background-image:url(&quot;data:image\/svg+xml;charset=utf-8,%3Csvg xmlns='http:\/\/www.w3.org\/2000\/svg' viewBox='0 0 980 573'%3E%3Cfilter id='b' color-interpolation-filters='sRGB'%3E%3CfeGaussianBlur stdDeviation='20'\/%3E%3CfeColorMatrix values='1 0 0 0 0 0 1 0 0 0 0 0 1 0 0 0 0 0 100 -1' result='s'\/%3E%3CfeFlood x='0' y='0' width='100%25' height='100%25'\/%3E%3CfeComposite operator='out' in='s'\/%3E%3CfeComposite in2='SourceGraphic'\/%3E%3CfeGaussianBlur stdDeviation='20'\/%3E%3C\/filter%3E%3Cimage width='100%25' height='100%25' x='0' y='0' preserveAspectRatio='none' style='filter: url(%23b);' href='https:\/\/images.lanouvellerepublique.fr\/image\/upload\/t_88w\/f_auto\/6863a644b241c4dd358b45ad.jpg'\/%3E%3C\/svg%3E&quot;)\"   src=\"https:\/\/www.europesays.com\/fr\/wp-content\/uploads\/2025\/07\/6863a644b241c4dd358b45ad.jpg\"\/><\/p>\n<p style=\"background-color:#F2F2F2;padding:5px;margin-top:0px;margin-bottom:10px\">Le chantier de la deuxi\u00e8me ligne de tramway \u00e0 Tours est suspendu ce mardi, \u00e0 cause de la canicule.<br \/> \u00a9 (Photo NR, Olivier Brosset)<\/p>\n<p><strong>11\u00a0h\u00a003. <\/strong>Dans la Vienne, le niveau \u00ab\u00a0canicule extr\u00eame\u00a0\u00bb du plan Orsec est d\u00e9clench\u00e9. Le d\u00e9partement \u00e9tait jusqu\u2019ici en plan Orsec, mais au niveau inf\u00e9rieur.<\/p>\n<p><strong>10\u00a0h\u00a059. <\/strong>En Loir-et-Cher, les ch\u00e2teaux de Foug\u00e8res-sur-Bi\u00e8vre et Talcy resteront ferm\u00e9s ce mardi apr\u00e8s-midi. En revanche, Anne Alligorides, charg\u00e9e de la communication, indique que \u00ab\u00a0les ch\u00e2teaux et leurs jardins offrent des espaces temp\u00e9r\u00e9s naturellement climatis\u00e9s depuis le 15e\u00a0si\u00e8cle\u00a0\u00bb.<\/p>\n<p><strong>10\u00a0h\u00a029. <\/strong>En Indre-et-Loire, la pr\u00e9fecture a annonc\u00e9 lundi soir \u00ab\u00a0l\u2019activation de mesures de vigilance canicule rouge et de protection renforc\u00e9e\u00a0\u00bb. Les autorit\u00e9s recommandent aux parents de garder leurs enfants, si possible, \u00e0 la maison au lieu de les d\u00e9poser \u00e0 l\u2019\u00e9cole. \u00ab\u00a0En fonction de l\u2019\u00e9volution du niveau de vigilance, les mesures sp\u00e9cifiques concernant les \u00e9coles pourront \u00eatre reconduites chaque soir pour le lendemain dans les jours \u00e0 venir\u00a0\u00bb, alertent m\u00eame les services de l\u2019\u00c9tat qui soulignent que ces d\u00e9cisions ont \u00e9t\u00e9 prises \u00ab\u00a0de concert avec les services de la direction des services d\u00e9partementaux de l\u2019\u00c9ducation nationale (DSDEN)\u00a0\u00bb.<\/p>\n<p>La pr\u00e9fecture d\u2019Indre-et-Loire a \u00e9galement annonc\u00e9 \u00ab\u00a0l\u2019augmentation temporaire\u00a0\u00bb des capacit\u00e9s d\u2019h\u00e9bergement d\u2019urgence. Les accueils de jour \u00e9largissent leurs horaires d\u2019ouverture et des maraudes \u00ab\u00a0avec distribution d\u2019eau\u00a0\u00bb sont organis\u00e9es.<\/p>\n<p><strong>10\u00a0h\u00a010. <\/strong>Dans la Vienne, pourtant en vigilance rouge, toujours aucune communication officielle de la part du rectorat. Et les mesures renforc\u00e9es promises par la pr\u00e9fecture hier soir se font toujours attendre.<\/p>\n<p>\u00c0 Ligug\u00e9 (au sud de Poitiers), plusieurs dizaines d\u2019\u00e9coliers sont au frais dans les bois du domaine de Givray, au nord de la commune. La municipalit\u00e9 a d\u00e9cid\u00e9 lundi d\u2019ouvrir le centre de loisirs de Givray. \u00ab\u00a0Pour les parents qui ne peuvent pas garder leur enfant, nous avons d\u00e9cid\u00e9 d\u2019ouvrir Givray, comme \u00e7a, ils sont au frais en for\u00eat\u00a0\u00bb, justifie Michel Gourjault, premier adjoint de Ligug\u00e9.<\/p>\n<p><img alt=\"Des enfants se sont mis au frais dans la for\u00eat du domaine de Givray, \u00e0 Ligug\u00e9 (Vienne).\" loading=\"lazy\" width=\"980\" height=\"573\" decoding=\"async\" data-nimg=\"1\" class=\"img-responsive spinner-show\" style=\"color:transparent;background-size:cover;background-position:50% 50%;background-repeat:no-repeat;background-image:url(&quot;data:image\/svg+xml;charset=utf-8,%3Csvg xmlns='http:\/\/www.w3.org\/2000\/svg' viewBox='0 0 980 573'%3E%3Cfilter id='b' color-interpolation-filters='sRGB'%3E%3CfeGaussianBlur stdDeviation='20'\/%3E%3CfeColorMatrix values='1 0 0 0 0 0 1 0 0 0 0 0 1 0 0 0 0 0 100 -1' result='s'\/%3E%3CfeFlood x='0' y='0' width='100%25' height='100%25'\/%3E%3CfeComposite operator='out' in='s'\/%3E%3CfeComposite in2='SourceGraphic'\/%3E%3CfeGaussianBlur stdDeviation='20'\/%3E%3C\/filter%3E%3Cimage width='100%25' height='100%25' x='0' y='0' preserveAspectRatio='none' style='filter: url(%23b);' href='https:\/\/images.lanouvellerepublique.fr\/image\/upload\/t_88w\/f_auto\/68639a2e1281f60a528b459f.jpg'\/%3E%3C\/svg%3E&quot;)\"   src=\"https:\/\/www.europesays.com\/fr\/wp-content\/uploads\/2025\/07\/68639a2e1281f60a528b459f.jpg\"\/><\/p>\n<p style=\"background-color:#F2F2F2;padding:5px;margin-top:0px;margin-bottom:10px\">Des enfants se sont mis au frais dans la for\u00eat du domaine de Givray, \u00e0 Ligug\u00e9 (Vienne).<br \/> \u00a9 (Photo NR)<\/p>\n<p><strong>9\u00a0h\u00a059. <\/strong>Dans l\u2019Indre, les \u00e9coles du secteur d\u2019Argenton, du P\u00eachereau et de Saint-Marcel sont ferm\u00e9es mais un syst\u00e8me de garderie est mis en place pour les parents qui ne peuvent pas garder leurs enfants. \u00c0 Reuilly, les \u00e9coliers ont trouv\u00e9 refuge \u00e0 la salle des f\u00eates, climatis\u00e9e, alors qu\u2019\u00e0 Vend\u0153uvres, ils vont \u00e0 tour de r\u00f4le se rafra\u00eechir \u00e0 la salle des f\u00eates. Enfin, \u00e0 l\u2019Esat d\u2019Argy, les personnes occupant des postes en restauration, blanchisserie et espaces verts ne travaillent que le matin et d\u00e9bauchent \u00e0 11\u00a0h.<\/p>\n<p><strong>9\u00a0h\u00a058. <\/strong>Le trafic ferroviaire entre Paris et Milan est interrompu \u00ab\u00a0au moins plusieurs jours\u00a0\u00bb a indiqu\u00e9 mardi matin la SNCF \u00e0 l\u2019AFP, apr\u00e8s de violents orages survenus lundi autour de Modane dans la vall\u00e9e de la Maurienne en Savoie.\u00a0Des op\u00e9rations de nettoyage sont en cours, la SNCF indiquant esp\u00e9rer qu\u2019il n\u2019y aura pas de d\u00e9g\u00e2ts sur les voies, ce qui rallongerait l\u2019interruption.<\/p>\n<p><strong>9\u00a0h\u00a056. <\/strong>Le Centre hospitalier de Blois (Loir-et-Cher) a activ\u00e9 le plan blanc dans les h\u00f4pitaux lundi matin. \u00ab\u00a0En p\u00e9riode de canicule, il y a davantage d\u2019appels au Samu, de passages aux urgences, de sorties de Smur, souligne le directeur Francis Bruneau. On reste mobilis\u00e9s tout l\u2019\u00e9t\u00e9 avec des moyens suppl\u00e9mentaires pour les patients et les r\u00e9sidents de l\u2019Ehpad.\u00a0\u00bb<\/p>\n<p><strong>9\u00a0h\u00a052. <\/strong>Dans la Vienne, <a target=\"_self\" href=\"https:\/\/www.lanouvellerepublique.fr\/poitiers\/vienne-pourquoi-les-piscines-de-grand-poitiers-ne-sont-pas-ouvertes-gratuitement-face-a-la-canicule-1751277043\" rel=\"noopener\">Grand Poitiers a finalement act\u00e9 la gratuit\u00e9 des piscines<\/a> dans le cadre de la canicule, apr\u00e8s avoir dans un premier temps refus\u00e9 de le faire, par souci d\u2019effectifs. Toutes les piscines ne sont pas concern\u00e9es, il est n\u00e9cessaire de se r\u00e9f\u00e9rer au planning de chaque lieu.<\/p>\n<p><strong>9\u00a0h\u00a051. <\/strong>Les fermetures d\u2019\u00e9coles continuent. La mairie de Saint-Maur, pr\u00e8s de Ch\u00e2teauroux (Indre), a pris la d\u00e9cision de fermer les deux \u00e9coles de la commune ce mardi \u00e0 partir de midi. Les parents peuvent venir r\u00e9cup\u00e9rer les enfants avant ou apr\u00e8s la pause d\u00e9jeuner.<\/p>\n<p><strong>9\u00a0h\u00a049. <\/strong>Au Centre op\u00e9rationnel d\u00e9partemental install\u00e9 en pr\u00e9fecture de Loir-et-Cher, le pr\u00e9fet Xavier Pelletier a re\u00e7u ce mardi les services de l\u2019\u00c9tat et l\u2019ARS, notamment pour poursuivre la mise en place des mesures pour faire face \u00e0 cet \u00e9pisode caniculaire. Le plan Orsec est activ\u00e9, le plan blanc pour les h\u00f4pitaux \u00e9galement, et l\u2019indice de risque op\u00e9rationnel pour les incendies est \u00e0 un niveau \u00ab\u00a0tr\u00e8s s\u00e9v\u00e8re\u00a0\u00bb. Les communes ont activ\u00e9 leur plan communal de sauvegarde. Le pr\u00e9fet a rappel\u00e9 les consignes \u00e0 mettre en place.<\/p>\n<\/p>\n<p><strong>9\u00a0h\u00a035.<\/strong>\u00a0En Loir-et-Cher, c\u2019est la premi\u00e8re fois que la vigilance rouge M\u00e9t\u00e9o-France est en place.<a target=\"_self\" href=\"https:\/\/www.lanouvellerepublique.fr\/blois\/le-plan-orsec-enclenche-en-loir-et-cher-1751307057\" rel=\"noopener\"> Le plan Orsec est donc enclench\u00e9<\/a> depuis lundi, 19\u00a0h.\u00a0Les mesures de surveillance des personnes fragiles ou en situation d\u2019isolement sont renforc\u00e9es. Les Ehpad deviennent aussi un lieu d\u2019accueil pour la population g\u00e9n\u00e9rale \u00e2g\u00e9e et vuln\u00e9rable. Ces personnes peuvent \u00eatre prises en charge par les professionnels et s\u2019y mettre au frais, m\u00eame sans \u00eatre li\u00e9es \u00e0 l\u2019Ehpad, il suffit de se pr\u00e9senter \u00e0 l\u2019accueil et d\u2019\u00e9ventuellement pr\u00e9venir de son arriv\u00e9e.<\/p>\n<p><strong>9\u00a0h\u00a034. <\/strong>Dans la Vienne, les temp\u00e9ratures minimales relev\u00e9es \u00e0 6\u00a0h ont \u00e9t\u00e9 assez vari\u00e9es\u00a0: 16,8\u00a0\u00b0C \u00e0 Cernay, 16,9\u00a0\u00b0C \u00e0 Benassay, 17,1\u00a0\u00b0C \u00e0 La Trimouille, 17\u00a0\u00b0C \u00e0 Lussac-les-Ch\u00e2teaux, 18\u00a0\u00b0C \u00e0 Poitiers mais jusqu\u2019\u00e0 20,8\u00a0\u00b0C \u00e0 Loudun et 21,7\u00a0\u00b0C \u00e0 Monts-sur-Guesnes et Mirebeau.<\/p>\n<p><strong>8\u00a0h\u00a020. <\/strong>Dans la Vienne, \u00e0 Ch\u00e2tellerault, <a target=\"_self\" href=\"https:\/\/www.lanouvellerepublique.fr\/chatellerault\/canicule-la-mairie-de-chatellerault-commande-77-ventilateurs-pour-les-ecoles-1751298575\" rel=\"noopener\">la mairie a command\u00e9 77 ventilateurs<\/a> pour les \u00e9coles. Le pr\u00e9fet du d\u00e9partement, lui, <a target=\"_self\" href=\"https:\/\/www.lanouvellerepublique.fr\/vienne\/vigilance-rouge-canicule-le-prefet-de-la-vienne-doit-annoncer-mardi-1er-juillet-des-mesures-renforcees-1751311651\" rel=\"noopener\">doit annoncer des mesures renforc\u00e9es<\/a> ce mardi.<\/p>\n<p><strong>8\u00a0h\u00a018. <\/strong>Dans les Deux-S\u00e8vres, 9 \u00e9coles ont ferm\u00e9 lundi en apr\u00e8s-midi et elles seront 17 ce mardi apr\u00e8s-midi. <a target=\"_self\" href=\"https:\/\/www.lanouvellerepublique.fr\/deux-sevres\/c-est-le-bazar-la-debrouille-dans-les-ecoles-exposees-a-la-canicule-dans-les-deux-sevres-1751310874\" rel=\"noopener\">Le manque d\u2019anticipation est d\u00e9plor\u00e9<\/a>. \u00ab\u00a0C\u2019est le bazar\u00a0! Il fait une chaleur dingue. Personne ne sait sur quel pied danser. Les fortes chaleurs, c\u2019est quelque chose qui peut \u00eatre anticip\u00e9. L\u00e0, on est toujours dans l\u2019urgence\u00a0\u00bb, d\u00e9plore \u00c9ric Chabot, le secr\u00e9taire du syndicat FO enseignement des Deux-S\u00e8vres.<\/p>\n<p><strong>8\u00a0h\u00a013. <\/strong>La vigilance rouge canicule restera en vigueur mercredi 2\u00a0juillet dans les 16 d\u00e9partements d\u00e9j\u00e0 concern\u00e9s, dont tous ceux d\u2019\u00cele-de-France, <a target=\"_blank\" href=\"https:\/\/meteofrance.com\/\" rel=\"noopener\">a annonc\u00e9 M\u00e9t\u00e9o-France dans son dernier bulletin<\/a>.\u00a0L\u2019\u00cele-de-France, les d\u00e9partements de la r\u00e9gion Centre (sauf l\u2019Eure-et-Loir) ainsi que l\u2019Aube, l\u2019Yonne et la Vienne sont donc maintenus au niveau d\u2019alerte maximale, \u00e0 ce stade jusqu\u2019\u00e0 minuit.<\/p>\n<\/p>\n<p><strong>8\u00a0h\u00a009. <\/strong>Alors que tout le Centre-Ouest est aussi en vigilance orange aux feux de for\u00eat, <a target=\"_self\" href=\"https:\/\/www.lanouvellerepublique.fr\/loir-et-cher\/commune\/vouzon\/loir-et-cher-un-feu-de-champ-a-vouzon-mobilise-50-sapeurs-pompiers-1751299259\" rel=\"noopener\">un incendie s\u2019est d\u00e9clar\u00e9 lundi dans un champ de Vouzon<\/a> (Loir-et-Cher), mobilisant 50 pompiers et 16 engins.\u00a0Ce feu, dont l\u2019origine est inconnue, \u00e9tait en passe d\u2019\u00eatre ma\u00eetris\u00e9 dans la soir\u00e9e.<\/p>\n<p><strong>8\u00a0h\u00a005. <\/strong>Critiqu\u00e9, notamment par la ministre de l\u2019\u00c9ducation, pour avoir choisi de fermer toutes les \u00e9coles de la ville, <a target=\"_self\" href=\"https:\/\/www.lanouvellerepublique.fr\/tours\/ecoles-fermees-pour-cause-de-canicule-a-tours-le-maire-emmanuel-denis-sous-le-feu-des-critiques-1751305716\" rel=\"noopener\">le maire de Tours (Indre-et-Loire) Emmanuel Denis campe sur ses positions<\/a>. \u00ab\u00a0Pour moi, c\u2019est un cas de force majeure. C\u2019est un cas de sant\u00e9 publique\u00a0\u00bb, a-t-il r\u00e9torqu\u00e9 lundi.\u00a0Selon lui, \u00ab\u00a090\u00a0% des \u00e9coles vont d\u00e9passer les 30\u00a0\u00b0C\u00a0\u00bb, quand elles ne d\u00e9passeraient pas les 35\u00a0\u00b0C\u00a0: \u00ab\u00a0C\u2019est juste inhumain. Ce serait prendre un risque pour la sant\u00e9 des personnels et des enfants.\u00a0\u00bb<\/p>\n<p><strong>7\u00a0h\u00a058. <\/strong>Dans l\u2019Indre, <a target=\"_self\" href=\"https:\/\/www.lanouvellerepublique.fr\/indre\/a-chateauroux-les-mots-du-maire-sur-l-isolation-des-ecoles-ne-passent-pas-1751302719\" rel=\"noopener\">les commentaires du maire Gil Av\u00e9rous sur l\u2019isolation des \u00e9coles ne passent pas<\/a>. \u00ab\u00a0Les \u00e9coles sont en grande partie bien isol\u00e9es\u00a0\u00bb, a-t-il d\u00e9clar\u00e9 lundi, provoquant le m\u00e9contentement du syndicat FSU SNUipp 36 et de l\u2019opposition municipale. \u00ab\u00a0Ce lundi, \u00e0 9\u00a0h, il faisait d\u00e9j\u00e0 30\u00a0\u00b0C dans les salles de classe et 35\u00a0\u00b0C \u00e0 14\u00a0h. Le maire n\u2019est pas responsable du pic de chaleur mais force est de constater que les travaux d\u2019isolation qui ont \u00e9t\u00e9 r\u00e9alis\u00e9s sont efficaces pour l\u2019hiver mais qu\u2019il y a trop de surfaces vitr\u00e9es pour avoir le m\u00eame r\u00e9sultat durant l\u2019\u00e9t\u00e9\u00a0\u00bb, a r\u00e9pondu\u00a0Pierre Laumonier, cosecr\u00e9taire de la FSU SNUipp 36.<\/p>\n<p><strong>7\u00a0h\u00a030. <\/strong>Pour la journ\u00e9e de lundi, \u00ab\u00a0les valeurs maximales ont atteint les 36 \u00e0 39\u00a0\u00b0C sur les d\u00e9partements en orange. Les 40\u00a0\u00b0C ont ponctuellement \u00e9t\u00e9 d\u00e9pass\u00e9s, notamment en Charente, dans le Languedoc-Roussillon, dans l\u2019Ard\u00e8che, la Drome et l\u2019Is\u00e8re\u00a0\u00bb, indique <a target=\"_blank\" href=\"https:\/\/vigilance.meteofrance.fr\/fr\/demain\" rel=\"noopener\">M\u00e9t\u00e9o-France<\/a>.<\/p>\n<p>28<\/p>\n<p>C\u2019est, en degr\u00e9s, la temp\u00e9rature qu\u2019il faisait \u00e0 Paris en fin de nuit. Le pic caniculaire s\u2019annonce particuli\u00e8rement intense dans le bassin parisien ce mardi, pr\u00e9vient M\u00e9t\u00e9o-France.<\/p>\n<p>Les temp\u00e9ratures \u00e9taient toujours tr\u00e8s \u00e9lev\u00e9es sur l\u2019ensemble du pays en fin de nuit, \u00ab\u00a0avec beaucoup de valeurs comprises entre 20 et 23\u00a0\u00b0C, ponctuellement 24\u00a0\u00b0C\u00a0\u00bb, voire 26 sur la c\u00f4te m\u00e9diterran\u00e9enne ou 28 \u00e0 Paris.<\/p>\n<p><strong>7\u00a0h\u00a029. <\/strong>Ce mardi, \u00ab\u00a0le pic caniculaire sur le bassin parisien sera tr\u00e8s fort\u00a0\u00bb, pr\u00e9vient <a target=\"_blank\" href=\"https:\/\/vigilance.meteofrance.fr\/fr\/demain\" rel=\"noopener\">M\u00e9t\u00e9o-France<\/a>.\u00a0Il s\u2019agira de \u00ab\u00a0la journ\u00e9e la plus chaude de cet \u00e9pisode caniculaire avec des temp\u00e9ratures comprises entre 36\u00a0\u00b0C et 39\u00a0\u00b0C sur les d\u00e9partements en orange, avec quelques pointes \u00e0 40\u00a0\u00b0C\u00a0&#8211; 41\u00a0\u00b0C, notamment sur les d\u00e9partements en vigilance rouge, ainsi que pr\u00e8s de la M\u00e9diterran\u00e9e\u00a0\u00bb.<\/p>\n<p>Une baisse des temp\u00e9ratures va s\u2019amorcer progressivement mercredi \u00ab\u00a0mais les temp\u00e9ratures resteront caniculaires sur le centre et l\u2019est du pays\u00a0\u00bb.<\/p>\n<p><strong>7\u00a0h\u00a026. <\/strong>La derni\u00e8re fois que la vigilance rouge a \u00e9t\u00e9 activ\u00e9e, ce fut en 2023. Ce niveau de vigilance a \u00e9t\u00e9 mis en place en 2019. Pour le d\u00e9clencher, M\u00e9t\u00e9o-France s\u2019appuie sur des crit\u00e8res pr\u00e9cis. Il faut notamment \u00eatre certain que l\u2019\u00e9pisode s\u2019inscrive dans la dur\u00e9e.<\/p>\n<p><strong>7\u00a0h\u00a024. <\/strong>L\u2019agriculture souffre aussi de la canicule. <a target=\"_self\" href=\"https:\/\/www.lanouvellerepublique.fr\/a-la-une\/serge-zaka-agroclimatologue-il-faut-un-plan-marshall-de-l-agriculture-pour-qu-elle-s-adapte-au-changement-climatique-1742570011\" rel=\"noopener\">Serge Zaka<\/a>, agroclimatologue, analyse la r\u00e9sistance des cultures et \u00e9levages du Centre-Val de Loire et de la Nouvelle-Aquitaine. Ainsi, les \u00e9leveurs pr\u00e9sents dans nos r\u00e9gions devront \u00e9galement \u00eatre particuli\u00e8rement vigilants face \u00e0 la r\u00e9sistance de leurs animaux. \u00ab\u00a0La ch\u00e8vre est assez r\u00e9sistante. S\u2019il y a de l\u2019ombre, de l\u2019eau, il n\u2019y aura pas de probl\u00e8me, \u00e0 part, peut-\u00eatre, une l\u00e9g\u00e8re diminution de lait.\u00a0\u00bb Contrairement \u00e0 la vache laiti\u00e8re, qui ne supporte pas les fortes chaleurs. \u00ab\u00a0Elle a le seuil de r\u00e9sistance le plus bas de nos animaux d\u2019\u00e9levage. Elle est d\u00e9j\u00e0 en stress thermique.\u00a0\u00bb<\/p>\n<p><strong>7\u00a0h\u00a021. <\/strong>O\u00f9 en est-on des fermetures d\u2019\u00e9coles sur le territoire\u00a0? <a target=\"_self\" href=\"https:\/\/www.lanouvellerepublique.fr\/a-la-une\/direct-canicule-84-departements-en-vigilance-orange-200-ecoles-fermees-1751266425\" rel=\"noopener\">Ce lundi, on faisait \u00e9tat de 1.350 \u00e9coles publiques, sur 45.000, faisant l\u2019objet d\u2019une fermeture partielle ou totale<\/a> jusqu\u2019\u00e0 jeudi, comme \u00e0 Tours ou Strasbourg. D\u2019autres ont \u00e9mis des autorisations pour les parents de garder leurs enfants chez eux. C\u2019est presque le double des quelque 750 \u00e9tablissements concern\u00e9s lundi.<\/p>\n<p><strong>7\u00a0h\u00a012.<\/strong> Bonjour et bienvenue dans ce direct. Voici ce qu\u2019il faut savoir en ce d\u00e9but de journ\u00e9e\u00a0:<\/p>\n<p><strong>Vigilance rouge pour 16 d\u00e9partements<\/strong><\/p>\n<ul>\n<li>La France suffoque ce mardi 1er\u00a0juillet\u00a0: <a target=\"_self\" href=\"https:\/\/www.lanouvellerepublique.fr\/a-la-une\/direct-canicule-84-departements-en-vigilance-orange-200-ecoles-fermees-1751266425\" rel=\"noopener\">16 d\u00e9partements sont en vigilance rouge canicule<\/a>, 68 en orange. Tout le Centre-Ouest ainsi que le pourtour m\u00e9diterran\u00e9en sont \u00e9galement en vigilance orange <a target=\"_blank\" href=\"https:\/\/feuxdeforet.fr\/cartes\/risque-incendie\/\" rel=\"noopener\">aux feux de for\u00eat<\/a>.<\/li>\n<li>Ce mardi sera la journ\u00e9e la plus chaude de cet \u00e9pisode caniculaire. Dans les d\u00e9partements en rouge, les temp\u00e9ratures\u00a0pourront d\u00e9passer les 40\u00a0\u00b0C. Le pic sera particuli\u00e8rement fort sur le bassin parisien.<\/li>\n<li><a target=\"_self\" href=\"https:\/\/www.lanouvellerepublique.fr\/a-la-une\/canicule-16-departements-passent-en-vigilance-rouge-dont-la-vienne-l-indre-l-indre-et-loire-et-le-loir-et-cher-1751307389\" rel=\"noopener\">Pr\u00e8s de 1.350 \u00e9coles publiques<\/a>, sur 45.000, font l\u2019objet d\u2019une fermeture partielle ou totale jusqu\u2019\u00e0 jeudi, comme \u00e0 Tours ou Strasbourg, quand d\u2019autres ont \u00e9mis des autorisations pour les parents de garder leurs enfants chez eux.<\/li>\n<\/ul>\n","protected":false},"excerpt":{"rendered":"Ce direct est aliment\u00e9 par les journalistes du service Informations g\u00e9n\u00e9rales. 13\u00a0h\u00a042. Quand les temp\u00e9ratures vont-elles enfin redescendre\u00a0?&hellip;\n","protected":false},"author":2,"featured_media":218079,"comment_status":"","ping_status":"","sticky":false,"template":"","format":"standard","meta":{"footnotes":""},"categories":[4],"tags":[328,11,34953,6698,2545,4019,1057,1011,27,329,5052,1387,4368,2487,12,25,71,1584],"class_list":{"0":"post-218078","1":"post","2":"type-post","3":"status-publish","4":"format-standard","5":"has-post-thumbnail","7":"category-france","8":"tag-a-la-une","9":"tag-actualites","10":"tag-alertes-meteo","11":"tag-canicule","12":"tag-deux-sevres","13":"tag-ecoles","14":"tag-education","15":"tag-fr","16":"tag-france","17":"tag-france-monde","18":"tag-indre","19":"tag-indre-et-loire","20":"tag-loir-et-cher","21":"tag-meteo","22":"tag-news","23":"tag-republique-francaise","24":"tag-sante","25":"tag-vienne"},"share_on_mastodon":{"url":"https:\/\/pubeurope.com\/@fr\/114777859488812702","error":""},"_links":{"self":[{"href":"https:\/\/www.europesays.com\/fr\/wp-json\/wp\/v2\/posts\/218078","targetHints":{"allow":["GET"]}}],"collection":[{"href":"https:\/\/www.europesays.com\/fr\/wp-json\/wp\/v2\/posts"}],"about":[{"href":"https:\/\/www.europesays.com\/fr\/wp-json\/wp\/v2\/types\/post"}],"author":[{"embeddable":true,"href":"https:\/\/www.europesays.com\/fr\/wp-json\/wp\/v2\/users\/2"}],"replies":[{"embeddable":true,"href":"https:\/\/www.europesays.com\/fr\/wp-json\/wp\/v2\/comments?post=218078"}],"version-history":[{"count":0,"href":"https:\/\/www.europesays.com\/fr\/wp-json\/wp\/v2\/posts\/218078\/revisions"}],"wp:featuredmedia":[{"embeddable":true,"href":"https:\/\/www.europesays.com\/fr\/wp-json\/wp\/v2\/media\/218079"}],"wp:attachment":[{"href":"https:\/\/www.europesays.com\/fr\/wp-json\/wp\/v2\/media?parent=218078"}],"wp:term":[{"taxonomy":"category","embeddable":true,"href":"https:\/\/www.europesays.com\/fr\/wp-json\/wp\/v2\/categories?post=218078"},{"taxonomy":"post_tag","embeddable":true,"href":"https:\/\/www.europesays.com\/fr\/wp-json\/wp\/v2\/tags?post=218078"}],"curies":[{"name":"wp","href":"https:\/\/api.w.org\/{rel}","templated":true}]}}