{"id":218088,"date":"2025-07-01T12:02:23","date_gmt":"2025-07-01T12:02:23","guid":{"rendered":"https:\/\/www.europesays.com\/fr\/218088\/"},"modified":"2025-07-01T12:02:23","modified_gmt":"2025-07-01T12:02:23","slug":"la-plage-des-2-rives-a-nancy-et-tomblaine-cest-ouvert","status":"publish","type":"post","link":"https:\/\/www.europesays.com\/fr\/218088\/","title":{"rendered":"La Plage des 2 Rives \u00e0 Nancy et Tomblaine : c\u2019est ouvert !"},"content":{"rendered":"<p class=\"article-p mdl\">\u00ab Jamais je n\u2019ai inaugur\u00e9 une Plage des 2 Rives avec des conditions m\u00e9t\u00e9orologiques qui en justifiait \u00e0 ce point, la pertinence et l\u2019int\u00e9r\u00eat \u00bb. C\u2019est sous un soleil de plomb que le maire de Nancy Mathieu Klein a visit\u00e9, ce lundi 30 juin, la base de loisirs.&#13;<br \/>Pour la cinqui\u00e8me ann\u00e9e cons\u00e9cutive, les berges de la Meurthe se transforment. 40 000 m\u00b2 d\u2019espaces naturels et am\u00e9nag\u00e9s proposent des zones de baignade avec deux bassins surveill\u00e9s mais \u00e9galement un espace aqualudique pour les tout-petits. &#13;<\/p>\n<ul class=\"glide__slides\">\n<li class=\"glide__slide\">\n<p>                                        <img decoding=\"async\" alt=\"\" class=\"lazy\" src=\"data:image\/png;base64,iVBORw0KGgoAAAANSUhEUgAAAAEAAAABCAQAAAC1HAwCAAAAC0lEQVR42mM8IQkAAa8A48opxD0AAAAASUVORK5CYII=\"\/><\/p>\n<p>L&rsquo;espace aqualudique est r\u00e9serv\u00e9 aux tout-petits<\/p>\n<p>\n                                                Cr\u00e9dits : Sarah Cotton\n                                            <\/p>\n<\/li>\n<li class=\"glide__slide\">\n<p>                                        <img decoding=\"async\" alt=\"\" class=\"lazy\" src=\"data:image\/png;base64,iVBORw0KGgoAAAANSUhEUgAAAAEAAAABCAQAAAC1HAwCAAAAC0lEQVR42mM8IQkAAa8A48opxD0AAAAASUVORK5CYII=\"\/><\/p>\n<p>Du mobilier urbain a \u00e9t\u00e9 ajout\u00e9 comme des transats<\/p>\n<p>\n                                                Cr\u00e9dits : Sarah Cotton\n                                            <\/p>\n<\/li>\n<li class=\"glide__slide\">\n<p>                                        <img decoding=\"async\" alt=\"\" class=\"lazy\" src=\"data:image\/png;base64,iVBORw0KGgoAAAANSUhEUgAAAAEAAAABCAQAAAC1HAwCAAAAC0lEQVR42mM8IQkAAa8A48opxD0AAAAASUVORK5CYII=\"\/><\/p>\n<p>La baignade dans les deux grands bassins de la plage est surveill\u00e9e<\/p>\n<p>\n                                                Cr\u00e9dits : Sarah Cotton\n                                            <\/p>\n<\/li>\n<li class=\"glide__slide\">\n<p>                                        <img decoding=\"async\" alt=\"\" class=\"lazy\" src=\"data:image\/png;base64,iVBORw0KGgoAAAANSUhEUgAAAAEAAAABCAQAAAC1HAwCAAAAC0lEQVR42mM8IQkAAa8A48opxD0AAAAASUVORK5CYII=\"\/><\/p>\n<p>La plage offre un cadre de repos et de d\u00e9tente devant les bassins<\/p>\n<p>\n                                                Cr\u00e9dits : Sarah Cotton\n                                            <\/p>\n<\/li>\n<li class=\"glide__slide\">\n<p>                                        <img decoding=\"async\" alt=\"\" class=\"lazy\" src=\"data:image\/png;base64,iVBORw0KGgoAAAANSUhEUgAAAAEAAAABCAQAAAC1HAwCAAAAC0lEQVR42mM8IQkAAa8A48opxD0AAAAASUVORK5CYII=\"\/><\/p>\n<p>Des terrains de beach volley sont install\u00e9s pour contenter les sportifs<\/p>\n<p>\n                                                Cr\u00e9dits : Sarah Cotton\n                                            <\/p>\n<\/li>\n<li class=\"glide__slide\">\n<p>                                        <img decoding=\"async\" alt=\"\" class=\"lazy\" src=\"data:image\/png;base64,iVBORw0KGgoAAAANSUhEUgAAAAEAAAABCAQAAAC1HAwCAAAAC0lEQVR42mM8IQkAAa8A48opxD0AAAAASUVORK5CYII=\"\/><\/p>\n<p>Des rendez-vous sont pr\u00e9vus tout au long de l&rsquo;\u00e9t\u00e9 sur la base de loisirs<\/p>\n<p>\n                                                Cr\u00e9dits : Sarah Cotton\n                                            <\/p>\n<\/li>\n<li class=\"glide__slide\">\n<p>                                        <img decoding=\"async\" alt=\"\" class=\"lazy\" src=\"data:image\/png;base64,iVBORw0KGgoAAAANSUhEUgAAAAEAAAABCAQAAAC1HAwCAAAAC0lEQVR42mM8IQkAAa8A48opxD0AAAAASUVORK5CYII=\"\/><\/p>\n<p>Il est possible de traverser la Meurthe en bateau \u00e9lectrique<\/p>\n<p>\n                                                Cr\u00e9dits : Sarah Cotton\n                                            <\/p>\n<\/li>\n<li class=\"glide__slide\">\n<p>                                        <img decoding=\"async\" alt=\"\" class=\"lazy\" src=\"data:image\/png;base64,iVBORw0KGgoAAAANSUhEUgAAAAEAAAABCAQAAAC1HAwCAAAAC0lEQVR42mM8IQkAAa8A48opxD0AAAAASUVORK5CYII=\"\/><\/p>\n<p>Le parquet de danse a cette ann\u00e9e, \u00e9t\u00e9 agrandit<\/p>\n<p>\n                                                Cr\u00e9dits : Sarah Cotton\n                                            <\/p>\n<\/li>\n<li class=\"glide__slide\">\n<p>                                        <img decoding=\"async\" alt=\"\" class=\"lazy\" src=\"data:image\/png;base64,iVBORw0KGgoAAAANSUhEUgAAAAEAAAABCAQAAAC1HAwCAAAAC0lEQVR42mM8IQkAAa8A48opxD0AAAAASUVORK5CYII=\"\/><\/p>\n<p>Des animations sportives et de loisirs sont pr\u00e9vus et anim\u00e9es tout l&rsquo;\u00e9t\u00e9<\/p>\n<p>\n                                                Cr\u00e9dits : Sarah Cotton\n                                            <\/p>\n<\/li>\n<li class=\"glide__slide\">\n<p>                                        <img decoding=\"async\" alt=\"\" class=\"lazy\" src=\"data:image\/png;base64,iVBORw0KGgoAAAANSUhEUgAAAAEAAAABCAQAAAC1HAwCAAAAC0lEQVR42mM8IQkAAa8A48opxD0AAAAASUVORK5CYII=\"\/><\/p>\n<p>La base de loisirs est ouverte tous les jours jusqu&rsquo;au 31 ao\u00fbt<\/p>\n<p>\n                                                Cr\u00e9dits : Sarah Cotton\n                                            <\/p>\n<\/li>\n<\/ul>\n<p>                Pr\u00e9c\u00e9dent<\/p>\n<p>                Suivant<\/p>\n<p class=\"article-p mdl\">Juste devant, la plage offre un espace de d\u00e9tente am\u00e9nag\u00e9 par du mobilier urbain comme des tables, des chaises ou encore des transats.<br \/>Cette ann\u00e9e, certaines zones ombrag\u00e9es ont \u00e9t\u00e9 am\u00e9lior\u00e9es, le parquet de danse a \u00e9t\u00e9 agrandit, de nouvelles installations sont mises en place comme un \u00ab skimpark \u00bb pour s\u2019initier \u00e0 la glisse et au surf. &#13;<br \/>Des animations sportives sont assur\u00e9es tout l\u2019\u00e9t\u00e9 par une quarantaine d\u2019associations. L\u2019occasion de s\u2019essayer notamment au pil\u00e2tes, \u00e0 la danse ou encore au beach volley.<br \/>D\u2019autres rendez-vous sont pr\u00e9vus quotidiennement comme des concerts, des spectacles ou encore des projections de cin\u00e9ma en plein air.<br \/>Les guinguettes pr\u00e9sentes des deux c\u00f4t\u00e9s des rives assurent la bonne ambiance et la restauration. &#13;<br \/>A noter qu\u2019il est possible de passer d\u2019une rive \u00e0 l\u2019autre, gratuitement, gr\u00e2ce \u00e0 un bateau \u00e9lectrique qui effectue des rotations tout au long de la journ\u00e9e. \u00ab Vous allez tourner autour de l\u2019\u00eele de la M\u00e9chelle, inaccessible pour les humains car prot\u00e9g\u00e9e en raison des diverses esp\u00e8ces d\u2019oiseaux. Il n\u2019est pas rare que lorsqu\u2019on passe en bateau, on voit une grue cendr\u00e9e. C\u2019est magique. \u00bb, raconte le maire de Tomblaine Herv\u00e9 F\u00e9ron.<br \/>La base de loisirs est ouverte tous les jours de 9h \u00e0 23h30 jusqu\u2019au 31 ao\u00fbt. &#13;<br \/>Toutes les infos et la programmation compl\u00e8te est \u00e0 retrouver sur le\u00a0<a class=\"link\" href=\"https:\/\/www.grandnancy.eu\/sortir-decouvrir\/la-plage-des-deux-rives\/agenda-des-2-rives\" target=\"_blank\" rel=\"noopener\">site de la m\u00e9tropole<\/a><\/p>\n<p>\n                                    Lire la suite\n                                <\/p>\n","protected":false},"excerpt":{"rendered":"\u00ab Jamais je n\u2019ai inaugur\u00e9 une Plage des 2 Rives avec des conditions m\u00e9t\u00e9orologiques qui en justifiait \u00e0&hellip;\n","protected":false},"author":2,"featured_media":218089,"comment_status":"","ping_status":"","sticky":false,"template":"","format":"standard","meta":{"footnotes":""},"categories":[9635],"tags":[1111,11,1777,674,1011,27,775,776,1702,12,16,25],"class_list":{"0":"post-218088","1":"post","2":"type-post","3":"status-publish","4":"format-standard","5":"has-post-thumbnail","7":"category-nancy","8":"tag-actu","9":"tag-actualites","10":"tag-eu","11":"tag-europe","12":"tag-fr","13":"tag-france","14":"tag-grand-est","15":"tag-lorraine","16":"tag-nancy","17":"tag-news","18":"tag-region","19":"tag-republique-francaise"},"share_on_mastodon":{"url":"https:\/\/pubeurope.com\/@fr\/114777880482640860","error":""},"_links":{"self":[{"href":"https:\/\/www.europesays.com\/fr\/wp-json\/wp\/v2\/posts\/218088","targetHints":{"allow":["GET"]}}],"collection":[{"href":"https:\/\/www.europesays.com\/fr\/wp-json\/wp\/v2\/posts"}],"about":[{"href":"https:\/\/www.europesays.com\/fr\/wp-json\/wp\/v2\/types\/post"}],"author":[{"embeddable":true,"href":"https:\/\/www.europesays.com\/fr\/wp-json\/wp\/v2\/users\/2"}],"replies":[{"embeddable":true,"href":"https:\/\/www.europesays.com\/fr\/wp-json\/wp\/v2\/comments?post=218088"}],"version-history":[{"count":0,"href":"https:\/\/www.europesays.com\/fr\/wp-json\/wp\/v2\/posts\/218088\/revisions"}],"wp:featuredmedia":[{"embeddable":true,"href":"https:\/\/www.europesays.com\/fr\/wp-json\/wp\/v2\/media\/218089"}],"wp:attachment":[{"href":"https:\/\/www.europesays.com\/fr\/wp-json\/wp\/v2\/media?parent=218088"}],"wp:term":[{"taxonomy":"category","embeddable":true,"href":"https:\/\/www.europesays.com\/fr\/wp-json\/wp\/v2\/categories?post=218088"},{"taxonomy":"post_tag","embeddable":true,"href":"https:\/\/www.europesays.com\/fr\/wp-json\/wp\/v2\/tags?post=218088"}],"curies":[{"name":"wp","href":"https:\/\/api.w.org\/{rel}","templated":true}]}}