{"id":218101,"date":"2025-07-01T12:10:04","date_gmt":"2025-07-01T12:10:04","guid":{"rendered":"https:\/\/www.europesays.com\/fr\/218101\/"},"modified":"2025-07-01T12:10:04","modified_gmt":"2025-07-01T12:10:04","slug":"la-chapelle-de-guinchay-beaujolais-cars-events-offre-un-cheque-de-6-500-e-a-espoir-contre-le-cancer","status":"publish","type":"post","link":"https:\/\/www.europesays.com\/fr\/218101\/","title":{"rendered":"La Chapelle-de-Guinchay. Beaujolais cars events offre un ch\u00e8que de 6\u00a0500\u00a0\u20ac \u00e0 Espoir contre le cancer"},"content":{"rendered":"<p>L\u2019association chapelloise a \u0153uvr\u00e9 tout le week-end pour offrir un ch\u00e8que de 6\u00a0500\u00a0\u20ac \u00e0 Espoir contre le cancer.<\/p>\n<p>Une r\u00e9union de la prestigieuse Audi R8 et d\u2019autres voitures d\u2019exception de type Ferrari, Lamborghini, McLaren, Porsche, Aston Martin, Dodge Viper, jaguar, corvette, Camaro, Lancia delta, turbo et turbo 2.<\/p>\n<p>Un planning serr\u00e9 depuis le vendredi matin petit d\u00e9jeuner chez Audi Suma M\u00e2con et \u00e0 midi d\u00e9jeuner chez Audi Suma Chalon avec la pr\u00e9sence de Bruno Saby le parrain des 2 associations.<\/p>\n<p>Vendredi soir, une soir\u00e9e pizza en partenariat avec la commune de Fleurie (69) avec le maire M.\u00a0Miguet Fr\u00e9d\u00e9ric et Jaques Pages, r\u00e9unissant plus de 70 Audi R8. Le samedi au circuit de Transpolis \u00e0 st Maurice de Remens avec une ballade jusqu\u2019au col du Grand colombier \u00e0 1\u00a0501\u00a0m d\u2019altitude pour prendre l\u2019air frais avec cette canicule.<\/p>\n","protected":false},"excerpt":{"rendered":"L\u2019association chapelloise a \u0153uvr\u00e9 tout le week-end pour offrir un ch\u00e8que de 6\u00a0500\u00a0\u20ac \u00e0 Espoir contre le cancer.&hellip;\n","protected":false},"author":2,"featured_media":218102,"comment_status":"","ping_status":"","sticky":false,"template":"","format":"standard","meta":{"footnotes":""},"categories":[9566],"tags":[1111,11,2430,3718,1777,674,107,1011,27,2731,35744,3717,12,25,104,1631],"class_list":{"0":"post-218101","1":"post","2":"type-post","3":"status-publish","4":"format-standard","5":"has-post-thumbnail","7":"category-grenoble","8":"tag-actu","9":"tag-actualites","10":"tag-auvergne-rhone-alpes","11":"tag-edition-macon","12":"tag-eu","13":"tag-europe","14":"tag-fil-info","15":"tag-fr","16":"tag-france","17":"tag-grenoble","18":"tag-la-chapelle-de-guinchay","19":"tag-la-chapelle-de-guinchay-bassin","20":"tag-news","21":"tag-republique-francaise","22":"tag-societe","23":"tag-vie-associative"},"share_on_mastodon":{"url":"https:\/\/pubeurope.com\/@fr\/114777910426475158","error":""},"_links":{"self":[{"href":"https:\/\/www.europesays.com\/fr\/wp-json\/wp\/v2\/posts\/218101","targetHints":{"allow":["GET"]}}],"collection":[{"href":"https:\/\/www.europesays.com\/fr\/wp-json\/wp\/v2\/posts"}],"about":[{"href":"https:\/\/www.europesays.com\/fr\/wp-json\/wp\/v2\/types\/post"}],"author":[{"embeddable":true,"href":"https:\/\/www.europesays.com\/fr\/wp-json\/wp\/v2\/users\/2"}],"replies":[{"embeddable":true,"href":"https:\/\/www.europesays.com\/fr\/wp-json\/wp\/v2\/comments?post=218101"}],"version-history":[{"count":0,"href":"https:\/\/www.europesays.com\/fr\/wp-json\/wp\/v2\/posts\/218101\/revisions"}],"wp:featuredmedia":[{"embeddable":true,"href":"https:\/\/www.europesays.com\/fr\/wp-json\/wp\/v2\/media\/218102"}],"wp:attachment":[{"href":"https:\/\/www.europesays.com\/fr\/wp-json\/wp\/v2\/media?parent=218101"}],"wp:term":[{"taxonomy":"category","embeddable":true,"href":"https:\/\/www.europesays.com\/fr\/wp-json\/wp\/v2\/categories?post=218101"},{"taxonomy":"post_tag","embeddable":true,"href":"https:\/\/www.europesays.com\/fr\/wp-json\/wp\/v2\/tags?post=218101"}],"curies":[{"name":"wp","href":"https:\/\/api.w.org\/{rel}","templated":true}]}}