{"id":218114,"date":"2025-07-01T12:17:10","date_gmt":"2025-07-01T12:17:10","guid":{"rendered":"https:\/\/www.europesays.com\/fr\/218114\/"},"modified":"2025-07-01T12:17:10","modified_gmt":"2025-07-01T12:17:10","slug":"le-point-sur-laffaire-visant-le-couple-estrosi-et-delphine-ernotte-sur-des-evenements-organises-a-nice","status":"publish","type":"post","link":"https:\/\/www.europesays.com\/fr\/218114\/","title":{"rendered":"le point sur l\u2019affaire visant le couple Estrosi et Delphine Ernotte sur des \u00e9v\u00e9nements organis\u00e9s \u00e0 Nice"},"content":{"rendered":"<p>Dix personnes, dont le maire de Nice et sa femme ainsi que la pr\u00e9sidente de France T\u00e9l\u00e9visions et celui de La Tribune ont \u00e9t\u00e9 auditionn\u00e9es sous le r\u00e9gime de la garde \u00e0 vue, lundi, dans le cadre d\u2019une enqu\u00eate sur les conditions d\u2019organisation et de financement d\u2019\u00e9v\u00e9nements, dont l\u2019Eurovision Junior.<\/p>\n<p class=\"fig-paragraph\">Le \u00abNice Climate Summit\u00bb, l\u2019Eurovision Junior et la f\u00eate de la musique \u00e0 Nice (Alpes-Maritimes), voil\u00e0 les \u00e9v\u00e9nements dans le viseur de la justice, qui a acc\u00e9l\u00e9r\u00e9 son enqu\u00eate, lundi, par de longues auditions de diverses personnalit\u00e9s. Les gardes \u00e0 vue des dix personnes, dont le maire de Nice\u00a0<a href=\"http:\/\/www.lefigaro.fr\/nice\/municipales-2026-a-un-an-des-elections-christian-estrosi-deja-en-mode-campagne-a-nice-20250328\" data-fig-type=\"NewsFlash\" data-gtm-custom-categorie=\"navigation\" data-gtm-custom-action=\"crossclick\" data-gtm-custom-label=\"Contextuel\" data-gtm-event=\"customEventSPE\" data-fig-domain=\"LEFIGARO\" target=\"_blank\" rel=\"noopener\">Christian Estrosi<\/a>, son \u00e9pouse Laura Tenoudji, et la pr\u00e9sidente de France T\u00e9l\u00e9visions\u00a0<a href=\"http:\/\/www.lefigaro.fr\/medias\/delphine-ernotte-reconduite-a-la-tete-de-france-televisions-il-y-a-une-forme-de-chasse-au-service-public-et-je-n-ai-pas-l-intention-de-me-laisser-faire-20250518\" data-fig-type=\"Article\" data-gtm-custom-categorie=\"navigation\" data-gtm-custom-action=\"crossclick\" data-gtm-custom-label=\"Contextuel\" data-gtm-event=\"customEventSPE\" data-fig-domain=\"LEFIGARO\" target=\"_blank\" rel=\"noopener\">Delphine Ernotte-Cunci<\/a>\u00a0ont \u00e9t\u00e9 lev\u00e9es sans poursuites \u00e0 ce stade, a pr\u00e9cis\u00e9 mardi le parquet de Marseille. Le pr\u00e9sident de La Tribune,\u00a0<a href=\"http:\/\/www.lefigaro.fr\/medias\/jean-christophe-tortora-rodolphe-saade-n-est-jamais-intervenu-a-la-provence-20240325\" data-fig-type=\"Article\" data-gtm-custom-categorie=\"navigation\" data-gtm-custom-action=\"crossclick\" data-gtm-custom-label=\"Contextuel\" data-gtm-event=\"customEventSPE\" data-fig-domain=\"LEFIGARO\" target=\"_blank\" rel=\"noopener\">Jean-Christophe Tortora<\/a>, \u00e9galement directeur g\u00e9n\u00e9ral de CMA M\u00e9dia (La Provence, RMC, BFMTV), avait aussi \u00e9t\u00e9 convoqu\u00e9 lundi par les gendarmes sous le r\u00e9gime de la garde \u00e0 vue.<\/p>\n<p class=\"fig-paragraph\">\u00ab\u00c0 l\u2019issue des auditions, les gardes \u00e0 vue ont \u00e9t\u00e9 lev\u00e9es en fin de journ\u00e9e\u00bb, a confirm\u00e9 mardi le parquet de Marseille dans un communiqu\u00e9. Les avocats des mis en cause ont d\u00e9sormais un d\u00e9lai de deux mois \u00abpour pr\u00e9senter des observations\u00bb, \u00e0 l\u2019issue desquelles \u00able procureur de la R\u00e9publique (de Marseille) d\u00e9cidera des suites \u00e0 donner\u00bb, ajoute-t-il.<\/p>\n<p class=\"fig-paragraph\">Ces dix personnes avaient \u00e9t\u00e9 convoqu\u00e9es lundi \u00e0 Marseille, Fr\u00e9jus et Nice, dans le cadre d\u2019une \u00abenqu\u00eate ouverte par le parquet de Marseille, au titre de la juridiction interr\u00e9gionale sp\u00e9cialis\u00e9e (JIRS), des chefs de prise ill\u00e9gale d\u2019int\u00e9r\u00eats, d\u00e9tournement de fonds publics, recel, faux dans un acte authentique par personne d\u00e9positaire de l\u2019autorit\u00e9 publique et usage\u00bb, rappelle le procureur de Marseille, Nicolas Bessone.<\/p>\n<p>Deux signalements \u00e0 l\u2019origine<\/p>\n<p class=\"fig-paragraph\">L\u2019enqu\u00eate porte sur les conditions dans lesquelles la ville de Nice, que Christian Estrosi dirige de fa\u00e7on presque ininterrompue depuis 2008, et la m\u00e9tropole de Nice C\u00f4te d\u2019Azur, qu\u2019il pr\u00e9side depuis 2012, ont \u00ab\u00e9t\u00e9 conduites \u00e0 accorder des aides publiques, directes et indirectes, courant 2023, \u00e0 La Tribune Nouvelle pour l\u2019organisation du colloque Nice Climat Summit, et \u00e0 France TV Studio pour celle du concours de chant Eurovision Junior, au regard des liens existants entre ces soci\u00e9t\u00e9s et Laura Cohen-Tenoudji\u00bb, salari\u00e9e du groupe France TV et qui collaborait aussi avec le m\u00e9dia \u00e9conomique La Tribune, note le parquet de Marseille.<\/p>\n<p class=\"fig-paragraph\">\u00abLe p\u00e9rim\u00e8tre de l\u2019enqu\u00eate a ensuite \u00e9t\u00e9 \u00e9tendu \u00e0 plusieurs autres \u00e9v\u00e9nements organis\u00e9s \u00e0 Nice par France T\u00e9l\u00e9vision, dont la f\u00eate de la musique 2018 et 2019, et par La Tribune nouvelle courant 2020 \u00e0 2022, ayant de la m\u00eame mani\u00e8re b\u00e9n\u00e9fici\u00e9 d\u2019aides publiques\u00bb, ajoute la juridiction dans son communiqu\u00e9.<\/p>\n<p class=\"fig-paragraph\">Tout est parti\u00a0<a href=\"http:\/\/www.lefigaro.fr\/nice\/nice-climate-summit-une-enquete-ouverte-pour-prise-illegale-d-interet-20240115\" data-fig-type=\"NewsFlash\" data-gtm-custom-categorie=\"navigation\" data-gtm-custom-action=\"crossclick\" data-gtm-custom-label=\"Contextuel\" data-gtm-event=\"customEventSPE\" data-fig-domain=\"LEFIGARO\" target=\"_blank\" rel=\"noopener\">d\u2019un premier signalement de trois \u00e9lus \u00e9cologistes ni\u00e7ois<\/a>, entra\u00eenant l\u2019ouverture d\u2019une enqu\u00eate par le parquet de Nice en novembre 2023 autour des conditions d\u2019organisation et de financement du \u00abNice Climate Summit\u00bb, un colloque sur le climat coorganis\u00e9 par La Tribune avec la collectivit\u00e9, au palais de la M\u00e9diterran\u00e9e. Laura Tenoudji-Estrosi, qui avait fait la promotion de cet \u00e9v\u00e9nement dans une vid\u00e9o, devait ensuite animer deux tables rondes. M\u00eame si elle avait assur\u00e9 le faire \u00e0 titre b\u00e9n\u00e9vole,\u00a0<a href=\"http:\/\/www.lefigaro.fr\/nice\/apres-la-suspicion-d-un-conflit-d-interets-la-femme-de-christian-estrosi-se-retire-de-l-animation-du-nice-climate-summit-20230926\" data-fig-type=\"NewsFlash\" data-gtm-custom-categorie=\"navigation\" data-gtm-custom-action=\"crossclick\" data-gtm-custom-label=\"Contextuel\" data-gtm-event=\"customEventSPE\" data-fig-domain=\"LEFIGARO\" target=\"_blank\" rel=\"noopener\">elle s\u2019\u00e9tait retir\u00e9e au dernier moment<\/a>\u00a0face \u00e0 ces suspicions de conflits d\u2019int\u00e9r\u00eats. La m\u00e9tropole avait accord\u00e9 une subvention de 525.175 euros lors d\u2019un vote auquel Christian Estrosi, son mari, avait particip\u00e9, selon les observations des \u00e9lus \u00e9cologistes dans leur signalement, m\u00eame si la d\u00e9lib\u00e9ration indique le contraire.<\/p>\n<p class=\"fig-paragraph\">Un autre signalement de quelqu\u2019un se pr\u00e9sentant comme un fonctionnaire anonyme avait ensuite \u00e9t\u00e9 envoy\u00e9 \u00e0 la justice concernant l\u2019Eurovision Junior, un autre \u00e9v\u00e9nement organis\u00e9 \u00e0 Nice en 2023 et dont la c\u00e9r\u00e9monie d\u2019ouverture au c\u00e9l\u00e8bre h\u00f4tel Negresco avait \u00e9t\u00e9 anim\u00e9e par Laura Tenoudji-Estrosi. La collectivit\u00e9 avait l\u00e0 aussi accord\u00e9 une aide financi\u00e8re \u00e0 hauteur de 605.000 euros. Une nouvelle enqu\u00eate avait \u00e9t\u00e9 ouverte et la Jirs de Marseille avait r\u00e9cup\u00e9r\u00e9 ces deux dossiers pour n\u2019en faire qu\u2019un autour du couple Estrosi. Les enqu\u00eateurs ont ensuite \u00e9largi leurs investigations en int\u00e9grant les f\u00eates de la musique en 2018 et 2019, organis\u00e9es l\u00e0 encore par France TV dans la capitale azur\u00e9enne.<\/p>\n<blockquote class=\"fig-quote&#10;    \">\n<p class=\"fig-quote__text\">Ces attaques me renforcent<\/p>\n<p>            Christian Estrosi\n    <\/p><\/blockquote>\n<p class=\"fig-paragraph\">La mairie de Nice avait \u00e9t\u00e9 perquisitionn\u00e9e \u00e0 deux reprises dans le cadre de cette affaire,\u00a0<a href=\"http:\/\/www.lefigaro.fr\/nice\/des-perquisitions-a-nice-et-dans-une-filiale-de-france-televisions-en-lien-avec-christian-estrosi-et-sa-femme-20250403\" data-fig-type=\"NewsFlash\" data-gtm-custom-categorie=\"navigation\" data-gtm-custom-action=\"crossclick\" data-gtm-custom-label=\"Contextuel\" data-gtm-event=\"customEventSPE\" data-fig-domain=\"LEFIGARO\" target=\"_blank\" rel=\"noopener\">ainsi qu\u2019une \u00abfiliale\u00bb de France T\u00e9l\u00e9vision en avril dernier<\/a>, comme l\u2019avait r\u00e9v\u00e9l\u00e9 Le Figaro. \u00abS\u2019il respecte le travail l\u00e9gitime des enqu\u00eateurs, mon client d\u00e9nonce l\u2019instrumentalisation politique de la justice \u00e0 laquelle se livrent ses opposants. Il rappelle qu\u2019une plainte en d\u00e9nonciation calomnieuse a \u00e9t\u00e9 d\u00e9pos\u00e9e \u00e0 leur encontre\u00bb, a r\u00e9agi lundi Me Mathias Chichportich, l\u2019avocat de Christian Estrosi.<\/p>\n<p class=\"fig-paragraph\">\u00abCes attaques me renforcent\u00bb, a ensuite d\u00e9clar\u00e9 Christian Estrosi au quotidien r\u00e9gional Nice-Matin, \u00e0 l\u2019issue de ses 13 heures de garde \u00e0 vue. \u00abNous avons toujours agi dans l\u2019int\u00e9r\u00eat de votre ville et des Ni\u00e7ois, et pour leur seul int\u00e9r\u00eat g\u00e9n\u00e9ral, jamais pour mes int\u00e9r\u00eats personnels ou ceux de ma famille\u00bb, a-t-il encore assur\u00e9, en se disant \u00abserein\u00bb. Le maire de Nice f\u00eate ce mardi ses 70 ans et a d\u00e9j\u00e0 annonc\u00e9\u00a0<a href=\"http:\/\/www.lefigaro.fr\/nice\/municipales-2026-a-nice-estrosi-officialise-sa-candidature-entre-affaires-et-augmentation-de-la-fiscalite-20240415\" data-fig-type=\"NewsFlash\" data-gtm-custom-categorie=\"navigation\" data-gtm-custom-action=\"crossclick\" data-gtm-custom-label=\"Contextuel\" data-gtm-event=\"customEventSPE\" data-fig-domain=\"LEFIGARO\" target=\"_blank\" rel=\"noopener\">qu\u2019il serait candidat \u00e0 sa r\u00e9\u00e9lection<\/a>, pour un quatri\u00e8me mandat, en 2026.<\/p>\n<p>Choix de Laura Tenoudji en question<\/p>\n<p class=\"fig-paragraph\">\u00abCette mise en cause par des \u00e9lus de l\u2019opposition, \u00e0 la veille d\u2019une nouvelle \u00e9ch\u00e9ance \u00e9lectorale, est particuli\u00e8rement choquante\u00bb, a insist\u00e9 Me Marie-Alix Canu-Bernard, l\u2019avocate de Laura Cohen-Tenoudji. \u00abS\u2019en prendre \u00e0 la femme de Monsieur Estrosi, du seul fait qu\u2019elle est son \u00e9pouse, en dit long sur leur conception de la place et de l\u2019ind\u00e9pendance des femmes qui travaillent\u00a0!\u00bb, a-t-elle ajout\u00e9.<\/p>\n<p class=\"fig-paragraph\">\u00abJe suis ravi que Christian Estrosi ait \u00e9t\u00e9 oblig\u00e9 de r\u00e9pondre sur le fond car jusqu\u2019\u00e0 maintenant, il n\u2019avait cess\u00e9 d\u2019attaquer les \u00e9lus \u00e9cologistes\u00bb, a comment\u00e9 aupr\u00e8s du Figaro Jean-Christophe Picard, \u00e9lu d\u2019opposition de la ville de Nice et consignataire du signalement \u00e0 la justice en 2023. \u00abLa prise ill\u00e9gale d\u2019int\u00e9r\u00eats a \u00e9t\u00e9 film\u00e9e au conseil m\u00e9tropolitain, donc je pense qu\u2019il n\u2019y a pas de d\u00e9bat. La question est de savoir si Madame Estrosi a \u00e9t\u00e9 choisie pour ses comp\u00e9tences ou parce que les \u00e9v\u00e9nements \u00e9taient subventionn\u00e9s par des collectivit\u00e9s dirig\u00e9es par son mari\u00bb, r\u00e9sume-t-il. Laura Tenoudji-Estrosi, salari\u00e9e de France TV, est toujours chroniqueuse dans l\u2019\u00e9mission T\u00e9l\u00e9matin.<\/p>\n<p class=\"fig-paragraph\">\u00abLes mis en cause demeurent pr\u00e9sum\u00e9s innocents\u00bb, a indiqu\u00e9 le parquet de Marseille \u00e0 la fin de son communiqu\u00e9.<\/p>\n","protected":false},"excerpt":{"rendered":"Dix personnes, dont le maire de Nice et sa femme ainsi que la pr\u00e9sidente de France T\u00e9l\u00e9visions et&hellip;\n","protected":false},"author":2,"featured_media":218115,"comment_status":"","ping_status":"","sticky":false,"template":"","format":"standard","meta":{"footnotes":""},"categories":[2819],"tags":[1111,11,2898,2829,2971,2972,2397,2973,2974,19650,1777,674,2975,1011,27,23339,2969,2970,2987,2980,12,2401,2897,2976,2977,2978,2985,2986,2979,2981,2982,2983,2984,2991,2992,2993,2994,2996,2997,2998,2999,3000,3001,3002,2995,3003,3004,3005,3007,2268,882,25,2988,2989,2990,2968,3006],"class_list":{"0":"post-218114","1":"post","2":"type-post","3":"status-publish","4":"format-standard","5":"has-post-thumbnail","7":"category-nice","8":"tag-actu","9":"tag-actualites","10":"tag-alpes-maritimes","11":"tag-baumettes","12":"tag-carabacel","13":"tag-caucade","14":"tag-christian-estrosi","15":"tag-cimiez","16":"tag-cremat","17":"tag-detournement-de-fonds-publics","18":"tag-eu","19":"tag-europe","20":"tag-fabron","21":"tag-fr","22":"tag-france","23":"tag-france-television","24":"tag-larenas","25":"tag-lariane","26":"tag-le-ray","27":"tag-lingostiere","28":"tag-news","29":"tag-nice","30":"tag-nice-cote-dazur","31":"tag-nice-gairaut","32":"tag-nice-gambetta","33":"tag-nice-jean-medecin","34":"tag-nice-le-piol","35":"tag-nice-le-port","36":"tag-nice-liberation","37":"tag-nice-magnan","38":"tag-nice-mantega-mont-boron","39":"tag-nice-pasteur","40":"tag-nice-pessicart","41":"tag-nice-rue-de-france","42":"tag-nice-saint-antoine","43":"tag-nice-saint-augustin","44":"tag-nice-saint-isidore","45":"tag-nice-saint-maurice","46":"tag-nice-saint-pancrace","47":"tag-nice-saint-philippe","48":"tag-nice-saint-pierre-de-feric","49":"tag-nice-saint-roch","50":"tag-nice-saint-roman-de-bellet","51":"tag-nice-saint-sylvestre","52":"tag-nice-sainte-marguerite","53":"tag-nice-thiers","54":"tag-nice-ventabrun","55":"tag-nice-vernier","56":"tag-nice-vinaigrier","57":"tag-ogc-nice","58":"tag-provence-alpes-cote-dazur","59":"tag-republique-francaise","60":"tag-rimiez","61":"tag-riquier","62":"tag-roquebilliere","63":"tag-sud-est","64":"tag-vieux-nice"},"share_on_mastodon":{"url":"","error":"Validation failed: Text character limit of 500 exceeded"},"_links":{"self":[{"href":"https:\/\/www.europesays.com\/fr\/wp-json\/wp\/v2\/posts\/218114","targetHints":{"allow":["GET"]}}],"collection":[{"href":"https:\/\/www.europesays.com\/fr\/wp-json\/wp\/v2\/posts"}],"about":[{"href":"https:\/\/www.europesays.com\/fr\/wp-json\/wp\/v2\/types\/post"}],"author":[{"embeddable":true,"href":"https:\/\/www.europesays.com\/fr\/wp-json\/wp\/v2\/users\/2"}],"replies":[{"embeddable":true,"href":"https:\/\/www.europesays.com\/fr\/wp-json\/wp\/v2\/comments?post=218114"}],"version-history":[{"count":0,"href":"https:\/\/www.europesays.com\/fr\/wp-json\/wp\/v2\/posts\/218114\/revisions"}],"wp:featuredmedia":[{"embeddable":true,"href":"https:\/\/www.europesays.com\/fr\/wp-json\/wp\/v2\/media\/218115"}],"wp:attachment":[{"href":"https:\/\/www.europesays.com\/fr\/wp-json\/wp\/v2\/media?parent=218114"}],"wp:term":[{"taxonomy":"category","embeddable":true,"href":"https:\/\/www.europesays.com\/fr\/wp-json\/wp\/v2\/categories?post=218114"},{"taxonomy":"post_tag","embeddable":true,"href":"https:\/\/www.europesays.com\/fr\/wp-json\/wp\/v2\/tags?post=218114"}],"curies":[{"name":"wp","href":"https:\/\/api.w.org\/{rel}","templated":true}]}}