{"id":218122,"date":"2025-07-01T12:21:14","date_gmt":"2025-07-01T12:21:14","guid":{"rendered":"https:\/\/www.europesays.com\/fr\/218122\/"},"modified":"2025-07-01T12:21:14","modified_gmt":"2025-07-01T12:21:14","slug":"bordeaux-p2-premiere-reussie-pour-garrido-et-aguirre","status":"publish","type":"post","link":"https:\/\/www.europesays.com\/fr\/218122\/","title":{"rendered":"Bordeaux P2 \u2013 Premi\u00e8re r\u00e9ussie pour Garrido et Aguirre"},"content":{"rendered":"<p><strong>D\u00e9buts convaincants pour Javi Garrido et Leonel \u201cTolito\u201d Aguirre<\/strong> au Bordeaux Premier Padel P2. Pour leur premier match ensemble, l\u2019Espagnol et l\u2019Argentin ont su renverser une situation mal embarqu\u00e9e pour s\u2019imposer <strong>3\/6 6\/3 6\/1<\/strong> face \u00e0 <strong>Gonzalo Rubio<\/strong> et <strong>Javi Ruiz<\/strong>.<\/p>\n<p>Le premier set ne laissait rien pr\u00e9sager de bon. <strong>Garrido et Tolito<\/strong> c\u00e8dent sur le score de <strong>3\/6<\/strong>.<\/p>\n<p><img title=\"image | Padel Magazine\" decoding=\"async\" src=\"https:\/\/www.europesays.com\/fr\/wp-content\/uploads\/2025\/07\/image-2.png\" alt=\"\" class=\"wp-image-262983\" style=\"width:749px;height:auto\"\/><\/p>\n<p>Mais tout change d\u00e8s le d\u00e9but du deuxi\u00e8me set. <strong>Garrido monte en puissance<\/strong>, se montre plus entreprenant, ose davantage en retour et commence \u00e0 dicter le jeu. <strong>Tolito<\/strong>, fid\u00e8le \u00e0 son style impr\u00e9visible, am\u00e8ne sa touche de folie au moment parfait. Le duo <strong>inverse la dynamique<\/strong> et \u00e9galise \u00e0 un set partout (<strong>6\/3<\/strong>), avec une nette am\u00e9lioration sur ses jeux de service et un impact psychologique plus fort.<\/p>\n<p>Dans le troisi\u00e8me, <strong>les deux hommes d\u00e9roulent<\/strong>. En face, Rubio et Ruiz baissent le pied, sans r\u00e9ponse face au rythme impos\u00e9. Le score final, <strong>6\/1<\/strong>, refl\u00e8te cette domination progressive.<\/p>\n<p><img title=\"image | Padel Magazine\" decoding=\"async\" src=\"https:\/\/www.europesays.com\/fr\/wp-content\/uploads\/2025\/07\/image-1.png\" alt=\"\" class=\"wp-image-262982\"\/><\/p>\n<p>Cette victoire a une valeur particuli\u00e8re pour <strong>Javi Garrido<\/strong>, qui sort d\u2019une p\u00e9riode difficile. Apr\u00e8s <strong>69 jours sans victoire sur le circuit Premier Padel<\/strong>, il avait retrouv\u00e9 le sourire \u00e0 <strong>Valladolid<\/strong>, et ce succ\u00e8s \u00e0 Bordeaux confirme son <strong>retour en forme<\/strong>.<\/p>\n<p>Prochaine \u00e9tape : <strong>un choc contre Paquito Navarro et Lucas Bergamini<\/strong> en huiti\u00e8mes de finale. Un test grandeur nature pour ce nouveau bin\u00f4me\u2026 explosif.<\/p>\n<p><img loading=\"lazy\" decoding=\"async\" data-del=\"avatar\" alt=\"Benjamin Dupouy\" src=\"https:\/\/www.europesays.com\/fr\/wp-content\/uploads\/2025\/04\/IMG_5219-150x150.jpg\" class=\"avatar pp-user-avatar avatar-100 photo \" height=\"100\" width=\"100\"\/><\/p>\n<p>J\u2019ai d\u00e9couvert le padel directement lors d\u2019un tournoi, et franchement, je n\u2019ai pas trop accroch\u00e9 au d\u00e9but. Mais la deuxi\u00e8me fois, \u00e7a a \u00e9t\u00e9 le coup de foudre, et depuis, je ne rate plus un seul match. Je suis m\u00eame pr\u00eat \u00e0 rester \u00e9veill\u00e9 jusqu\u2019\u00e0 3h du matin pour regarder une finale de Premier Padel !<\/p>\n<p class=\"related-title\">Sur le m\u00eame sujet<\/p>\n","protected":false},"excerpt":{"rendered":"D\u00e9buts convaincants pour Javi Garrido et Leonel \u201cTolito\u201d Aguirre au Bordeaux Premier Padel P2. Pour leur premier match&hellip;\n","protected":false},"author":2,"featured_media":218123,"comment_status":"","ping_status":"","sticky":false,"template":"","format":"standard","meta":{"footnotes":""},"categories":[2817],"tags":[1111,11,1997,1777,674,1011,27,30679,12,2219,30680,25,30681],"class_list":{"0":"post-218122","1":"post","2":"type-post","3":"status-publish","4":"format-standard","5":"has-post-thumbnail","7":"category-bordeaux","8":"tag-actu","9":"tag-actualites","10":"tag-bordeaux","11":"tag-eu","12":"tag-europe","13":"tag-fr","14":"tag-france","15":"tag-javier-garrido","16":"tag-news","17":"tag-nouvelle-aquitaine","18":"tag-premier-padel-bordeaux-p2","19":"tag-republique-francaise","20":"tag-tolito-aguirre"},"share_on_mastodon":{"url":"https:\/\/pubeurope.com\/@fr\/114777953909732582","error":""},"_links":{"self":[{"href":"https:\/\/www.europesays.com\/fr\/wp-json\/wp\/v2\/posts\/218122","targetHints":{"allow":["GET"]}}],"collection":[{"href":"https:\/\/www.europesays.com\/fr\/wp-json\/wp\/v2\/posts"}],"about":[{"href":"https:\/\/www.europesays.com\/fr\/wp-json\/wp\/v2\/types\/post"}],"author":[{"embeddable":true,"href":"https:\/\/www.europesays.com\/fr\/wp-json\/wp\/v2\/users\/2"}],"replies":[{"embeddable":true,"href":"https:\/\/www.europesays.com\/fr\/wp-json\/wp\/v2\/comments?post=218122"}],"version-history":[{"count":0,"href":"https:\/\/www.europesays.com\/fr\/wp-json\/wp\/v2\/posts\/218122\/revisions"}],"wp:featuredmedia":[{"embeddable":true,"href":"https:\/\/www.europesays.com\/fr\/wp-json\/wp\/v2\/media\/218123"}],"wp:attachment":[{"href":"https:\/\/www.europesays.com\/fr\/wp-json\/wp\/v2\/media?parent=218122"}],"wp:term":[{"taxonomy":"category","embeddable":true,"href":"https:\/\/www.europesays.com\/fr\/wp-json\/wp\/v2\/categories?post=218122"},{"taxonomy":"post_tag","embeddable":true,"href":"https:\/\/www.europesays.com\/fr\/wp-json\/wp\/v2\/tags?post=218122"}],"curies":[{"name":"wp","href":"https:\/\/api.w.org\/{rel}","templated":true}]}}