{"id":218128,"date":"2025-07-01T12:24:17","date_gmt":"2025-07-01T12:24:17","guid":{"rendered":"https:\/\/www.europesays.com\/fr\/218128\/"},"modified":"2025-07-01T12:24:17","modified_gmt":"2025-07-01T12:24:17","slug":"pile-au-rdv-2025-retours-aux-sources-reemploi-et-canal-de-roubaix","status":"publish","type":"post","link":"https:\/\/www.europesays.com\/fr\/218128\/","title":{"rendered":"Pile au RDV 2025 : retours aux sources, r\u00e9emploi et canal de Roubaix"},"content":{"rendered":"<p class=\"introduction\">Le festival Pile au RDV est devenu un rendez-vous embl\u00e9matique de l\u2019\u00e9t\u00e9 \u00e0 Roubaix. L\u2019\u00e9dition 2025, orchestr\u00e9e par La Condition Publique, se d\u00e9roulera du 5 au 12 juillet 2025 avec une ambition renouvel\u00e9e\u202f: mettre le r\u00e9emploi, le canal de Roubaix et l\u2019histoire des quartiers au c\u0153ur de la programmation.<\/p>\n<p>Une invitation \u00e0 la co-construction<\/p>\n<p>Depuis f\u00e9vrier dernier, La Condition Publique a r\u00e9uni habitants, collectifs, associations et artistes \u00e0 se r\u00e9unir autour d\u2019un projet festif et cr\u00e9atif, afin de co-construire cette \u00e9dition 2025. Cette approche ancr\u00e9e dans le participatif montre l\u2019ambition forte du festival envers l\u2019engagement local et la vitalit\u00e9 culturelle roubaisienne.<\/p>\n<p>R\u00e9emploi \u00e0 tous les \u00e9tages<\/p>\n<p>Des ateliers, installations et animations mettront en avant la r\u00e9utilisation des mat\u00e9riaux et l\u2019upcycling, \u00e0 l\u2019image des pr\u00e9c\u00e9dentes \u00e9ditions. Mobilier en carton, banderoles cr\u00e9\u00e9es \u00e0 partir de tr\u00e9sors r\u00e9cup\u00e9r\u00e9s, ou objets d\u00e9tourn\u00e9s\u00a0: l\u2019univers du recyclage sera omnipr\u00e9sent.<\/p>\n<p>Le canal comme fil rouge<\/p>\n<p>L\u2019ancien canal industriel, v\u00e9ritable havre de verdure au c\u0153ur de Roubaix, sera encore une fois \u00e0 l\u2019honneur. Il servira de fil rouge au festival, en tant qu\u2019espace naturel et lieu de balades, de sports nautiques, mais aussi d\u2019art en plein air<\/p>\n<p>Programmation co-con\u00e7ue et transversale<\/p>\n<p>\u00c0 l\u2019instar des \u00e9ditions pr\u00e9c\u00e9dentes, le festival m\u00ealera\u202f:<\/p>\n<p>&gt; D\u00e9couvrir <a href=\"https:\/\/laconditionpublique.com\/agenda\/festival-pile-au-rdv\" target=\"_blank\" rel=\"noopener\">le programme complet de PILE AU RDV<\/a><\/p>\n","protected":false},"excerpt":{"rendered":"Le festival Pile au RDV est devenu un rendez-vous embl\u00e9matique de l\u2019\u00e9t\u00e9 \u00e0 Roubaix. L\u2019\u00e9dition 2025, orchestr\u00e9e par&hellip;\n","protected":false},"author":2,"featured_media":218129,"comment_status":"","ping_status":"","sticky":false,"template":"","format":"standard","meta":{"footnotes":""},"categories":[2815],"tags":[1111,11,251,17545,1777,674,1011,27,811,30671,1307,12,35746,25],"class_list":{"0":"post-218128","1":"post","2":"type-post","3":"status-publish","4":"format-standard","5":"has-post-thumbnail","7":"category-lille","8":"tag-actu","9":"tag-actualites","10":"tag-culture","11":"tag-ete-2025","12":"tag-eu","13":"tag-europe","14":"tag-fr","15":"tag-france","16":"tag-hauts-de-france","17":"tag-la-condition-publique","18":"tag-lille","19":"tag-news","20":"tag-pile-au-rdv","21":"tag-republique-francaise"},"share_on_mastodon":{"url":"https:\/\/pubeurope.com\/@fr\/114777965665488171","error":""},"_links":{"self":[{"href":"https:\/\/www.europesays.com\/fr\/wp-json\/wp\/v2\/posts\/218128","targetHints":{"allow":["GET"]}}],"collection":[{"href":"https:\/\/www.europesays.com\/fr\/wp-json\/wp\/v2\/posts"}],"about":[{"href":"https:\/\/www.europesays.com\/fr\/wp-json\/wp\/v2\/types\/post"}],"author":[{"embeddable":true,"href":"https:\/\/www.europesays.com\/fr\/wp-json\/wp\/v2\/users\/2"}],"replies":[{"embeddable":true,"href":"https:\/\/www.europesays.com\/fr\/wp-json\/wp\/v2\/comments?post=218128"}],"version-history":[{"count":0,"href":"https:\/\/www.europesays.com\/fr\/wp-json\/wp\/v2\/posts\/218128\/revisions"}],"wp:featuredmedia":[{"embeddable":true,"href":"https:\/\/www.europesays.com\/fr\/wp-json\/wp\/v2\/media\/218129"}],"wp:attachment":[{"href":"https:\/\/www.europesays.com\/fr\/wp-json\/wp\/v2\/media?parent=218128"}],"wp:term":[{"taxonomy":"category","embeddable":true,"href":"https:\/\/www.europesays.com\/fr\/wp-json\/wp\/v2\/categories?post=218128"},{"taxonomy":"post_tag","embeddable":true,"href":"https:\/\/www.europesays.com\/fr\/wp-json\/wp\/v2\/tags?post=218128"}],"curies":[{"name":"wp","href":"https:\/\/api.w.org\/{rel}","templated":true}]}}