{"id":218130,"date":"2025-07-01T12:25:28","date_gmt":"2025-07-01T12:25:28","guid":{"rendered":"https:\/\/www.europesays.com\/fr\/218130\/"},"modified":"2025-07-01T12:25:28","modified_gmt":"2025-07-01T12:25:28","slug":"ilots-de-fraicheur-inedits-ouverts-actualites","status":"publish","type":"post","link":"https:\/\/www.europesays.com\/fr\/218130\/","title":{"rendered":"Il\u00f4ts de fraicheur in\u00e9dits ouverts \/ Actualit\u00e9s"},"content":{"rendered":"<p>Des \u00eelots de fra\u00eecheur \u00e0 l\u2019\u00e9cole<\/p>\n<p><strong>Ariane Capon, \u00e0 Moulins, et Jean Bart, \u00e0\u00a0Lille-Sud, accueilleront donc \u00e0 nouveau les habitants\u00a0du 1er\u00a0juillet au 24 ao\u00fbt, du mardi au dimanche.<\/strong> Et si le Plan canicule devait \u00eatre d\u00e9clench\u00e9, des ouvertures suppl\u00e9mentaires pourraient \u00eatre propos\u00e9es.<\/p>\n<p>Car l\u2019id\u00e9e de ce projet est bien l\u00e0 :\u00a0<strong>multiplier les \u00eelots de fra\u00eecheur<\/strong> pour les Lillois en cas de fortes chaleurs.\u00a0<\/p>\n<p>Accessibles gratuitement \u00e0 tous,\u00a0ces espaces s\u00e9curis\u00e9s et v\u00e9g\u00e9talis\u00e9s des cours des \u00e9coles Ariane Capon et Jean Bart seront ouverts en pr\u00e9sence de m\u00e9diateurs. Elles seront dot\u00e9es d&rsquo;aires de jeux, de sanitaires et d&rsquo;un point d&rsquo;eau.<\/p>\n<p><strong>Des jeux, transats, livres, et du petit mat\u00e9riel sportif<\/strong> seront mis \u00e0 disposition des habitants. Et des animations y seront ponctuellement organis\u00e9es.\u00a0<\/p>\n<p>Ce dispositif fait partie du projet europ\u00e9en <strong>Time2Adapt\u00a0<\/strong>en partenariat avec la M\u00e9tropole europ\u00e9enne de Lille. Objectifs : ouvrir certains\u00a0espaces \u00e0 tous les habitants afin qu\u2019ils y trouvent des \u00eelots rafraichissants, une mani\u00e8re de s&rsquo;adapter aux changements climatiques.<\/p>\n<p><strong>Infos pratiques<\/strong><\/p>\n<ul class=\"listPuce\">\n<li>\u00c9cole Ariane Capon, 2 quater bd de Belfort, du mardi au vendredi de 17h \u00e0 20h*, et le week-end (et le 15 ao\u00fbt) de 14h30 \u00e0 20h,<\/li>\n<li>\u00c9cole Jean Bart, 31 rue du G\u00e9n\u00e9ral de Wett, du mardi au dimanche de 14h30 \u00e0 20h*<\/li>\n<li>En cas de d\u00e9clenchement d&rsquo;une alerte canicule, ouverture lundi, aux m\u00eames horaires que les autres jours de la semaine.<\/li>\n<\/ul>\n<p>* \u00e0 partir de 18h30 jusqu\u2019au 4 juillet.<\/p>\n<p>Animations<\/p>\n<p>\n<strong>Le Tour de France des cours de r\u00e9cr\u00e9<\/strong> <br \/>Les jeudis 17, 24 et 31 juillet, de 17h \u00e0 18h dans la cour de l\u2019\u00e9cole Ariane Capon (Moulins)<br \/>Les jeudis 7, 14 et 21 ao\u00fbt, de 16h30 \u00e0 17h30 dans la cour de l\u2019\u00e9cole Jean Bart (Lille Sud)<\/p>\n<p>\nCet \u00e9t\u00e9, la Maison des Mobilit\u00e9s Durables propose des jeux et circuits aux enfants de 3 \u00e0 10 ans, qu\u2019ils soient d\u00e9butants ou d\u00e9j\u00e0 aguerris sur leur monture. Des draisiennes pourront \u00eatre pr\u00eat\u00e9es gratuitement pour les enfants jusque 5 ans. <br \/>Pour les plus grands, pensez \u00e0 apporter votre trottinette ou v\u00e9lo ! <br \/>Gratuit et sans inscription, dans la limite des places disponibles. Pr\u00e9sence d\u2019un accompagnant adulte indispensable.\u00a0<\/p>\n<p>Time 2 Adapt : d&rsquo;autres sites ouverts<\/p>\n<p><strong>En plus des deux cours d&rsquo;\u00e9coles, d&rsquo;autres sites lillois seront ouverts dans le cadre de Time 2 Adapt<\/strong>, sous certaines conditions :<\/p>\n<ul class=\"listPuce\">\n<li><strong>Cimeti\u00e8res de l&rsquo;est et du sud<\/strong>\u00a0: ouverts plus tard (17h-20h) en juillet et ao\u00fbt en cas d&rsquo;alerte canicule.<\/li>\n<li><strong>Atrium du Palais des Beaux-Arts<\/strong>\u00a0: ouverture tous les mardis de l&rsquo;\u00e9t\u00e9 hors ouverture du mus\u00e9e (14h-18h) ; et\u00a0am\u00e9nagement du\u00a0<strong>jardin <\/strong>avec de nouvelles assises<\/li>\n<li><strong>Jardin de la maison Folie Moulins<\/strong>\u00a0: des travaux d&rsquo;am\u00e9nagement du jardin ont \u00e9t\u00e9 men\u00e9s cet hiver (v\u00e9g\u00e9talisation, toile d&rsquo;ombrage) : lieu ouvert aux <a href=\"https:\/\/www.lille.fr\/Nos-equipements\/Maison-Folie-Moulins\" target=\"_self\" class=\"lien_interne\" rel=\"noopener\">horaires d&rsquo;ouverture de l&rsquo;\u00e9quipement<\/a>.<\/li>\n<li><strong>Jardin de la m\u00e9diath\u00e8que Jean L\u00e9vy<\/strong> : ouverture exceptionnelle les dimanches 17, 24 et 31 ao\u00fbt (l&rsquo;apr\u00e8s-midi). Acc\u00e8s par la rue du Plat.<\/li>\n<li>\n<strong>Installation temporaire par l&rsquo;association Seed<\/strong>\u00a0:<br \/>&#8211; Pelouse des Enfants du Paradis : mobilier temporaire (assises, table de pique-nique) \u00e0 l&rsquo;ombre des arbres<br \/>&#8211; Jardin des Olieux : mobilier \u00e0 l&rsquo;ombre des arbres sur ce parc coconstruit et install\u00e9 avec les habitants.<\/li>\n<\/ul>\n<p>Faire face \u00e0 la chaleur<\/p>\n<p>Face aux fortes chaleurs, la Ville de Lille favorise le d\u00e9veloppement de lieux de fra\u00eecheur et met \u00e0 disposition de ses habitants les informations essentielles :<\/p>\n<ul class=\"listPuce\">\n<li><strong>Diffusion d\u2019une cartographie des espaces arbor\u00e9s<\/strong>, points d\u2019eau potable, brumisateurs et b\u00e2timents frais pr\u00e9sents dans l\u2019ensemble des quartiers de la ville\u00a0<\/li>\n<\/ul>\n<ul class=\"listPuce\">\n<li><strong>Installation de brumisateurs<\/strong><\/li>\n<\/ul>\n<ul class=\"listPuce\">\n<li><strong>Op\u00e9ration \u00ab\u00a0Gourdes Friendly\u00a0\u00bb<\/strong>,permettant \u00e0 toute personne (clients, passants, touristes&#8230;) de remplir sa bouteille ou sa gourde d&rsquo;eau dans les commerces partenaires\u00a0<\/li>\n<\/ul>\n<ul class=\"listPuce\">\n<li><strong>Inscription au plan d&rsquo;alerte et d&rsquo;urgence<\/strong>, pour une communication directe avec les seniors et les plus fragiles<\/li>\n<\/ul>\n<ul class=\"listPuce\">\n<li><strong>Conseils en cas de coup de chaleur<\/strong><\/li>\n<\/ul>\n<p>&gt;\u00a0<a href=\"https:\/\/www.lille.fr\/Actualites\/Faire-face-aux-fortes-chaleurs\" target=\"_self\" class=\"lien_interne\" rel=\"noopener\"><strong>En savoir plus.<\/strong><\/a><\/p>\n","protected":false},"excerpt":{"rendered":"Des \u00eelots de fra\u00eecheur \u00e0 l\u2019\u00e9cole Ariane Capon, \u00e0 Moulins, et Jean Bart, \u00e0\u00a0Lille-Sud, accueilleront donc \u00e0 nouveau&hellip;\n","protected":false},"author":2,"featured_media":218131,"comment_status":"","ping_status":"","sticky":false,"template":"","format":"standard","meta":{"footnotes":""},"categories":[2815],"tags":[1111,11,4763,1777,674,1011,27,811,1307,5415,12,25],"class_list":{"0":"post-218130","1":"post","2":"type-post","3":"status-publish","4":"format-standard","5":"has-post-thumbnail","7":"category-lille","8":"tag-actu","9":"tag-actualites","10":"tag-agenda","11":"tag-eu","12":"tag-europe","13":"tag-fr","14":"tag-france","15":"tag-hauts-de-france","16":"tag-lille","17":"tag-mairie","18":"tag-news","19":"tag-republique-francaise"},"share_on_mastodon":{"url":"https:\/\/pubeurope.com\/@fr\/114777969334513479","error":""},"_links":{"self":[{"href":"https:\/\/www.europesays.com\/fr\/wp-json\/wp\/v2\/posts\/218130","targetHints":{"allow":["GET"]}}],"collection":[{"href":"https:\/\/www.europesays.com\/fr\/wp-json\/wp\/v2\/posts"}],"about":[{"href":"https:\/\/www.europesays.com\/fr\/wp-json\/wp\/v2\/types\/post"}],"author":[{"embeddable":true,"href":"https:\/\/www.europesays.com\/fr\/wp-json\/wp\/v2\/users\/2"}],"replies":[{"embeddable":true,"href":"https:\/\/www.europesays.com\/fr\/wp-json\/wp\/v2\/comments?post=218130"}],"version-history":[{"count":0,"href":"https:\/\/www.europesays.com\/fr\/wp-json\/wp\/v2\/posts\/218130\/revisions"}],"wp:featuredmedia":[{"embeddable":true,"href":"https:\/\/www.europesays.com\/fr\/wp-json\/wp\/v2\/media\/218131"}],"wp:attachment":[{"href":"https:\/\/www.europesays.com\/fr\/wp-json\/wp\/v2\/media?parent=218130"}],"wp:term":[{"taxonomy":"category","embeddable":true,"href":"https:\/\/www.europesays.com\/fr\/wp-json\/wp\/v2\/categories?post=218130"},{"taxonomy":"post_tag","embeddable":true,"href":"https:\/\/www.europesays.com\/fr\/wp-json\/wp\/v2\/tags?post=218130"}],"curies":[{"name":"wp","href":"https:\/\/api.w.org\/{rel}","templated":true}]}}