{"id":218132,"date":"2025-07-01T12:26:10","date_gmt":"2025-07-01T12:26:10","guid":{"rendered":"https:\/\/www.europesays.com\/fr\/218132\/"},"modified":"2025-07-01T12:26:10","modified_gmt":"2025-07-01T12:26:10","slug":"a-marseille-la-fontaine-cantini-remise-en-eau-et-en-lumiere","status":"publish","type":"post","link":"https:\/\/www.europesays.com\/fr\/218132\/","title":{"rendered":"\u00c0 Marseille, la fontaine Cantini remise en eau et en lumi\u00e8re"},"content":{"rendered":"<p>                    <img loading=\"lazy\" decoding=\"async\" src=\"https:\/\/www.europesays.com\/fr\/wp-content\/uploads\/2025\/07\/30f9a22757ab8bcea130351ddd1a71.jpg\" class=\"img-responsive post-image\" width=\"680\" height=\"510\" alt=\"\u00c0 Marseille, la fontaine\" title=\"\u00c0 Marseille, la fontaine Cantini remise en eau et en lumi\u00e8re\"\/><\/p>\n<p class=\"chapo\">Apr\u00e8s cinq mois de travaux, la Ville de Marseille a finalis\u00e9 les tests de mise en eau et en lumi\u00e8re de la fontaine Cantini.<\/p>\n<p>Ainsi, les Marseillaises et les Marseillais pourront assister \u00e0 des jets d\u2019eau quotidiens et \u00e0 une mise en lumi\u00e8re blanche chaque soir.<\/p>\n<p>Un \u00eelot de fra\u00eecheur sur une nouvelle place pi\u00e9tonne<\/p>\n<p>Sans eau depuis 2013, cette fontaine monumentale et spectaculaire, \u00e0 laquelle les Marseillaises et Marseillais sont tr\u00e8s attach\u00e9s, reprend donc vie. Apr\u00e8s cinq mois de travaux de r\u00e9novation de l\u2019\u00e9tanch\u00e9it\u00e9 et des installations hydrauliques, elle sera un \u00eelot de fra\u00eecheur au sein de cette nouvelle place pi\u00e9tonne. Elle participera aussi \u00e0 un espace public plus apais\u00e9 avec le bruit de l\u2019eau qu\u2019elle offrira aux pi\u00e9tons qui la c\u00f4toieront.<br class=\"autobr\"\/><br \/>\nSa mise en lumi\u00e8re sera blanche la plupart du temps, mais pourra se parer d\u2019autres couleurs pour divers \u00e9v\u00e9nements. <strong>Les barri\u00e8res de chantier prot\u00e9geant la fontaine seront retir\u00e9es au printemps 2025, le temps que les pourtours de la fontaine soient v\u00e9g\u00e9talis\u00e9s, et que la barri\u00e8re historique en fer forg\u00e9 soit r\u00e9nov\u00e9e.<\/strong><\/p>\n<p>Un monument embl\u00e9matique<\/p>\n<p>\u00c0 l\u2019origine se dressait sur la place Castellane <strong>un ob\u00e9lisque<\/strong>, d\u00e9plac\u00e9 en 1911 sur le rond-point de Mazargues. \u00c0 sa place, en 1913, est \u00e9rig\u00e9e cette fontaine en marbre de Carrare, qui tient son nom de <strong>Jules Cantini<\/strong>, c\u00e9l\u00e8bre marbrier marseillais qui en fit don \u00e0 la Ville. Le monument est r\u00e9alis\u00e9 d\u2019apr\u00e8s ses dessins par le sculpteur <strong>Andr\u00e9-Joseph Allar.<\/strong><br class=\"autobr\"\/><br \/>\nL\u2019\u0153uvre repr\u00e9sente Marseille au sommet d\u2019une colonne de 30 m\u00e8tres de haut. Ses facettes montrent diff\u00e9rentes sculptures. Quatre groupes \u00e9voquent l\u2019Huveaune, la Durance, le Rh\u00f4ne et la M\u00e9diterran\u00e9e. Par les postures de ces all\u00e9gories, Cantini et Allar rendent notamment hommage \u00e0 des \u0153uvres visibles \u00e0 Rome, comme la fontaine de Trevi ou le David du Bernin.<br class=\"autobr\"\/><br \/>\nAinsi, gr\u00e2ce \u00e0 cette r\u00e9novation, habitants et visiteurs pourront admirer tous les d\u00e9tails de ce monument embl\u00e9matique, valoris\u00e9 comme jamais auparavant.<\/p>\n<p>Photo de Une \u00a9Cl\u00e9ment Mahoudeau &#8211; Ville de Marseille<\/p>\n","protected":false},"excerpt":{"rendered":"Apr\u00e8s cinq mois de travaux, la Ville de Marseille a finalis\u00e9 les tests de mise en eau et&hellip;\n","protected":false},"author":2,"featured_media":218133,"comment_status":"","ping_status":"","sticky":false,"template":"","format":"standard","meta":{"footnotes":""},"categories":[2814],"tags":[1111,11,2408,1777,674,1011,27,884,12,882,25],"class_list":{"0":"post-218132","1":"post","2":"type-post","3":"status-publish","4":"format-standard","5":"has-post-thumbnail","7":"category-marseille","8":"tag-actu","9":"tag-actualites","10":"tag-appels-d","11":"tag-eu","12":"tag-europe","13":"tag-fr","14":"tag-france","15":"tag-marseille","16":"tag-news","17":"tag-provence-alpes-cote-dazur","18":"tag-republique-francaise"},"share_on_mastodon":{"url":"https:\/\/pubeurope.com\/@fr\/114777973382751692","error":""},"_links":{"self":[{"href":"https:\/\/www.europesays.com\/fr\/wp-json\/wp\/v2\/posts\/218132","targetHints":{"allow":["GET"]}}],"collection":[{"href":"https:\/\/www.europesays.com\/fr\/wp-json\/wp\/v2\/posts"}],"about":[{"href":"https:\/\/www.europesays.com\/fr\/wp-json\/wp\/v2\/types\/post"}],"author":[{"embeddable":true,"href":"https:\/\/www.europesays.com\/fr\/wp-json\/wp\/v2\/users\/2"}],"replies":[{"embeddable":true,"href":"https:\/\/www.europesays.com\/fr\/wp-json\/wp\/v2\/comments?post=218132"}],"version-history":[{"count":0,"href":"https:\/\/www.europesays.com\/fr\/wp-json\/wp\/v2\/posts\/218132\/revisions"}],"wp:featuredmedia":[{"embeddable":true,"href":"https:\/\/www.europesays.com\/fr\/wp-json\/wp\/v2\/media\/218133"}],"wp:attachment":[{"href":"https:\/\/www.europesays.com\/fr\/wp-json\/wp\/v2\/media?parent=218132"}],"wp:term":[{"taxonomy":"category","embeddable":true,"href":"https:\/\/www.europesays.com\/fr\/wp-json\/wp\/v2\/categories?post=218132"},{"taxonomy":"post_tag","embeddable":true,"href":"https:\/\/www.europesays.com\/fr\/wp-json\/wp\/v2\/tags?post=218132"}],"curies":[{"name":"wp","href":"https:\/\/api.w.org\/{rel}","templated":true}]}}