{"id":218134,"date":"2025-07-01T12:27:09","date_gmt":"2025-07-01T12:27:09","guid":{"rendered":"https:\/\/www.europesays.com\/fr\/218134\/"},"modified":"2025-07-01T12:27:09","modified_gmt":"2025-07-01T12:27:09","slug":"a-peine-arrive-a-marseille-facundo-medina-assene-ses-ambitions","status":"publish","type":"post","link":"https:\/\/www.europesays.com\/fr\/218134\/","title":{"rendered":"\u00e0 peine arriv\u00e9 \u00e0 Marseille, Facundo Medina ass\u00e8ne ses ambitions"},"content":{"rendered":"<p>Il faisait un cagnard de plomb. Mais cette atmosph\u00e8re suffocante n\u2019a pas d\u00e9courag\u00e9 une grosse trentaine de fid\u00e8les de l\u2019OM, tout heureux d\u2019accueillir <a href=\"https:\/\/www.laprovence.com\/article\/om\/46885360704556\/mercato-om-pourquoi-les-dirigeants-olympiens-s-interessent-tant-a-facundo-medina\" target=\"_blank\" rel=\"nofollow noopener\">la nouvelle recrue olympienne de l\u2019\u00e9t\u00e9\u00a0: Facundo Medina<\/a>. Le d\u00e9fenseur international argentin de 26\u00a0ans a atterri ce mardi apr\u00e8s-midi sur le sol proven\u00e7al, en provenance d\u2019Espagne o\u00f9 il terminait ses vacances tout en peaufinant sa condition physique, avec un pr\u00e9parateur personnel.<\/p>\n<p>Son avocat Sevan Karian l\u2019attendait sur place, et le futur ex-Lensois a \u00e9t\u00e9 accueilli par plusieurs dirigeants de l\u2019OM, Bob Tahri en charge de l\u2019accueil des joueurs, Alexandre Neyton qui s\u2019occupe de la s\u00e9curit\u00e9 et le super intendant Yvgeny Koshelev. Il a pris le temps de faire quelques selfies et d\u2019ass\u00e9ner ses ambitions\u00a0: \u00ab\u00a0Je viens \u00e0 l\u2019OM pour gagner des titres\u00a0\u00bb, a-t-il lanc\u00e9 une \u00e9charpe du club autour du cou.<\/p>\n<p>Il ne s\u2019est pas trop attard\u00e9 sur le tarmac de l\u2019aviation g\u00e9n\u00e9rale de Marignane. Et pour cause, il a fil\u00e9 pour se soumettre aux tests m\u00e9dicaux pr\u00e9alables \u00e0 son engagement. Pour rappel, <a href=\"https:\/\/www.laprovence.com\/article\/om\/30623750287993\/mercato-om-accord-total-pour-la-venue-de-facundo-medina\" target=\"_blank\" rel=\"nofollow noopener\">l\u2019OM et Lens sont parvenus \u00e0 un terrain d\u2019entente<\/a> autour d\u2019un pr\u00eat payant de 2\u00a0millions d\u2019euros assorti d\u2019une option d\u2019achat automatique de 18\u00a0M\u20ac et de divers bonus pouvant atteindre 2\u00a0millions suppl\u00e9mentaires.<\/p>\n","protected":false},"excerpt":{"rendered":"Il faisait un cagnard de plomb. Mais cette atmosph\u00e8re suffocante n\u2019a pas d\u00e9courag\u00e9 une grosse trentaine de fid\u00e8les&hellip;\n","protected":false},"author":2,"featured_media":218135,"comment_status":"","ping_status":"","sticky":false,"template":"","format":"standard","meta":{"footnotes":""},"categories":[2814],"tags":[17,1111,11,15200,1777,674,35747,1011,27,884,35748,1434,12,149,6191,882,25],"class_list":{"0":"post-218134","1":"post","2":"type-post","3":"status-publish","4":"format-standard","5":"has-post-thumbnail","7":"category-marseille","8":"tag-17","9":"tag-actu","10":"tag-actualites","11":"tag-arrive","12":"tag-eu","13":"tag-europe","14":"tag-facundo","15":"tag-fr","16":"tag-france","17":"tag-marseille","18":"tag-medina","19":"tag-mercato","20":"tag-news","21":"tag-om","22":"tag-peine","23":"tag-provence-alpes-cote-dazur","24":"tag-republique-francaise"},"share_on_mastodon":{"url":"https:\/\/pubeurope.com\/@fr\/114777977254688810","error":""},"_links":{"self":[{"href":"https:\/\/www.europesays.com\/fr\/wp-json\/wp\/v2\/posts\/218134","targetHints":{"allow":["GET"]}}],"collection":[{"href":"https:\/\/www.europesays.com\/fr\/wp-json\/wp\/v2\/posts"}],"about":[{"href":"https:\/\/www.europesays.com\/fr\/wp-json\/wp\/v2\/types\/post"}],"author":[{"embeddable":true,"href":"https:\/\/www.europesays.com\/fr\/wp-json\/wp\/v2\/users\/2"}],"replies":[{"embeddable":true,"href":"https:\/\/www.europesays.com\/fr\/wp-json\/wp\/v2\/comments?post=218134"}],"version-history":[{"count":0,"href":"https:\/\/www.europesays.com\/fr\/wp-json\/wp\/v2\/posts\/218134\/revisions"}],"wp:featuredmedia":[{"embeddable":true,"href":"https:\/\/www.europesays.com\/fr\/wp-json\/wp\/v2\/media\/218135"}],"wp:attachment":[{"href":"https:\/\/www.europesays.com\/fr\/wp-json\/wp\/v2\/media?parent=218134"}],"wp:term":[{"taxonomy":"category","embeddable":true,"href":"https:\/\/www.europesays.com\/fr\/wp-json\/wp\/v2\/categories?post=218134"},{"taxonomy":"post_tag","embeddable":true,"href":"https:\/\/www.europesays.com\/fr\/wp-json\/wp\/v2\/tags?post=218134"}],"curies":[{"name":"wp","href":"https:\/\/api.w.org\/{rel}","templated":true}]}}