{"id":218138,"date":"2025-07-01T12:29:15","date_gmt":"2025-07-01T12:29:15","guid":{"rendered":"https:\/\/www.europesays.com\/fr\/218138\/"},"modified":"2025-07-01T12:29:15","modified_gmt":"2025-07-01T12:29:15","slug":"la-residente-dun-ehpad-meurt-apres-avoir-percute-un-arbre-avec-son-fauteuil-roulant","status":"publish","type":"post","link":"https:\/\/www.europesays.com\/fr\/218138\/","title":{"rendered":"La r\u00e9sidente d\u2019un Ehpad meurt apr\u00e8s avoir percut\u00e9 un arbre avec son fauteuil roulant"},"content":{"rendered":"<p>La r\u00e9sidente d\u2019un <a href=\"https:\/\/www.20minutes.fr\/dossier\/ehpad\" class=\"color-ultramarine c-link\" target=\"_blank\" rel=\"noopener\">Ehpad<\/a> de Lyon (<a href=\"https:\/\/www.20minutes.fr\/dossier\/rhone\" class=\"color-ultramarine c-link\" target=\"_blank\" rel=\"noopener\">Rh\u00f4ne<\/a>) est d\u00e9c\u00e9d\u00e9e dans un tragique <a href=\"https:\/\/www.20minutes.fr\/dossier\/accident\" class=\"color-ultramarine c-link\" target=\"_blank\" rel=\"noopener\">accident<\/a> survenu lors d\u2019une sortie\u00a0jeudi dernier. Comme le r\u00e9v\u00e8lent nos confr\u00e8res de <a href=\"https:\/\/www.bfmtv.com\/lyon\/lyon-une-residente-de-l-ehpad-des-balcons-de-l-ile-barbe-meurt-lors-d-une-sortie_AN-202506290357.html\" target=\"_blank\" class=\"color-ultramarine c-link\" rel=\"noopener\">BFM Lyon<\/a>, les faits se sont d\u00e9roul\u00e9s alors que le groupe s\u2019appr\u00eatait \u00e0 retourner au bus. La victime a retir\u00e9 le frein de son fauteuil roulant pour se d\u00e9placer seule, comme \u00e0 son habitude.<\/p>\n<p>Mais elle s\u2019est ensuite dirig\u00e9e vers une pente raide. \u00ab\u00a0Les professionnels pr\u00e9sents n\u2019ont pas r\u00e9ussi \u00e0 la rattraper avant qu\u2019elle ne percute un arbre\u00a0\u00bb, indique la Ville de Lyon dans les colonnes du <a href=\"https:\/\/www.leprogres.fr\/faits-divers-justice\/2025\/06\/29\/deces-tragique-d-une-residente-d-ehpad-lors-d-une-sortie-que-s-est-il-passe\" target=\"_blank\" class=\"color-ultramarine c-link\" rel=\"noopener\">Progr\u00e8s<\/a>. Rapidement sur place, les secours ont tent\u00e9 de la r\u00e9animer, en vain. Elle est malheureusement d\u00e9c\u00e9d\u00e9e des suites de ses graves blessures.<\/p>\n<p>Pas assez d\u2019encadrants\u00a0?<\/p>\n<p>Une enqu\u00eate de gendarmerie a \u00e9t\u00e9 ouverte pour d\u00e9terminer les circonstances pr\u00e9cises de ce terrible accident. Le\u00a0syndicat Force ouvri\u00e8re estime que les encadrants n\u2019\u00e9taient pas assez nombreux lors de cette sortie \u00e0\u00a0Gr\u00e9zieu-la-Varenne. Trois agentes du CCAS (Centre Communal d\u2019Action Sociale) et une\u00a0jeune femme en service civique accompagnaient onze r\u00e9sidents, dont\u00a0plusieurs en fauteuil roulant.<\/p>\n<\/p>\n<p>Interrog\u00e9 par <a href=\"https:\/\/france3-regions.franceinfo.fr\/auvergne-rhone-alpes\/rhone\/lyon\/il-n-y-avait-pas-assez-de-monde-apres-le-deces-d-une-residente-d-un-ehpad-lyonnais-un-syndicat-denonce-des-dysfonctionnements-3180162.html\" target=\"_blank\" class=\"color-ultramarine c-link\" rel=\"noopener\">France 3 Auvergne-Rh\u00f4ne-Alpes<\/a>, un agent de la Ville et repr\u00e9sentant syndical a \u00e9galement remis en cause \u00ab\u00a0la n\u00e9cessit\u00e9 de cette sortie alors qu\u2019il n\u2019y avait pas assez de monde\u00a0\u00bb et que les temp\u00e9ratures \u00e9taient \u00ab\u00a0extr\u00eames\u00a0\u00bb ce jour-l\u00e0. Une cellule de crise interne a \u00e9t\u00e9 mise en place lundi.<\/p>\n","protected":false},"excerpt":{"rendered":"La r\u00e9sidente d\u2019un Ehpad de Lyon (Rh\u00f4ne) est d\u00e9c\u00e9d\u00e9e dans un tragique accident survenu lors d\u2019une sortie\u00a0jeudi dernier.&hellip;\n","protected":false},"author":2,"featured_media":218139,"comment_status":"","ping_status":"","sticky":false,"template":"","format":"standard","meta":{"footnotes":""},"categories":[1889],"tags":[119,1111,47,11,2430,12216,1777,674,118,1011,27,2428,12,25,2429,2431,12361],"class_list":{"0":"post-218138","1":"post","2":"type-post","3":"status-publish","4":"format-standard","5":"has-post-thumbnail","7":"category-lyon","8":"tag-accident","9":"tag-actu","10":"tag-actualite","11":"tag-actualites","12":"tag-auvergne-rhone-alpes","13":"tag-ehpad","14":"tag-eu","15":"tag-europe","16":"tag-faits-divers","17":"tag-fr","18":"tag-france","19":"tag-lyon","20":"tag-news","21":"tag-republique-francaise","22":"tag-rhone","23":"tag-rhone-alpes","24":"tag-senior"},"share_on_mastodon":{"url":"https:\/\/pubeurope.com\/@fr\/114777985046881141","error":""},"_links":{"self":[{"href":"https:\/\/www.europesays.com\/fr\/wp-json\/wp\/v2\/posts\/218138","targetHints":{"allow":["GET"]}}],"collection":[{"href":"https:\/\/www.europesays.com\/fr\/wp-json\/wp\/v2\/posts"}],"about":[{"href":"https:\/\/www.europesays.com\/fr\/wp-json\/wp\/v2\/types\/post"}],"author":[{"embeddable":true,"href":"https:\/\/www.europesays.com\/fr\/wp-json\/wp\/v2\/users\/2"}],"replies":[{"embeddable":true,"href":"https:\/\/www.europesays.com\/fr\/wp-json\/wp\/v2\/comments?post=218138"}],"version-history":[{"count":0,"href":"https:\/\/www.europesays.com\/fr\/wp-json\/wp\/v2\/posts\/218138\/revisions"}],"wp:featuredmedia":[{"embeddable":true,"href":"https:\/\/www.europesays.com\/fr\/wp-json\/wp\/v2\/media\/218139"}],"wp:attachment":[{"href":"https:\/\/www.europesays.com\/fr\/wp-json\/wp\/v2\/media?parent=218138"}],"wp:term":[{"taxonomy":"category","embeddable":true,"href":"https:\/\/www.europesays.com\/fr\/wp-json\/wp\/v2\/categories?post=218138"},{"taxonomy":"post_tag","embeddable":true,"href":"https:\/\/www.europesays.com\/fr\/wp-json\/wp\/v2\/tags?post=218138"}],"curies":[{"name":"wp","href":"https:\/\/api.w.org\/{rel}","templated":true}]}}