{"id":218148,"date":"2025-07-01T12:35:11","date_gmt":"2025-07-01T12:35:11","guid":{"rendered":"https:\/\/www.europesays.com\/fr\/218148\/"},"modified":"2025-07-01T12:35:11","modified_gmt":"2025-07-01T12:35:11","slug":"calvaire-en-ce-1-une-enseignante-parisienne-accusee-de-maltraitance-psychologique-envers-ses-eleves","status":"publish","type":"post","link":"https:\/\/www.europesays.com\/fr\/218148\/","title":{"rendered":"\u00ab\u00a0Calvaire\u00a0\u00bb en CE 1\u00a0: une enseignante parisienne accus\u00e9e de \u00ab\u00a0maltraitance psychologique\u00a0\u00bb envers ses \u00e9l\u00e8ves"},"content":{"rendered":"<p class=\"paragraph text_align_left lp-f-body-02\">Les t\u00e9moignages des parents d\u2019\u00e9l\u00e8ves sont sans \u00e9quivoque. Cauchemars, pleurs, vomissements, maux de ventre, \u00e9nur\u00e9sie, tensions musculaires, ecz\u00e9ma\u2026 Jusqu\u2019au malaise en classe.<\/p>\n<p class=\"paragraph text_align_left lp-f-body-02\">Tout au long de l\u2019ann\u00e9e scolaire, plusieurs \u00e9l\u00e8ves de cette classe de CE 1 de l\u2019\u00e9cole Polyvalente de la rue de Bruxelles \u00e0 Paris (IXe) ont encha\u00een\u00e9 les troubles symptomatiques d\u2019un stress ing\u00e9rable pour des enfants de 7 ans. En cause, selon les parents, le comportement de leur enseignante, contre laquelle ils sont dix \u00e0 avoir port\u00e9 plainte le 5 mai pour violences et <a href=\"https:\/\/www.leparisien.fr\/societe\/harcelement-scolaire-comment-le-reperer-et-reagir-04-04-2024-7SAR6IBRX5D5TIUIJCAYCMUHUY.php\" target=\"_self\" rel=\"nofollow noopener\">harc\u00e8lement scolaire<\/a>. Dans l\u2019urgence, six \u00e9l\u00e8ves ont m\u00eame \u00e9t\u00e9 chang\u00e9s de classe.<\/p>\n","protected":false},"excerpt":{"rendered":"Les t\u00e9moignages des parents d\u2019\u00e9l\u00e8ves sont sans \u00e9quivoque. Cauchemars, pleurs, vomissements, maux de ventre, \u00e9nur\u00e9sie, tensions musculaires, ecz\u00e9ma\u2026&hellip;\n","protected":false},"author":2,"featured_media":218149,"comment_status":"","ping_status":"","sticky":false,"template":"","format":"standard","meta":{"footnotes":""},"categories":[1888],"tags":[11,1777,674,1011,27,1944,12,626,25],"class_list":{"0":"post-218148","1":"post","2":"type-post","3":"status-publish","4":"format-standard","5":"has-post-thumbnail","7":"category-paris","8":"tag-actualites","9":"tag-eu","10":"tag-europe","11":"tag-fr","12":"tag-france","13":"tag-ma-ville","14":"tag-news","15":"tag-paris","16":"tag-republique-francaise"},"share_on_mastodon":{"url":"https:\/\/pubeurope.com\/@fr\/114778008967602692","error":""},"_links":{"self":[{"href":"https:\/\/www.europesays.com\/fr\/wp-json\/wp\/v2\/posts\/218148","targetHints":{"allow":["GET"]}}],"collection":[{"href":"https:\/\/www.europesays.com\/fr\/wp-json\/wp\/v2\/posts"}],"about":[{"href":"https:\/\/www.europesays.com\/fr\/wp-json\/wp\/v2\/types\/post"}],"author":[{"embeddable":true,"href":"https:\/\/www.europesays.com\/fr\/wp-json\/wp\/v2\/users\/2"}],"replies":[{"embeddable":true,"href":"https:\/\/www.europesays.com\/fr\/wp-json\/wp\/v2\/comments?post=218148"}],"version-history":[{"count":0,"href":"https:\/\/www.europesays.com\/fr\/wp-json\/wp\/v2\/posts\/218148\/revisions"}],"wp:featuredmedia":[{"embeddable":true,"href":"https:\/\/www.europesays.com\/fr\/wp-json\/wp\/v2\/media\/218149"}],"wp:attachment":[{"href":"https:\/\/www.europesays.com\/fr\/wp-json\/wp\/v2\/media?parent=218148"}],"wp:term":[{"taxonomy":"category","embeddable":true,"href":"https:\/\/www.europesays.com\/fr\/wp-json\/wp\/v2\/categories?post=218148"},{"taxonomy":"post_tag","embeddable":true,"href":"https:\/\/www.europesays.com\/fr\/wp-json\/wp\/v2\/tags?post=218148"}],"curies":[{"name":"wp","href":"https:\/\/api.w.org\/{rel}","templated":true}]}}